{"id":138216,"date":"2025-05-30T02:19:35","date_gmt":"2025-05-30T02:19:35","guid":{"rendered":"https:\/\/www.europesays.com\/fr\/138216\/"},"modified":"2025-05-30T02:19:35","modified_gmt":"2025-05-30T02:19:35","slug":"un-jeune-de-15-ans-saute-dun-pont-sur-la-2x2-voies-nantes-cholet-son-pronostic-vital-engage","status":"publish","type":"post","link":"https:\/\/www.europesays.com\/fr\/138216\/","title":{"rendered":"Un jeune de 15 ans saute d\u2019un pont sur la 2&#215;2 voies Nantes-Cholet, son pronostic vital engag\u00e9"},"content":{"rendered":"<p>            Par<br \/>\n        <strong><br \/>\n            <a href=\"https:\/\/actu.fr\/auteur\/journaliste-sm\" title=\"Consulter tous les articles de R\u00e9daction Clisson\" target=\"_blank\" rel=\"noopener\">R\u00e9daction Clisson<\/a><br \/>\n        <\/strong><\/p>\n<p>        Publi\u00e9 le<\/p>\n<p>            28 mai 2025 \u00e0 17h36        <\/p>\n<p>Terrible sc\u00e8ne ce mercredi 28 mai, peu apr\u00e8s 12\u2009h\u200930, sur la Nationale Nantes-Cholet \u00e0 hauteur de la commune de <a href=\"https:\/\/actu.fr\/pays-de-la-loire\/haute-goulaine_44071\" target=\"_blank\" rel=\"noopener\">Haute-Goulaine<\/a> (Loire-Atlantique).<\/p>\n<p class=\" wall-content\"><b>Un adolescent de 15\u00a0ans<\/b> a saut\u00e9 depuis le pont, pr\u00e8s du lyc\u00e9e de la Herdrie, qui la surplombe avant d\u2019atterrir sur la b\u00e2che d\u2019un poids lourd.<\/p>\n<p class=\" wall-content\"><b>Ce jeune qui vit dans le Vignoble nantais<\/b> a \u00e9t\u00e9 transport\u00e9 dans un \u00e9tat grave au CHU de Nantes. D\u2019apr\u00e8s nos informations, son pronostic vital est engag\u00e9.<\/p>\n<p>\u00ab\u2009Je suis catastroph\u00e9\u2009\u00bb<\/p>\n<p class=\" wall-content\">Le Samu mais aussi des sapeurs-pompiers, des gendarmes et des agents routiers se sont rapidement d\u00e9plac\u00e9s sur les lieux pour porter secours \u00e0 la victime et r\u00e9guler la circulation le temps de sa prise en charge.<\/p>\n<p class=\" wall-content\">\u00ab\u2009Je suis catastroph\u00e9 et sous le choc\u2009\u00bb, r\u00e9agit le maire de la commune, Fabrice Cuchot. \u00ab\u2009Toutes mes pens\u00e9es vont \u00e0 sa famille\u2009\u00bb.<\/p>\n<p class=\" wall-content\">Suivez toute l\u2019actualit\u00e9 de vos villes et m\u00e9dias favoris en vous inscrivant \u00e0 <a href=\"https:\/\/moncompte.actu.fr\" title=\"D\u00e9couvez Mon Actu\" rel=\"nofollow noopener\" data-trk=\"{&quot;cta&quot;:{&quot;action&quot;:&quot;https:\\\/\\\/moncompte.actu.fr&quot;,&quot;category&quot;:&quot;mon compte&quot;,&quot;from&quot;:&quot;article footer&quot;,&quot;name&quot;:&quot;Mon actu&quot;,&quot;type&quot;:&quot;cta&quot;}}\" target=\"_blank\">Mon Actu<\/a>.<\/p>\n","protected":false},"excerpt":{"rendered":"Par R\u00e9daction Clisson Publi\u00e9 le 28 mai 2025 \u00e0 17h36 Terrible sc\u00e8ne ce mercredi 28 mai, peu apr\u00e8s&hellip;\n","protected":false},"author":2,"featured_media":138217,"comment_status":"","ping_status":"","sticky":false,"template":"","format":"standard","meta":{"footnotes":""},"categories":[2818],"tags":[1111,11,1777,674,118,1011,27,766,12,2636,25,2900],"class_list":{"0":"post-138216","1":"post","2":"type-post","3":"status-publish","4":"format-standard","5":"has-post-thumbnail","7":"category-nantes","8":"tag-actu","9":"tag-actualites","10":"tag-eu","11":"tag-europe","12":"tag-faits-divers","13":"tag-fr","14":"tag-france","15":"tag-nantes","16":"tag-news","17":"tag-pays-de-la-loire","18":"tag-republique-francaise","19":"tag-vignoble-nantais"},"share_on_mastodon":{"url":"https:\/\/pubeurope.com\/@fr\/114594392589030671","error":""},"_links":{"self":[{"href":"https:\/\/www.europesays.com\/fr\/wp-json\/wp\/v2\/posts\/138216","targetHints":{"allow":["GET"]}}],"collection":[{"href":"https:\/\/www.europesays.com\/fr\/wp-json\/wp\/v2\/posts"}],"about":[{"href":"https:\/\/www.europesays.com\/fr\/wp-json\/wp\/v2\/types\/post"}],"author":[{"embeddable":true,"href":"https:\/\/www.europesays.com\/fr\/wp-json\/wp\/v2\/users\/2"}],"replies":[{"embeddable":true,"href":"https:\/\/www.europesays.com\/fr\/wp-json\/wp\/v2\/comments?post=138216"}],"version-history":[{"count":0,"href":"https:\/\/www.europesays.com\/fr\/wp-json\/wp\/v2\/posts\/138216\/revisions"}],"wp:featuredmedia":[{"embeddable":true,"href":"https:\/\/www.europesays.com\/fr\/wp-json\/wp\/v2\/media\/138217"}],"wp:attachment":[{"href":"https:\/\/www.europesays.com\/fr\/wp-json\/wp\/v2\/media?parent=138216"}],"wp:term":[{"taxonomy":"category","embeddable":true,"href":"https:\/\/www.europesays.com\/fr\/wp-json\/wp\/v2\/categories?post=138216"},{"taxonomy":"post_tag","embeddable":true,"href":"https:\/\/www.europesays.com\/fr\/wp-json\/wp\/v2\/tags?post=138216"}],"curies":[{"name":"wp","href":"https:\/\/api.w.org\/{rel}","templated":true}]}}