{"id":138224,"date":"2025-05-30T02:23:13","date_gmt":"2025-05-30T02:23:13","guid":{"rendered":"https:\/\/www.europesays.com\/fr\/138224\/"},"modified":"2025-05-30T02:23:13","modified_gmt":"2025-05-30T02:23:13","slug":"la-compagnie-nationale-de-cette-ile-du-bout-du-monde-commande-de-nouveaux-avions-a-airbus","status":"publish","type":"post","link":"https:\/\/www.europesays.com\/fr\/138224\/","title":{"rendered":"La compagnie nationale de cette \u00eele du bout du monde commande de nouveaux avions \u00e0 Airbus"},"content":{"rendered":"<p>            Par<br \/>\n        <strong><br \/>\n            <a href=\"https:\/\/actu.fr\/auteur\/mareva-laville-actu-fr\" title=\"Consulter tous les articles de Mar\u00e9va Laville\" rel=\"nofollow noopener\" target=\"_blank\">Mar\u00e9va Laville<\/a><br \/>\n        <\/strong><\/p>\n<p>        Publi\u00e9 le<\/p>\n<p>            29 mai 2025 \u00e0 9h13        <\/p>\n<p>Le bout du monde semble sourire \u00e0 <a href=\"https:\/\/actu.fr\/economie\/airbus\" rel=\"nofollow noopener\" target=\"_blank\">Airbus<\/a>. L\u2019avionneur qui poss\u00e8de son si\u00e8ge mondial \u00e0 <a href=\"http:\/\/www.actu.fr\/toulouse\" rel=\"nofollow noopener\" target=\"_blank\">Toulouse<\/a> vient d\u2019engranger une <strong>nouvelle commande<\/strong>, deux jours seulement apr\u00e8s <a href=\"https:\/\/actu.fr\/occitanie\/toulouse_31555\/sous-les-yeux-d-emmanuel-macron-cette-compagnie-passe-une-grosse-commande-a-airbus_62687029.html\" rel=\"nofollow noopener\" target=\"_blank\">celle de la compagnie vietnamienne<\/a>. Si le nombre d\u2019avions n\u2019est pas aussi cons\u00e9quent que pour la compagnie du Vietnam, le nouveau bon de commande n\u2019en reste pas moins important. Surtout au vu de sa provenance.<\/p>\n<p>Une nouvelle commande pour la Papouasie-Nouvelle-Guin\u00e9e<\/p>\n<p class=\" wall-content\">C\u2019est depuis la Papouasie-Nouvelle-Guin\u00e9e, \u00eele d\u2019Oc\u00e9anie, qu\u2019Airbus a re\u00e7u la demande de son client,<strong> Air Niguini.<\/strong> La <strong>compagnie nationale de Papouasie-Nouvelle-Guin\u00e9e<\/strong> \u00e9tait d\u00e9j\u00e0 cliente d\u2019Airbus.<\/p>\n<p class=\" wall-content\">En 2023, elle avait command\u00e9 six avions. Cette fois, elle signe pour <strong>deux petits monocouloirs A220-100<\/strong>, alors m\u00eame que son tout premier A220 entrait dans la phase d\u2019assemblage final sur le site canadien d\u2019Airbus.<\/p>\n<p>    <img   decoding=\"async\" loading=\"lazy\" src=\"https:\/\/www.europesays.com\/fr\/wp-content\/uploads\/2025\/05\/a220-canada-960x640.jpg\" alt=\"Premier A220 d'Air Niugini sur la cha\u00eene d'assemblage final \u00e0 Mirabel, Canada\" width=\"960\" height=\"640\"\/><br \/>\n    Le tout premier A220 d\u2019Airbus confectionn\u00e9 pour Air Niugini se trouve sur la cha\u00eene d\u2019assemblage finale \u00e0 Mirabel au Canada (\u00a9DR \/ Airbus)L\u2019A220 pour accompagner la croissance de l\u2019\u00eele et sa compagnie<\/p>\n<p class=\" wall-content\">\u00ab\u2009Face \u00e0 une <strong>forte croissance attendue<\/strong>, nous avons d\u00e9cid\u00e9 d\u2019augmenter nos commandes pour ce <strong>mod\u00e8le \u00e9conome en carburant<\/strong>, apportant ainsi un niveau d\u2019efficacit\u00e9 et de confort in\u00e9gal\u00e9 \u00e0 nos op\u00e9rations\u2009\u00bb, a d\u00e9clar\u00e9 le <strong>PDG de la compagnie papouane-n\u00e9o-guin\u00e9enne, Gary Seddon.<\/strong><\/p>\n<blockquote class=\"ac-article-quote wall-content\">\n<p>\u00ab\u00a0L&rsquo;A220 deviendra l&rsquo;\u00e9pine dorsale de notre flotte nationale et r\u00e9gionale et soutiendra le d\u00e9veloppement \u00e9conomique de la Papouasie-Nouvelle-Guin\u00e9e.\u00a0\u00bb<\/p>\n<p>    <strong>Gary Seddon<\/strong><br \/>\n        PDG d&rsquo;Air Niguini    <\/p><\/blockquote>\n<p>Vid\u00e9os : en ce moment sur ActuUn mod\u00e8le tr\u00e8s performant sign\u00e9 Airbus<\/p>\n<p class=\" wall-content\">De quoi regonfler le <a href=\"https:\/\/actu.fr\/occitanie\/toulouse_31555\/airbus-cet-avion-qui-laisse-planer-une-ombre-au-tableau-de-l-avionneur_62102322.html\" rel=\"nofollow noopener\" target=\"_blank\">carnet de commandes de l\u2019A220, en recul l\u2019an pass\u00e9,<\/a> et conforter Airbus dans le rachat de cet a\u00e9ronef au canadien Bombardier. \u00ab\u2009Il s\u2019agit de la deuxi\u00e8me commande d\u2019A220 d\u2019Air Niugini. Nous nous engageons \u00e0 collaborer \u00e9troitement avec la compagnie a\u00e9rienne pour soutenir son programme de renouvellement de flotte\u2009\u00bb, assure fi\u00e8rement <strong>Beno\u00eet de Saint-Exup\u00e9ry, vice-pr\u00e9sident ex\u00e9cutif des ventes de la division Avions commerciaux d\u2019Airbus.<\/strong><\/p>\n<blockquote class=\"ac-article-quote wall-content\">\n<p>\u00ab\u00a0L&rsquo;A220 est tout simplement l&rsquo;avion le plus performant de sa cat\u00e9gorie, avec une cabine plus large et spacieuse et une autonomie suffisante pour desservir sans escale n&rsquo;importe quelle destination du r\u00e9seau de la compagnie.\u00a0\u00bb<\/p>\n<p>    <strong>Benoit de Saint-Exup\u00e9ry<\/strong><br \/>\n        vice-pr\u00e9sident ex\u00e9cutif des ventes des Avions commerciaux d&rsquo;Airbus    <\/p><\/blockquote>\n<p>Un avion alliant tous les avantages<\/p>\n<p class=\" wall-content\">Le petit dernier des avions de la galaxie Airbus est, d\u2019apr\u00e8s le g\u00e9ant de l\u2019a\u00e9ronautique, \u00ab<strong>\u2009l\u2019avion de ligne le plus moderne de sa cat\u00e9gorie<\/strong>\u2009\u00bb. Capable de transporter<strong> entre 100 et 160 passagers<\/strong> sur des vols allant jusqu\u2019\u00e0 6\u2009700\u00a0km, dans des engins alliant une grande autonomie \u00e0 une faible consommation de carburant (-25\u2009% par rapport aux appareils de la g\u00e9n\u00e9ration pr\u00e9c\u00e9dente).<\/p>\n<p class=\" wall-content\">L\u2019A220 est \u00e9quip\u00e9 des moteurs GTF\u2122 de derni\u00e8re g\u00e9n\u00e9ration de Pratt &amp; Whitney. Et comme tous les appareils Airbus, l\u2019a\u00e9ronef peut d\u00e9j\u00e0 voler en utilisant jusqu\u2019\u00e0 50\u2009% de <a href=\"https:\/\/actu.fr\/occitanie\/toulouse_31555\/toulouse-airbus-fait-voler-un-avion-grace-a-un-carburant-compose-d-huiles-de-cuisson-usagees_46077933.html\" rel=\"nofollow noopener\" target=\"_blank\">carburant d\u2019aviation durable (SAF)<\/a>, et jusqu\u2019\u00e0 100\u2009% d\u2019ici 2030.<\/p>\n<p class=\" wall-content\">Fin avril\u00a02025, ce mod\u00e8le comptabilisait d\u00e9j\u00e0 900 commandes pour plus de 30 clients \u00e0 l\u2019international. 410 avions ont \u00e9t\u00e9, \u00e0 ce stade, livr\u00e9s. La flotte dessert actuellement plus de 1\u2009600 lignes et plus de 470 destinations dans le monde entier.<\/p>\n<p class=\" wall-content\">Suivez toute l\u2019actualit\u00e9 de vos villes et m\u00e9dias favoris en vous inscrivant \u00e0 <a href=\"https:\/\/moncompte.actu.fr\" title=\"D\u00e9couvez Mon Actu\" rel=\"nofollow noopener\" data-trk=\"{&quot;cta&quot;:{&quot;action&quot;:&quot;https:\\\/\\\/moncompte.actu.fr&quot;,&quot;category&quot;:&quot;mon compte&quot;,&quot;from&quot;:&quot;article footer&quot;,&quot;name&quot;:&quot;Mon actu&quot;,&quot;type&quot;:&quot;cta&quot;}}\" target=\"_blank\">Mon Actu<\/a>.<\/p>\n","protected":false},"excerpt":{"rendered":"Par Mar\u00e9va Laville Publi\u00e9 le 29 mai 2025 \u00e0 9h13 Le bout du monde semble sourire \u00e0 Airbus.&hellip;\n","protected":false},"author":2,"featured_media":138225,"comment_status":"","ping_status":"","sticky":false,"template":"","format":"standard","meta":{"footnotes":""},"categories":[2816],"tags":[1111,11,36,33,1777,674,1011,27,12,2680,25,2312],"class_list":{"0":"post-138224","1":"post","2":"type-post","3":"status-publish","4":"format-standard","5":"has-post-thumbnail","7":"category-toulouse","8":"tag-actu","9":"tag-actualites","10":"tag-airbus","11":"tag-economie","12":"tag-eu","13":"tag-europe","14":"tag-fr","15":"tag-france","16":"tag-news","17":"tag-occitanie","18":"tag-republique-francaise","19":"tag-toulouse"},"share_on_mastodon":{"url":"https:\/\/pubeurope.com\/@fr\/114594408251160552","error":""},"_links":{"self":[{"href":"https:\/\/www.europesays.com\/fr\/wp-json\/wp\/v2\/posts\/138224","targetHints":{"allow":["GET"]}}],"collection":[{"href":"https:\/\/www.europesays.com\/fr\/wp-json\/wp\/v2\/posts"}],"about":[{"href":"https:\/\/www.europesays.com\/fr\/wp-json\/wp\/v2\/types\/post"}],"author":[{"embeddable":true,"href":"https:\/\/www.europesays.com\/fr\/wp-json\/wp\/v2\/users\/2"}],"replies":[{"embeddable":true,"href":"https:\/\/www.europesays.com\/fr\/wp-json\/wp\/v2\/comments?post=138224"}],"version-history":[{"count":0,"href":"https:\/\/www.europesays.com\/fr\/wp-json\/wp\/v2\/posts\/138224\/revisions"}],"wp:featuredmedia":[{"embeddable":true,"href":"https:\/\/www.europesays.com\/fr\/wp-json\/wp\/v2\/media\/138225"}],"wp:attachment":[{"href":"https:\/\/www.europesays.com\/fr\/wp-json\/wp\/v2\/media?parent=138224"}],"wp:term":[{"taxonomy":"category","embeddable":true,"href":"https:\/\/www.europesays.com\/fr\/wp-json\/wp\/v2\/categories?post=138224"},{"taxonomy":"post_tag","embeddable":true,"href":"https:\/\/www.europesays.com\/fr\/wp-json\/wp\/v2\/tags?post=138224"}],"curies":[{"name":"wp","href":"https:\/\/api.w.org\/{rel}","templated":true}]}}