{"id":138230,"date":"2025-05-30T02:27:15","date_gmt":"2025-05-30T02:27:15","guid":{"rendered":"https:\/\/www.europesays.com\/fr\/138230\/"},"modified":"2025-05-30T02:27:15","modified_gmt":"2025-05-30T02:27:15","slug":"cet-ete-un-train-de-nuit-luxe-et-retro-va-relier-marseille-a-rome-via-monaco-chaque-week-end","status":"publish","type":"post","link":"https:\/\/www.europesays.com\/fr\/138230\/","title":{"rendered":"Cet \u00e9t\u00e9, un train de nuit luxe et r\u00e9tro va relier Marseille \u00e0 Rome via Monaco chaque week-end"},"content":{"rendered":"<p>Il n\u2019avait pas pu entrer \u00e0 Monaco l\u2019an pass\u00e9 en raison de probl\u00e8mes techniques, utilisant en l\u2019occurrence des locomotives thermiques, incompatibles avec le stationnement en gare. Cette ann\u00e9e, l\u2019op\u00e9rateur est pass\u00e9 \u00e0 l\u2019\u00e9lectrique.<\/p>\n<p><strong>Le train Espresso Riviera<\/strong>, qui officiait la saison estivale pass\u00e9e sur<strong> l\u2019axe Milan-Nice et qui circulera cet \u00e9t\u00e9 sur le trajet Marseille-Rome<\/strong> <strong>pourra faire halte en gare de Monaco Monte-Carlo.<\/strong><\/p>\n<p>                                Environ 70 euros depuis la Principaut\u00e9 <\/p>\n<p>La filiale de Trenitalia \u00ab\u00a0FS Treni Turistici\u00a0\u00bb a d\u2019ores et d\u00e9j\u00e0 ouvert les r\u00e9servations pour ce voyage ferroviaire au bord de la M\u00e9diterran\u00e9e qui promet d\u2019en mettre plein les yeux. <strong>L\u2019Espresso Riviera prendra son service le vendredi 4 juillet<\/strong> <strong>et le terminera le samedi 30 ao\u00fbt.<\/strong> <strong>Il desservira 14 villes<\/strong>, de Marseille \u00e0 Nice, en passant bien \u00e9videmment par Monaco, ou encore Menton, Vintimille, Imperia, G\u00e8nes et enfin Rome.<\/p>\n<p><strong>Les d\u00e9parts depuis la Principaut\u00e9 se feront tous les samedis<\/strong> \u00e0 18h36 tandis que les retours sont programm\u00e9s tous les vendredis, d\u00e9part de Rome \u00e0 19h57. Il est \u00e9galement possible de descendre \u00e0 G\u00e8nes, arriv\u00e9e le samedi \u00e0 22h38 et retour le vendredi \u00e0 6h39 le vendredi.<\/p>\n<p>Vous l\u2019aurez compris, c\u2019est un voyage qui s\u2019adresse \u00e0 ceux qui veulent passer au moins une petite semaine en terre italienne. A bord, les services propos\u00e9s sont voulus haut de gamme: un wagon-restaurant soign\u00e9, des cabines pens\u00e9es pour \u00eatre le plus confortables possibles, des prestations de nuit pour veiller aux besoins des passagers. Car forc\u00e9ment, avec de tels horaires, ce train est un train couchette entre G\u00eanes et Rome. Entre G\u00eanes et Marseille, il passe en configuration diurne.<\/p>\n<p>Pour un trajet Monaco-Rome, comptez environ 70 euros pour la classe la plus abordable. La chambre de commerce italienne \u00e0 Nice avait consid\u00e9r\u00e9 que la premi\u00e8re exp\u00e9rience de l\u2019Espresso Riviera sur l\u2019axe Nice-Milan l\u2019\u00e9t\u00e9 pass\u00e9 \u00e9tait un franc succ\u00e8s.<\/p>\n<p><strong>Savoir+<\/strong><br \/>&#13;<br \/>\nR\u00e9servations: <a href=\"https:\/\/www.fstrenituristici.it\/\" target=\"_blank\" rel=\"noopener nofollow\">https:\/\/www.fstrenituristici.it\/<\/a><\/p>\n","protected":false},"excerpt":{"rendered":"Il n\u2019avait pas pu entrer \u00e0 Monaco l\u2019an pass\u00e9 en raison de probl\u00e8mes techniques, utilisant en l\u2019occurrence des&hellip;\n","protected":false},"author":2,"featured_media":138231,"comment_status":"","ping_status":"","sticky":false,"template":"","format":"standard","meta":{"footnotes":""},"categories":[2814],"tags":[1111,11,1777,674,1011,27,1393,884,12,882,25,602,800,3366],"class_list":{"0":"post-138230","1":"post","2":"type-post","3":"status-publish","4":"format-standard","5":"has-post-thumbnail","7":"category-marseille","8":"tag-actu","9":"tag-actualites","10":"tag-eu","11":"tag-europe","12":"tag-fr","13":"tag-france","14":"tag-loisirs","15":"tag-marseille","16":"tag-news","17":"tag-provence-alpes-cote-dazur","18":"tag-republique-francaise","19":"tag-tourisme","20":"tag-transports","21":"tag-vie-locale"},"share_on_mastodon":{"url":"https:\/\/pubeurope.com\/@fr\/114594423978430328","error":""},"_links":{"self":[{"href":"https:\/\/www.europesays.com\/fr\/wp-json\/wp\/v2\/posts\/138230","targetHints":{"allow":["GET"]}}],"collection":[{"href":"https:\/\/www.europesays.com\/fr\/wp-json\/wp\/v2\/posts"}],"about":[{"href":"https:\/\/www.europesays.com\/fr\/wp-json\/wp\/v2\/types\/post"}],"author":[{"embeddable":true,"href":"https:\/\/www.europesays.com\/fr\/wp-json\/wp\/v2\/users\/2"}],"replies":[{"embeddable":true,"href":"https:\/\/www.europesays.com\/fr\/wp-json\/wp\/v2\/comments?post=138230"}],"version-history":[{"count":0,"href":"https:\/\/www.europesays.com\/fr\/wp-json\/wp\/v2\/posts\/138230\/revisions"}],"wp:featuredmedia":[{"embeddable":true,"href":"https:\/\/www.europesays.com\/fr\/wp-json\/wp\/v2\/media\/138231"}],"wp:attachment":[{"href":"https:\/\/www.europesays.com\/fr\/wp-json\/wp\/v2\/media?parent=138230"}],"wp:term":[{"taxonomy":"category","embeddable":true,"href":"https:\/\/www.europesays.com\/fr\/wp-json\/wp\/v2\/categories?post=138230"},{"taxonomy":"post_tag","embeddable":true,"href":"https:\/\/www.europesays.com\/fr\/wp-json\/wp\/v2\/tags?post=138230"}],"curies":[{"name":"wp","href":"https:\/\/api.w.org\/{rel}","templated":true}]}}