{"id":138241,"date":"2025-05-30T02:34:17","date_gmt":"2025-05-30T02:34:17","guid":{"rendered":"https:\/\/www.europesays.com\/fr\/138241\/"},"modified":"2025-05-30T02:34:17","modified_gmt":"2025-05-30T02:34:17","slug":"de-18-a-20-clubs-paris-present-dubai-integre-changement-de-formule-pour-leuroligue","status":"publish","type":"post","link":"https:\/\/www.europesays.com\/fr\/138241\/","title":{"rendered":"de 18 \u00e0 20 clubs, Paris pr\u00e9sent, Duba\u00ef int\u00e9gr\u00e9&#8230; Changement de formule pour l\u2019Euroligue"},"content":{"rendered":"<p>Ce jeudi, l\u2019Euroligue a officialis\u00e9 son passage \u00e0 20 clubs ainsi que l\u2019apparition d\u2019une \u00e9quipe bas\u00e9e \u00e0 Duba\u00ef.<\/p>\n<p class=\"fig-paragraph\">L&rsquo;<a href=\"http:\/\/www.lefigaro.fr\/sports\/basket\/euroligue-on-a-largement-depasse-les-attentes-reagit-l-entraineur-de-l-as-monaco-apres-la-defaite-en-finale-20250526\" data-fig-type=\"NewsFlash\" data-gtm-custom-categorie=\"navigation\" data-gtm-custom-action=\"crossclick\" data-gtm-custom-label=\"Contextuel\" data-gtm-event=\"customEventSPE\" data-fig-domain=\"LEFIGARO\" target=\"_blank\" rel=\"noopener\">Euroligue<\/a>\u00a0a officialis\u00e9 jeudi son passage de 18 \u00e0 20 clubs d\u00e8s la saison prochaine avec, selon une source proche du dossier, la participation de nouveau du\u00a0<a href=\"http:\/\/www.lefigaro.fr\/sports\/basket\/nba\/nba-apres-le-paris-basketball-tj-shorts-en-route-pour-memphis-20250514\" data-fig-type=\"NewsFlash\" data-gtm-custom-categorie=\"navigation\" data-gtm-custom-action=\"crossclick\" data-gtm-custom-label=\"Contextuel\" data-gtm-event=\"customEventSPE\" data-fig-domain=\"LEFIGARO\" target=\"_blank\" rel=\"noopener\">Paris Basketball<\/a>, invit\u00e9 en 2024-2025, et celle d&rsquo;une formation bas\u00e9e \u00e0 Duba\u00ef, une premi\u00e8re. Cette expansion a \u00e9t\u00e9 approuv\u00e9e par le comit\u00e9 directeur de l&rsquo;Euroligue et doit encore \u00eatre ratifi\u00e9e, pour la forme, par son assembl\u00e9e g\u00e9n\u00e9rale d&rsquo;ici d\u00e9but juillet, a-t-on appris de m\u00eame source.<\/p>\n<p class=\"fig-paragraph\">Le Duba\u00ef BC, engag\u00e9 en Ligue Adriatique cette saison, sera le premier club situ\u00e9 hors de la zone g\u00e9ographique traditionnelle du basket-ball europ\u00e9en \u00e0 rejoindre une de ses comp\u00e9titions. Paris \u00e9tait de son c\u00f4t\u00e9 invit\u00e9 cette saison, gr\u00e2ce \u00e0 sa victoire en Eurocoupe en 2024, mais sans garantie d&rsquo;y rester la saison prochaine.<\/p>\n<p class=\"fig-paragraph\">Hormis Duba\u00ef, Valence (participant en 2023-2024) et l&rsquo;Hapo\u00ebl Tel-Aviv, qualifi\u00e9 gr\u00e2ce \u00e0 sa victoire en Eurocoupe en 2025, seront les autres entrants par rapport \u00e0 l&rsquo;exercice achev\u00e9 dimanche par le Final Four disput\u00e9 \u00e0 Abou Dhabi, une premi\u00e8re d\u00e9j\u00e0.<\/p>\n<p class=\"fig-paragraph\">Cette annonce intervient alors que l&rsquo;Euroligue est menac\u00e9e par le projet de la NBA de cr\u00e9er une ligue professionnelle en Europe en partenariat avec la Fiba (F\u00e9d\u00e9ration internationale), que les grands clubs europ\u00e9ens ont quitt\u00e9 en 2000 pour cr\u00e9er l&rsquo;Euroligue.<\/p>\n","protected":false},"excerpt":{"rendered":"Ce jeudi, l\u2019Euroligue a officialis\u00e9 son passage \u00e0 20 clubs ainsi que l\u2019apparition d\u2019une \u00e9quipe bas\u00e9e \u00e0 Duba\u00ef.&hellip;\n","protected":false},"author":2,"featured_media":138242,"comment_status":"","ping_status":"","sticky":false,"template":"","format":"standard","meta":{"footnotes":""},"categories":[1888],"tags":[1111,1928,11,1927,2190,1465,1464,2180,2192,814,64,1777,450,2183,674,1011,27,2191,2193,820,2181,2182,12,1926,626,2179,1925,2189,2186,2184,2185,25,1980,2188,2187],"class_list":{"0":"post-138241","1":"post","2":"type-post","3":"status-publish","4":"format-standard","5":"has-post-thumbnail","7":"category-paris","8":"tag-actu","9":"tag-actu-paris","10":"tag-actualites","11":"tag-actualites-paris","12":"tag-asvel","13":"tag-basket","14":"tag-basketball","15":"tag-championnats-deurope","16":"tag-cholet","17":"tag-direct","18":"tag-equipe-de-france","19":"tag-eu","20":"tag-euro","21":"tag-euroligue","22":"tag-europe","23":"tag-fr","24":"tag-france","25":"tag-le-mans","26":"tag-limoges","27":"tag-live","28":"tag-mondial","29":"tag-nba","30":"tag-news","31":"tag-news-paris","32":"tag-paris","33":"tag-paris-basketball","34":"tag-paris-news","35":"tag-photos","36":"tag-play-offs","37":"tag-pro-a","38":"tag-pro-b","39":"tag-republique-francaise","40":"tag-resultats","41":"tag-statistiques","42":"tag-stats"},"share_on_mastodon":{"url":"https:\/\/pubeurope.com\/@fr\/114594451479503669","error":""},"_links":{"self":[{"href":"https:\/\/www.europesays.com\/fr\/wp-json\/wp\/v2\/posts\/138241","targetHints":{"allow":["GET"]}}],"collection":[{"href":"https:\/\/www.europesays.com\/fr\/wp-json\/wp\/v2\/posts"}],"about":[{"href":"https:\/\/www.europesays.com\/fr\/wp-json\/wp\/v2\/types\/post"}],"author":[{"embeddable":true,"href":"https:\/\/www.europesays.com\/fr\/wp-json\/wp\/v2\/users\/2"}],"replies":[{"embeddable":true,"href":"https:\/\/www.europesays.com\/fr\/wp-json\/wp\/v2\/comments?post=138241"}],"version-history":[{"count":0,"href":"https:\/\/www.europesays.com\/fr\/wp-json\/wp\/v2\/posts\/138241\/revisions"}],"wp:featuredmedia":[{"embeddable":true,"href":"https:\/\/www.europesays.com\/fr\/wp-json\/wp\/v2\/media\/138242"}],"wp:attachment":[{"href":"https:\/\/www.europesays.com\/fr\/wp-json\/wp\/v2\/media?parent=138241"}],"wp:term":[{"taxonomy":"category","embeddable":true,"href":"https:\/\/www.europesays.com\/fr\/wp-json\/wp\/v2\/categories?post=138241"},{"taxonomy":"post_tag","embeddable":true,"href":"https:\/\/www.europesays.com\/fr\/wp-json\/wp\/v2\/tags?post=138241"}],"curies":[{"name":"wp","href":"https:\/\/api.w.org\/{rel}","templated":true}]}}