{"id":138248,"date":"2025-05-30T02:38:23","date_gmt":"2025-05-30T02:38:23","guid":{"rendered":"https:\/\/www.europesays.com\/fr\/138248\/"},"modified":"2025-05-30T02:38:23","modified_gmt":"2025-05-30T02:38:23","slug":"direct-ukraine-erdogan-appelle-a-ne-pas-fermer-la-porte-au-dialogue","status":"publish","type":"post","link":"https:\/\/www.europesays.com\/fr\/138248\/","title":{"rendered":"DIRECT Ukraine: Erdogan appelle \u00e0 ne pas \u00abfermer la porte\u00bb au dialogue"},"content":{"rendered":"<p>LiveGuerre en Ukraine \u2013 <\/p>\n<p>L\u2019Ukraine se dit \u00abpr\u00eate\u00bb \u00e0 n\u00e9gocier avec la Russie lundi mais veut une \u00abdiscussion constructive\u00bbL\u2019espoir de n\u00e9gociations entre Russie et Ukraine \u00ab\u00e0 peine\u00bb vivant, s\u2019inqui\u00e8te l\u2019ONUErdogan appelle \u00e0 ne pas \u00abfermer la porte\u00bb au dialogue<\/p>\n<p class=\"ContentHead_lead____SsS link_regular__O0hk0 link_externalicon-big__ZdPgo link_externalicon__qcwXs\">Le chef de l\u2019administration pr\u00e9sidentielle ukrainienne, Andri\u00ef Iermak, a d\u00e9clar\u00e9 jeudi que son pays \u00e9tait pr\u00eat \u00e0 participer aux pourparlers propos\u00e9s par Moscou la semaine prochaine, mais pos\u00e9 des conditions pour que cette discussion soit \u00abconstructive\u00bb.<\/p>\n<p>Publi\u00e9: 17.02.2025, 12h54Mis \u00e0 jour il y a 6 heuresNos derniers articles sur la guerre en Ukraine:<\/p>\n<p>Hier, 22h13<\/p>\n<p class=\"ArticleParagraph_root__lhFZo ArticleContainer_content-width__FRl7F link_focus__0ZMwx link_externalicon-big__ZdPgo link_externalicon__qcwXs ArticleParagraph_-ticker__Dbjmy ArticleElement_article-element__q93eL\">Le chef de l\u2019administration pr\u00e9sidentielle ukrainienne, Andri\u00ef Iermak, a d\u00e9clar\u00e9 jeudi que son pays \u00e9tait pr\u00eat \u00e0 participer aux pourparlers propos\u00e9s par Moscou la semaine prochaine, mais pos\u00e9 des conditions pour que cette discussion soit \u00abconstructive\u00bb.<\/p>\n<p class=\"ArticleParagraph_root__lhFZo ArticleContainer_content-width__FRl7F link_focus__0ZMwx link_externalicon-big__ZdPgo link_externalicon__qcwXs ArticleParagraph_-ticker__Dbjmy ArticleElement_article-element__q93eL\">\u00abL\u2019Ukraine est pr\u00eate \u00e0 participer \u00e0 la prochaine r\u00e9union, mais nous souhaitons engager une discussion constructive\u00bb, a-t-il dit, dans un communiqu\u00e9 de la pr\u00e9sidence ukrainienne, jugeant \u00abimportant\u00bb que la Russie transmette \u00e0 l\u2019Ukraine avant cette r\u00e9union pr\u00e9vue lundi le \u00abm\u00e9morandum\u00bb qu\u2019elle pr\u00e9pare, et qui est cens\u00e9 exposer ses conditions afin de parvenir \u00e0 un accord de paix durable.<\/p>\n<p>Hier, 22h07<\/p>\n<p class=\"ArticleParagraph_root__lhFZo ArticleContainer_content-width__FRl7F link_focus__0ZMwx link_externalicon-big__ZdPgo link_externalicon__qcwXs ArticleParagraph_-ticker__Dbjmy ArticleElement_article-element__q93eL\">L\u2019espoir de n\u00e9gociations de paix en Moscou et Kiev est \u00ab\u00e0 peine\u00bb vivant, s\u2019est inqui\u00e9t\u00e9 jeudi une haute responsable de l\u2019ONU, d\u00e9non\u00e7ant la r\u00e9cente \u00abpouss\u00e9e brutale\u00bb d\u2019attaques russes \u00e0 grande \u00e9chelle contre l\u2019Ukraine.<\/p>\n<p class=\"ArticleParagraph_root__lhFZo ArticleContainer_content-width__FRl7F link_focus__0ZMwx link_externalicon-big__ZdPgo link_externalicon__qcwXs ArticleParagraph_-ticker__Dbjmy ArticleElement_article-element__q93eL\">Apr\u00e8s \u00abun espoir prudent de progr\u00e8s diplomatiques\u00bb, \u00abau lieu d\u2019avanc\u00e9es vers la paix, nous avons vu une pouss\u00e9e brutale d\u2019attaques russes \u00e0 grande \u00e9chelle \u00e0 travers le pays\u00bb, a d\u00e9clar\u00e9 devant le Conseil de s\u00e9curit\u00e9 la sous-secr\u00e9taire g\u00e9n\u00e9rale de l\u2019ONU pour les Affaires politiques, Rosemary DiCarlo. Elle a notamment fait r\u00e9f\u00e9rence \u00e0 l\u2019attaque subie par l\u2019Ukraine dans la nuit de dimanche \u00e0 lundi, ayant impliqu\u00e9 un nombre record de 355 drones, apr\u00e8s un week-end de frappes massives.<\/p>\n<p>Hier, 12h06<\/p>\n<p class=\"ArticleParagraph_root__lhFZo ArticleContainer_content-width__FRl7F link_focus__0ZMwx link_externalicon-big__ZdPgo link_externalicon__qcwXs ArticleParagraph_-ticker__Dbjmy ArticleElement_article-element__q93eL\">Le pr\u00e9sident turc Recep Tayyip Erdogan a appel\u00e9 Russie et Ukraine \u00e0 ne pas \u00abfermer la porte\u00bb au dialogue, disant esp\u00e9rer la reprise lundi de pourparlers \u00e0 Istanbul entre Moscou et Kiev, selon des propos rapport\u00e9s jeudi.<\/p>\n<p><img decoding=\"async\" src=\"https:\/\/www.europesays.com\/fr\/wp-content\/uploads\/2025\/05\/AlOquPWTqzX861zzUuq8vv.jpg\" alt=\"Le pr\u00e9sident turc Recep Tayyip Erdogan arrive pour le sommet de la Communaut\u00e9 politique europ\u00e9enne \u00e0 Tirana, le 16 mai 2025.\" title=\"Le pr\u00e9sident turc Recep Tayyip Erdogan arrive pour le sommet de la Communaut\u00e9 politique europ\u00e9enne \u00e0 Tirana, le 16 mai 2025.\" class=\"ResponsiveImage_root__ZDz10 responsive-image\" loading=\"eager\" style=\"background-color:#677A76\"\/><\/p>\n<p>AFP<\/p>\n<p class=\"ArticleParagraph_root__lhFZo ArticleContainer_content-width__FRl7F link_focus__0ZMwx link_externalicon-big__ZdPgo link_externalicon__qcwXs ArticleParagraph_-ticker__Dbjmy ArticleElement_article-element__q93eL\">\u00abNous sommes en contact avec la Russie et l\u2019Ukraine (\u2026). Nous leur disons qu\u2019il ne faut pas fermer la porte tant qu\u2019elle est ouverte\u00bb, a d\u00e9clar\u00e9 le chef de l\u2019Etat turc \u00e0 des journalistes voyageant avec lui \u00e0 son retour d\u2019une visite mercredi en Azerba\u00efdjan, selon la pr\u00e9sidence turque.<\/p>\n<p>Hier, 11h53<\/p>\n<p class=\"ArticleParagraph_root__lhFZo ArticleContainer_content-width__FRl7F link_focus__0ZMwx link_externalicon-big__ZdPgo link_externalicon__qcwXs ArticleParagraph_-ticker__Dbjmy ArticleElement_article-element__q93eL\">L\u2019arm\u00e9e russe a revendiqu\u00e9 jeudi la prise de trois villages dans l\u2019est de l\u2019Ukraine, alors que Moscou a propos\u00e9 la tenue la semaine prochaine de nouveaux pourparlers avec Kiev \u00e0 Istanbul.<\/p>\n<p class=\"ArticleParagraph_root__lhFZo ArticleContainer_content-width__FRl7F link_focus__0ZMwx link_externalicon-big__ZdPgo link_externalicon__qcwXs ArticleParagraph_-ticker__Dbjmy ArticleElement_article-element__q93eL\">Dans un communiqu\u00e9 post\u00e9 sur les r\u00e9seaux sociaux, l\u2019arm\u00e9e russe dit s\u2019\u00eatre empar\u00e9e de Stroyevka, dans la r\u00e9gion de Kharkiv, ainsi que de Gnativka et de Chevtchenko Pervoe, deux villages situ\u00e9s dans la r\u00e9gion de Donetsk.<\/p>\n<p>Hier, 11h40<\/p>\n<p class=\"ArticleParagraph_root__lhFZo ArticleContainer_content-width__FRl7F link_focus__0ZMwx link_externalicon-big__ZdPgo link_externalicon__qcwXs ArticleParagraph_-ticker__Dbjmy ArticleElement_article-element__q93eL\">La pr\u00e9sidence russe a dit jeudi \u00abattendre\u00bb la r\u00e9ponse de Kiev quant \u00e0 la proposition de Moscou d\u2019organiser un deuxi\u00e8me round de pourparlers directs entre Russes et Ukrainiens \u00e0 Istanbul lundi.<\/p>\n<p class=\"ArticleParagraph_root__lhFZo ArticleContainer_content-width__FRl7F link_focus__0ZMwx link_externalicon-big__ZdPgo link_externalicon__qcwXs ArticleParagraph_-ticker__Dbjmy ArticleElement_article-element__q93eL\">\u00abPour autant que je sache, aucune r\u00e9ponse n\u2019a encore \u00e9t\u00e9 re\u00e7ue (\u2026). Nous devons attendre la r\u00e9ponse de la partie ukrainienne\u00bb, a indiqu\u00e9 Dmitri Peskov, le porte-parole du Kremlin, lors de son briefing quotidien, tout en critiquant l\u2019\u00bbexigence\u00bb de Kiev de conna\u00eetre les conditions de Moscou pour la paix avant que ne d\u00e9bute cette r\u00e9union dans la m\u00e9tropole turque.<\/p>\n<p>Hier, 01h54<\/p>\n<p class=\"ArticleParagraph_root__lhFZo ArticleContainer_content-width__FRl7F link_focus__0ZMwx link_externalicon-big__ZdPgo link_externalicon__qcwXs ArticleParagraph_-ticker__Dbjmy ArticleElement_article-element__q93eL\">Le secr\u00e9taire d\u2019\u00c9tat am\u00e9ricain Marco Rubio a appel\u00e9 mercredi Moscou \u00e0 s\u2019engager dans des n\u00e9gociations \u00abde bonne foi\u00bb avec l\u2019Ukraine, lors d\u2019un appel avec son homologue russe Sergue\u00ef Lavrov, selon la porte-parole du d\u00e9partement d\u2019\u00c9tat.<\/p>\n<p class=\"ArticleParagraph_root__lhFZo ArticleContainer_content-width__FRl7F link_focus__0ZMwx link_externalicon-big__ZdPgo link_externalicon__qcwXs ArticleParagraph_-ticker__Dbjmy ArticleElement_article-element__q93eL\">Le chef de la diplomatie am\u00e9ricaine a r\u00e9it\u00e9r\u00e9 aupr\u00e8s du ministre russe des Affaires \u00e9trang\u00e8res l\u2019appel de Donald Trump \u00e0 \u00abun dialogue constructif et de bonne foi avec l\u2019Ukraine, seul moyen de mettre fin \u00e0 cette guerre\u00bb, a affirm\u00e9 Tammy Bruce dans un communiqu\u00e9.<\/p>\n<p>28.05.2025, 21h34<\/p>\n<p class=\"ArticleParagraph_root__lhFZo ArticleContainer_content-width__FRl7F link_focus__0ZMwx link_externalicon-big__ZdPgo link_externalicon__qcwXs ArticleParagraph_-ticker__Dbjmy ArticleElement_article-element__q93eL\"><a class=\"HtmlText_root__A1OSq\" href=\"https:\/\/www.tdg.ch\/ukraine-des-detenues-sur-le-front-contre-une-remise-de-peine-892380566678\" rel=\"nofollow noopener\" target=\"_blank\">L\u2019Ukraine<\/a> s\u2019est dite pr\u00eate mercredi \u00e0 des discussions plus directes avec la Russie lundi \u00e0 Istanbul mais Moscou doit selon elle fournir \u00e0 l\u2019avance ses conditions en vue d\u2019une paix pour que la rencontre donne des r\u00e9sultats.<\/p>\n<p class=\"ArticleParagraph_root__lhFZo ArticleContainer_content-width__FRl7F link_focus__0ZMwx link_externalicon-big__ZdPgo link_externalicon__qcwXs ArticleParagraph_-ticker__Dbjmy ArticleElement_article-element__q93eL\">\u00abNous ne sommes pas oppos\u00e9s \u00e0 de nouvelles r\u00e9unions avec les Russes et attendons leur m\u00e9morandum\u00bb, a d\u00e9clar\u00e9 le ministre ukrainien de la D\u00e9fense, Roustem Oumerov, dans un message sur X. \u00abLa partie russe dispose encore d\u2019au moins quatre jours avant son d\u00e9part (\u00e0 Istanbul) pour nous fournir son document \u00e0 examiner.\u00bb<\/p>\n<p>28.05.2025, 21h34<\/p>\n<p class=\"ArticleParagraph_root__lhFZo ArticleContainer_content-width__FRl7F link_focus__0ZMwx link_externalicon-big__ZdPgo link_externalicon__qcwXs ArticleParagraph_-ticker__Dbjmy ArticleElement_article-element__q93eL\">Le chef de la diplomatie russe Sergue\u00ef Lavrov a expliqu\u00e9 \u00e0 son homologue am\u00e9ricain Marco Rubio comment Moscou entendait entamer des discussions directes avec l\u2019Ukraine \u00e0 Istanbul lundi, a annonc\u00e9 mercredi le minist\u00e8re russe des Affaires \u00e9trang\u00e8res.<\/p>\n<p class=\"ArticleParagraph_root__lhFZo ArticleContainer_content-width__FRl7F link_focus__0ZMwx link_externalicon-big__ZdPgo link_externalicon__qcwXs ArticleParagraph_-ticker__Dbjmy ArticleElement_article-element__q93eL\">Dans un entretien t\u00e9l\u00e9phonique, Lavrov a parl\u00e9 \u00e0 Marco Rubio des \u00abpr\u00e9paratifs de la partie russe pour des propositions sp\u00e9cifiques pour le prochain cycle de discussions directes russo-ukrainiennes \u00e0 Istanbul\u00bb, a d\u00e9clar\u00e9 le minist\u00e8re.<\/p>\n<p>28.05.2025, 19h08<\/p>\n<p class=\"ArticleParagraph_root__lhFZo ArticleContainer_content-width__FRl7F link_focus__0ZMwx link_externalicon-big__ZdPgo link_externalicon__qcwXs ArticleParagraph_-ticker__Dbjmy ArticleElement_article-element__q93eL\">La Russie a propos\u00e9 mercredi \u00e0 <a class=\"HtmlText_root__A1OSq\" href=\"https:\/\/www.tdg.ch\/ukraine-des-detenues-sur-le-front-contre-une-remise-de-peine-892380566678\" rel=\"nofollow noopener\" target=\"_blank\">l\u2019Ukraine<\/a> une deuxi\u00e8me s\u00e9ance de pourparlers directs \u00e0 Istanbul, le 2 juin. Moscou entend transmettre \u00e0 Kiev son \u00abm\u00e9morandum\u00bb cens\u00e9 exposer les conditions russes pour un accord de paix durable<\/p>\n<p class=\"ArticleParagraph_root__lhFZo ArticleContainer_content-width__FRl7F link_focus__0ZMwx link_externalicon-big__ZdPgo link_externalicon__qcwXs ArticleParagraph_-ticker__Dbjmy ArticleElement_article-element__q93eL\">\u00abNotre d\u00e9l\u00e9gation, dirig\u00e9e par (Vladimir) Medinski, est pr\u00eate \u00e0 pr\u00e9senter ce m\u00e9morandum \u00e0 la d\u00e9l\u00e9gation ukrainienne et \u00e0 fournir les explications n\u00e9cessaires lors d\u2019un deuxi\u00e8me cycle de n\u00e9gociations directes reprenant \u00e0 Istanbul lundi prochain, le 2 juin\u00bb, a d\u00e9clar\u00e9 le ministre russe des Affaires \u00e9trang\u00e8res, Sergue\u00ef Lavrov, dans un communiqu\u00e9.<\/p>\n<p class=\"ArticleParagraph_root__lhFZo ArticleContainer_content-width__FRl7F link_focus__0ZMwx link_externalicon-big__ZdPgo link_externalicon__qcwXs ArticleParagraph_-ticker__Dbjmy ArticleElement_article-element__q93eL\">Tout en remerciant ses \u00abpartenaires turcs\u00bb, le ministre russe Sergue\u00ef Lavrov a dit mercredi esp\u00e9rer que \u00abtout ceux qui sont sinc\u00e8rement int\u00e9ress\u00e9s\u00bb dans \u00abla r\u00e9ussite du processus de paix\u00bb soutiennent la tenue de ce deuxi\u00e8me cycle de n\u00e9gociations.<\/p>\n<p class=\"ArticleParagraph_root__lhFZo ArticleContainer_content-width__FRl7F link_focus__0ZMwx link_externalicon-big__ZdPgo link_externalicon__qcwXs ArticleParagraph_-ticker__Dbjmy ArticleElement_article-element__q93eL\">Pour l\u2019heure, Kiev n\u2019a pas r\u00e9agi \u00e0 cette proposition. Plus t\u00f4t, mercredi, le Kremlin avait \u00e9cart\u00e9 la proposition du pr\u00e9sident ukrainien Volodymyr Zelensky d\u2019un sommet trilat\u00e9ral avec ses homologues <a class=\"HtmlText_root__A1OSq\" href=\"https:\/\/www.tdg.ch\/ukraine-pour-trump-poutine-est-devenu-completement-fou-631138773984\" rel=\"nofollow noopener\" target=\"_blank\">Vladimir Poutine<\/a> et Donald Trump pour faire avancer des discussions de paix.<\/p>\n<p class=\"ArticleParagraph_root__lhFZo ArticleContainer_content-width__FRl7F link_focus__0ZMwx link_externalicon-big__ZdPgo link_externalicon__qcwXs ArticleParagraph_-ticker__Dbjmy ArticleElement_article-element__q93eL\">Vladimir Medinski avait men\u00e9 la d\u00e9l\u00e9gation russe lors des pourparlers du 16 mai \u00e0 Istanbul. Il s\u2019agissait des premi\u00e8res discussions de paix directes entre Kiev et Moscou depuis le printemps 2022, au d\u00e9but de l\u2019attaque russe \u00e0 grande \u00e9chelle contre l\u2019Ukraine.<\/p>\n<p class=\"ArticleParagraph_root__lhFZo ArticleContainer_content-width__FRl7F link_focus__0ZMwx link_externalicon-big__ZdPgo link_externalicon__qcwXs ArticleParagraph_-ticker__Dbjmy ArticleElement_article-element__q93eL\">Les \u00e9changes du 16 mai \u00e0 Istanbul n\u2019avaient pas abouti \u00e0 une perc\u00e9e majeure pour trouver une issue diplomatique au conflit, mais les deux camps s\u2019\u00e9taient engag\u00e9s \u00e0 mener un \u00e9change de prisonniers d\u2019une ampleur in\u00e9dite, au format 1000 personnes contre 1000 personnes, qui s\u2019est achev\u00e9 le week-end dernier.<\/p>\n<p>28.05.2025, 15h11<\/p>\n<p class=\"ArticleParagraph_root__lhFZo ArticleContainer_content-width__FRl7F link_focus__0ZMwx link_externalicon-big__ZdPgo link_externalicon__qcwXs ArticleParagraph_-ticker__Dbjmy ArticleElement_article-element__q93eL\">L\u2019arm\u00e9e russe a commis des \u00abcrimes contre l\u2019humanit\u00e9\u00bb et des \u00abcrimes de guerre\u00bb lors de ses attaques de drones contre des civils dans la r\u00e9gion ukrainienne de Kherson, selon un rapport d\u2019enqu\u00eate d\u2019experts de l\u2019ONU publi\u00e9 mercredi.<\/p>\n<p class=\"ArticleParagraph_root__lhFZo ArticleContainer_content-width__FRl7F link_focus__0ZMwx link_externalicon-big__ZdPgo link_externalicon__qcwXs ArticleParagraph_-ticker__Dbjmy ArticleElement_article-element__q93eL\">\u00abLes forces arm\u00e9es russes ont commis des crimes contre l\u2019humanit\u00e9, notamment des meurtres, et des crimes de guerre, en attaquant des civils, au cours de plusieurs mois d\u2019attaques de drones ciblant des civils sur la rive droite du Dniepr, dans la province de Kherson\u00bb, a conclu l\u2019enqu\u00eate, men\u00e9e par la Commission d\u2019enqu\u00eate internationale ind\u00e9pendante des Nations unies sur <a class=\"HtmlText_root__A1OSq\" href=\"https:\/\/www.tdg.ch\/ukraine-des-detenues-sur-le-front-contre-une-remise-de-peine-892380566678\" rel=\"nofollow noopener\" target=\"_blank\">l\u2019Ukraine<\/a>.<\/p>\n<p class=\"ArticleParagraph_root__lhFZo ArticleContainer_content-width__FRl7F link_focus__0ZMwx link_externalicon-big__ZdPgo link_externalicon__qcwXs ArticleParagraph_-ticker__Dbjmy ArticleElement_article-element__q93eL\">Cette commission d\u2019experts, cr\u00e9\u00e9e par le Conseil des droits de l\u2019homme dans le sillage de l\u2019invasion \u00e0 grande \u00e9chelle de l\u2019Ukraine par la Russie en f\u00e9vrier 2022, accuse les forces arm\u00e9es russes de frapper \u00absyst\u00e9matiquement\u00bb des civils.<\/p>\n<p class=\"ArticleParagraph_root__lhFZo ArticleContainer_content-width__FRl7F link_focus__0ZMwx link_externalicon-big__ZdPgo link_externalicon__qcwXs ArticleParagraph_-ticker__Dbjmy ArticleElement_article-element__q93eL\">Les conclusions de l\u2019enqu\u00eate sont particuli\u00e8rement d\u2019actualit\u00e9. Ces derniers jours Moscou a lanc\u00e9 les attaques a\u00e9riennes les plus massives depuis le d\u00e9but de l\u2019invasion avec des centaines de drones \u2013 et des missiles balistiques \u2013 lanc\u00e9s contre des centres urbains ukrainiens, dont Kiev, la capitale.<\/p>\n<p>28.05.2025, 14h42<\/p>\n<p class=\"ArticleParagraph_root__lhFZo ArticleContainer_content-width__FRl7F link_focus__0ZMwx link_externalicon-big__ZdPgo link_externalicon__qcwXs ArticleParagraph_-ticker__Dbjmy ArticleElement_article-element__q93eL\">Le pr\u00e9sident ukrainien Volodymyr Zelensky, en visite en Allemagne, a exhort\u00e9 mercredi l\u2019Otan \u00e0 inviter <a class=\"HtmlText_root__A1OSq\" href=\"https:\/\/www.tdg.ch\/ukraine-des-detenues-sur-le-front-contre-une-remise-de-peine-892380566678\" rel=\"nofollow noopener\" target=\"_blank\">l\u2019Ukraine<\/a> \u00e0 son prochain sommet en juin, estimant que ne pas le faire serait accorder \u00abune victoire\u00bb au dirigeant russe Vladimir Poutine.<\/p>\n<p><img decoding=\"async\" src=\"https:\/\/www.europesays.com\/fr\/wp-content\/uploads\/2025\/05\/3hYY6-El4IwAH6EhAuBtb_.jpg\" alt=\"Volodymyr Zelensky lors d\u2019une conf\u00e9rence de presse avec le chancelier allemand \u00e0 Berlin, le 28 mai 2025. Photo par Odd ANDERSEN \/ AFP.\" title=\"Volodymyr Zelensky lors d\u2019une conf\u00e9rence de presse avec le chancelier allemand \u00e0 Berlin, le 28 mai 2025. Photo par Odd ANDERSEN \/ AFP.\" class=\"ResponsiveImage_root__ZDz10 responsive-image\" loading=\"eager\" style=\"background-color:#8E6555\"\/><\/p>\n<p>Le pr\u00e9sident ukrainien Volodymyr Zelensky.<\/p>\n<p>AFP<\/p>\n<p class=\"ArticleParagraph_root__lhFZo ArticleContainer_content-width__FRl7F link_focus__0ZMwx link_externalicon-big__ZdPgo link_externalicon__qcwXs ArticleParagraph_-ticker__Dbjmy ArticleElement_article-element__q93eL\">\u00abSi l\u2019Ukraine n\u2019est pas pr\u00e9sente, ce sera une victoire pour Poutine, mais pas contre l\u2019Ukraine, mais contre l\u2019Otan. La d\u00e9cision appartient donc \u00e0 nos partenaires\u00bb, a-t-il dit. Le prochain sommet de l\u2019Alliance est pr\u00e9vu les 24 et 25 juin \u00e0 La Haye, aux Pays-Bas.<\/p>\n<p class=\"ArticleParagraph_root__lhFZo ArticleContainer_content-width__FRl7F link_focus__0ZMwx link_externalicon-big__ZdPgo link_externalicon__qcwXs ArticleParagraph_-ticker__Dbjmy ArticleElement_article-element__q93eL\">Le pr\u00e9sident ukrainien a \u00e9galement accus\u00e9 mercredi la Russie de ralentir les pourparlers de paix en cherchant \u00abdes raisons de ne pas arr\u00eater la guerre\u00bb. \u00abIls chercheront constamment des raisons de ne pas arr\u00eater la guerre. Ce n\u2019est pas tr\u00e8s s\u00e9rieux\u00bb, a-t-il dit.<\/p>\n<p>28.05.2025, 14h19<\/p>\n<p class=\"ArticleParagraph_root__lhFZo ArticleContainer_content-width__FRl7F link_focus__0ZMwx link_externalicon-big__ZdPgo link_externalicon__qcwXs ArticleParagraph_-ticker__Dbjmy ArticleElement_article-element__q93eL\">Le chancelier allemand Friedrich Merz a annonc\u00e9 mercredi que son pays allait aider l\u2019Ukraine \u00e0 produire sur son sol des missiles sans restriction de port\u00e9e.<\/p>\n<p><img decoding=\"async\" src=\"https:\/\/www.europesays.com\/fr\/wp-content\/uploads\/2025\/05\/CBjXGn7yqMJBH0feWKs6gL.jpg\" alt=\"Le chancelier allemand Friedrich Merz lors d\u2019une conf\u00e9rence de presse \u00e0 la chancellerie \u00e0 Berlin, le 28 mai 2025.\" title=\"Le chancelier allemand Friedrich Merz lors d\u2019une conf\u00e9rence de presse \u00e0 la chancellerie \u00e0 Berlin, le 28 mai 2025.\" class=\"ResponsiveImage_root__ZDz10 responsive-image\" loading=\"eager\" style=\"background-color:#7E6053\"\/><\/p>\n<p>Le chancelier allemand Friedrich Merz.<\/p>\n<p>AFP<\/p>\n<p class=\"ArticleParagraph_root__lhFZo ArticleContainer_content-width__FRl7F link_focus__0ZMwx link_externalicon-big__ZdPgo link_externalicon__qcwXs ArticleParagraph_-ticker__Dbjmy ArticleElement_article-element__q93eL\">\u00abNos ministres de la D\u00e9fense vont signer aujourd\u2019hui un protocole d\u2019accord sur l\u2019acquisition de syst\u00e8mes d\u2019armes \u00e0 longue port\u00e9e de fabrication ukrainienne (\u2026) L\u2019Ukraine pourra ainsi se d\u00e9fendre pleinement, y compris contre des cibles militaires en dehors de son territoire national \u2013 c\u2019est une bonne nouvelle\u00bb, a d\u00e9clar\u00e9 le chancelier lors d\u2019une conf\u00e9rence de presse \u00e0 Berlin avec le pr\u00e9sident ukrainien, Volodymyr Zelensky.<\/p>\n<p>28.05.2025, 13h46<\/p>\n<p class=\"ArticleParagraph_root__lhFZo ArticleContainer_content-width__FRl7F link_focus__0ZMwx link_externalicon-big__ZdPgo link_externalicon__qcwXs ArticleParagraph_-ticker__Dbjmy ArticleElement_article-element__q93eL\">Le Kremlin a \u00e9cart\u00e9 mercredi la proposition du pr\u00e9sident ukrainien Volodymyr Zelensky d\u2019un sommet trilat\u00e9ral avec ses homologues <a class=\"HtmlText_root__A1OSq\" href=\"https:\/\/www.tdg.ch\/ukraine-pour-trump-poutine-est-devenu-completement-fou-631138773984\" rel=\"nofollow noopener\" target=\"_blank\">Vladimir Poutine<\/a> et Donald Trump pour faire avancer les discussions de paix apr\u00e8s plus de trois ans d\u2019invasion russe.<\/p>\n<p class=\"ArticleParagraph_root__lhFZo ArticleContainer_content-width__FRl7F link_focus__0ZMwx link_externalicon-big__ZdPgo link_externalicon__qcwXs ArticleParagraph_-ticker__Dbjmy ArticleElement_article-element__q93eL\">\u00abUne telle rencontre doit \u00eatre le r\u00e9sultat d\u2019accords concrets entre les deux d\u00e9l\u00e9gations\u00bb russe et ukrainienne, a tranch\u00e9 le porte-parole du Kremlin, Dmitri Peskov, lors de son briefing quotidien auquel participait l\u2019AFP.<\/p>\n<p><img decoding=\"async\" src=\"https:\/\/www.europesays.com\/fr\/wp-content\/uploads\/2025\/05\/0oxxvUVQ4ctB4iLqb-yB3u.jpg\" alt=\"Le pr\u00e9sident russe Vladimir Poutine pr\u00e9side une r\u00e9union du conseil de surveillance \u2019La Russie terre d\u2019opportunit\u00e9s\u2019 \u00e0 Moscou, le 27 mai 2025.\" title=\"Le pr\u00e9sident russe Vladimir Poutine pr\u00e9side une r\u00e9union du conseil de surveillance \u2019La Russie terre d\u2019opportunit\u00e9s\u2019 \u00e0 Moscou, le 27 mai 2025.\" class=\"ResponsiveImage_root__ZDz10 responsive-image\" loading=\"eager\" style=\"background-color:#87858A\"\/><\/p>\n<p>Le pr\u00e9sident russe Vladimir Poutine.<\/p>\n<p>AFP<\/p>\n<p class=\"ArticleParagraph_root__lhFZo ArticleContainer_content-width__FRl7F link_focus__0ZMwx link_externalicon-big__ZdPgo link_externalicon__qcwXs ArticleParagraph_-ticker__Dbjmy ArticleElement_article-element__q93eL\">Le pr\u00e9sident russe Vladimir Poutine avait d\u00e9j\u00e0 ignor\u00e9 l\u2019invitation de Zelensky \u00e0 le rencontrer en Turquie \u00e0 la mi-mai.<\/p>\n<p class=\"ArticleParagraph_root__lhFZo ArticleContainer_content-width__FRl7F link_focus__0ZMwx link_externalicon-big__ZdPgo link_externalicon__qcwXs ArticleParagraph_-ticker__Dbjmy ArticleElement_article-element__q93eL\">Volodymyr Zelensky a cette fois \u00e9voqu\u00e9 la possibilit\u00e9 d\u2019un \u00abformat Trump-Poutine-moi\u00bb lors d\u2019une conf\u00e9rence de presse sous embargo jusqu\u2019\u00e0 mercredi matin. \u00abSi Poutine n\u2019est pas \u00e0 l\u2019aise avec une r\u00e9union bilat\u00e9rale, ou si tout le monde souhaite une r\u00e9union trilat\u00e9rale, cela ne me d\u00e9range pas\u00bb, a-t-il ajout\u00e9.<\/p>\n<p>28.05.2025, 13h22<\/p>\n<p class=\"ArticleParagraph_root__lhFZo ArticleContainer_content-width__FRl7F link_focus__0ZMwx link_externalicon-big__ZdPgo link_externalicon__qcwXs ArticleParagraph_-ticker__Dbjmy ArticleElement_article-element__q93eL\">Gen\u00e8ve n\u2019accueillera pas le second round de n\u00e9gociations directes entre la Russie et l\u2019Ukraine, a indiqu\u00e9 une source \u00e0 l\u2019agence de presse russe Tass. Selon elle, la Suisse ne peut plus \u00eatre consid\u00e9r\u00e9e comme un pays neutre.<\/p>\n<p class=\"ArticleParagraph_root__lhFZo ArticleContainer_content-width__FRl7F link_focus__0ZMwx link_externalicon-big__ZdPgo link_externalicon__qcwXs ArticleParagraph_-ticker__Dbjmy ArticleElement_article-element__q93eL\">\u00abComme la politique de la Suisse n\u2019est plus neutre, Gen\u00e8ve ne peut pas servir de plateforme\u00bb pour les n\u00e9gociations, a d\u00e9clar\u00e9 cette source. Dans une interview diffus\u00e9e mardi par la cha\u00eene Fox News, l\u2019\u00e9missaire am\u00e9ricain pour l\u2019Ukraine Keith Kellogg avait \u00e9voqu\u00e9 la possibilit\u00e9 de tenir ces discussions dans la cit\u00e9 de Calvin.<\/p>\n<p>28.05.2025, 08h26<\/p>\n<p class=\"ArticleParagraph_root__lhFZo ArticleContainer_content-width__FRl7F link_focus__0ZMwx link_externalicon-big__ZdPgo link_externalicon__qcwXs ArticleParagraph_-ticker__Dbjmy ArticleElement_article-element__q93eL\">La Russie a indiqu\u00e9 avoir intercept\u00e9 pr\u00e8s de 300 drones ukrainiens dans la nuit de mardi \u00e0 mercredi. L\u2019attaque, l\u2019une des plus importantes depuis le d\u00e9but de l\u2019offensive russe en Ukraine, a notamment vis\u00e9 Moscou et perturb\u00e9 le trafic de plusieurs a\u00e9roports.<\/p>\n<p class=\"ArticleParagraph_root__lhFZo ArticleContainer_content-width__FRl7F link_focus__0ZMwx link_externalicon-big__ZdPgo link_externalicon__qcwXs ArticleParagraph_-ticker__Dbjmy ArticleElement_article-element__q93eL\">Alors que l\u2019Ukraine a \u00e9t\u00e9 cibl\u00e9e ces derniers jours par des bombardements russes sans pr\u00e9c\u00e9dent, le minist\u00e8re russe de la D\u00e9fense a annonc\u00e9 sur Telegram que sa d\u00e9fense anti-a\u00e9rienne avait \u00abd\u00e9truit et intercept\u00e9 296 drones ukrainiens\u00bb entre 21h et 07h, heure de Moscou. Pour sa part, le maire de Moscou Sergue\u00ef Sobianine a indiqu\u00e9 dans une s\u00e9rie de messages sur les r\u00e9seaux sociaux que 39 drones se dirigeant vers la capitale avaient \u00e9t\u00e9 abattus. Andre\u00ef Vorobiov, le gouverneur de la r\u00e9gion de Moscou, qui entoure la capitale russe mais ne l\u2019englobe pas, a lui annonc\u00e9 que 42 drones se dirigeant vers la m\u00e9tropole avaient \u00e9t\u00e9 abattus dans la nuit.<\/p>\n<p class=\"ArticleParagraph_root__lhFZo ArticleContainer_content-width__FRl7F link_focus__0ZMwx link_externalicon-big__ZdPgo link_externalicon__qcwXs ArticleParagraph_-ticker__Dbjmy ArticleElement_article-element__q93eL\">Dans la nuit de mardi \u00e0 mercredi, le gouverneur de la r\u00e9gion frontali\u00e8re de Kharkiv, Oleg Synegoubov, a fait \u00e9tat de huit bless\u00e9s, dont une fillette de quatre ans, dans une attaque de drones russes.<\/p>\n<p>28.05.2025, 07h34<\/p>\n<p class=\"ArticleParagraph_root__lhFZo ArticleContainer_content-width__FRl7F link_focus__0ZMwx link_externalicon-big__ZdPgo link_externalicon__qcwXs ArticleParagraph_-ticker__Dbjmy ArticleElement_article-element__q93eL\">Le pr\u00e9sident ukrainien Volodymyr Zelensky sera re\u00e7u mercredi \u00e0 Berlin par le chancelier Friedrich Merz, qui s\u2019affiche depuis son d\u00e9but de mandat en fervent soutien de Kiev, a indiqu\u00e9 mercredi le porte-parole du gouvernement allemand.<\/p>\n<p class=\"ArticleParagraph_root__lhFZo ArticleContainer_content-width__FRl7F link_focus__0ZMwx link_externalicon-big__ZdPgo link_externalicon__qcwXs ArticleParagraph_-ticker__Dbjmy ArticleElement_article-element__q93eL\">La visite portera sur \u00able soutien allemand \u00e0 l\u2019Ukraine et sur les efforts d\u00e9ploy\u00e9s pour parvenir \u00e0 un cessez-le-feu\u00bb avec la Russie, a indiqu\u00e9 dans un communiqu\u00e9 Stefan Kornelius. Dans l\u2019apr\u00e8s-midi, Volodymyr Zelensky rencontrera aussi le pr\u00e9sident f\u00e9d\u00e9ral Frank-Walter Steinmeier.<\/p>\n<p>28.05.2025, 05h24<\/p>\n<p class=\"ArticleParagraph_root__lhFZo ArticleContainer_content-width__FRl7F link_focus__0ZMwx link_externalicon-big__ZdPgo link_externalicon__qcwXs ArticleParagraph_-ticker__Dbjmy ArticleElement_article-element__q93eL\">La Russie a indiqu\u00e9 avoir intercept\u00e9 pr\u00e8s de 150 drones ukrainiens dans la nuit de mardi \u00e0 mercredi, une attaque qui a notamment vis\u00e9 Moscou et perturb\u00e9 le trafic de plusieurs a\u00e9roports.<\/p>\n<p class=\"ArticleParagraph_root__lhFZo ArticleContainer_content-width__FRl7F link_focus__0ZMwx link_externalicon-big__ZdPgo link_externalicon__qcwXs ArticleParagraph_-ticker__Dbjmy ArticleElement_article-element__q93eL\">Alors que l\u2019Ukraine a \u00e9t\u00e9 cibl\u00e9e ces derniers jours par des bombardements russes sans pr\u00e9c\u00e9dent, le minist\u00e8re russe de la D\u00e9fense a annonc\u00e9 sur Telegram que sa d\u00e9fense anti-a\u00e9rienne avait \u00abtotalement d\u00e9truit et intercept\u00e9 112 drones ukrainiens\u00bb entre 21 h 00 et 00 h 00 heures de Moscou, dont 59 au-dessus de la seule r\u00e9gion de Briansk (sud-ouest).<\/p>\n<p class=\"ArticleParagraph_root__lhFZo ArticleContainer_content-width__FRl7F link_focus__0ZMwx link_externalicon-big__ZdPgo link_externalicon__qcwXs ArticleParagraph_-ticker__Dbjmy ArticleElement_article-element__q93eL\">Plus tard dans la nuit, le maire de Moscou Sergue\u00ef Sobianine a indiqu\u00e9 dans une s\u00e9rie de messages sur les r\u00e9seaux sociaux que 33 drones se dirigeant vers la capitale avaient \u00e9t\u00e9 abattus.<\/p>\n<p class=\"ArticleParagraph_root__lhFZo ArticleContainer_content-width__FRl7F link_focus__0ZMwx link_externalicon-big__ZdPgo link_externalicon__qcwXs ArticleParagraph_-ticker__Dbjmy ArticleElement_article-element__q93eL\">Comme souvent ces derniers jours, le fonctionnement de trois a\u00e9roports moscovites, Ch\u00e9r\u00e9m\u00e9ti\u00e9vo, Vnoukovo et Joukovski, a \u00e9t\u00e9 suspendu dans la nuit, a indiqu\u00e9 l\u2019agence de r\u00e9gulation du transport a\u00e9rien.<\/p>\n<p class=\"ArticleParagraph_root__lhFZo ArticleContainer_content-width__FRl7F link_focus__0ZMwx link_externalicon-big__ZdPgo link_externalicon__qcwXs ArticleParagraph_-ticker__Dbjmy ArticleElement_article-element__q93eL\">Dans la nuit de mardi \u00e0 mercredi, le gouverneur de la r\u00e9gion frontali\u00e8re de Kharkiv, Oleg Synegoubov, a fait \u00e9tat de huit bless\u00e9s, dont une fillette de quatre ans, dans une attaque de drones russes.<\/p>\n<p>28.05.2025, 00h59<\/p>\n<p class=\"ArticleParagraph_root__lhFZo ArticleContainer_content-width__FRl7F link_focus__0ZMwx link_externalicon-big__ZdPgo link_externalicon__qcwXs ArticleParagraph_-ticker__Dbjmy ArticleElement_article-element__q93eL\">La Russie a indiqu\u00e9 avoir intercept\u00e9 plus de 120 drones ukrainiens en quelques heures mardi soir et mercredi matin, une attaque d\u2019une intensit\u00e9 rare qui a provoqu\u00e9 de nouvelles perturbations du fonctionnement d\u2019a\u00e9roports de Moscou.<\/p>\n<p class=\"ArticleParagraph_root__lhFZo ArticleContainer_content-width__FRl7F link_focus__0ZMwx link_externalicon-big__ZdPgo link_externalicon__qcwXs ArticleParagraph_-ticker__Dbjmy ArticleElement_article-element__q93eL\">Alors que l\u2019Ukraine a \u00e9t\u00e9 vis\u00e9e ces derniers jours par des bombardements russes sans pr\u00e9c\u00e9dent, le minist\u00e8re russe de la D\u00e9fense a annonc\u00e9 sur Telegram que sa d\u00e9fense anti-a\u00e9rienne avait \u00abtotalement d\u00e9truit et intercept\u00e9 112 drones ukrainiens\u00bb entre 21H00 et 00H00 heures de Moscou, dont 59 au-dessus de la seule r\u00e9gion de Briansk (sud-ouest).<\/p>\n<p class=\"ArticleParagraph_root__lhFZo ArticleContainer_content-width__FRl7F link_focus__0ZMwx link_externalicon-big__ZdPgo link_externalicon__qcwXs ArticleParagraph_-ticker__Dbjmy ArticleElement_article-element__q93eL\">Plus tard dans la nuit, le maire de Moscou Sergue\u00ef Sobianine a indiqu\u00e9 dans une s\u00e9rie de messages sur les r\u00e9seaux sociaux que 12 drones se dirigeant vers la capitale avaient \u00e9t\u00e9 abattus.<\/p>\n<p class=\"ArticleParagraph_root__lhFZo ArticleContainer_content-width__FRl7F link_focus__0ZMwx link_externalicon-big__ZdPgo link_externalicon__qcwXs ArticleParagraph_-ticker__Dbjmy ArticleElement_article-element__q93eL\">Si l\u2019arm\u00e9e russe dit quotidiennement avoir intercept\u00e9 des dizaines de drones ukrainiens, leur nombre est rarement aussi \u00e9lev\u00e9 en quelques heures et la capitale russe, \u00e0 plusieurs centaines de kilom\u00e8tres de la fronti\u00e8re ukrainienne, a \u00e9t\u00e9 rarement cibl\u00e9e depuis le d\u00e9but de l\u2019offensive russe \u00e0 grande \u00e9chelle en Ukraine il y a plus de trois ans.<\/p>\n<p class=\"ArticleParagraph_root__lhFZo ArticleContainer_content-width__FRl7F link_focus__0ZMwx link_externalicon-big__ZdPgo link_externalicon__qcwXs ArticleParagraph_-ticker__Dbjmy ArticleElement_article-element__q93eL\">T\u00f4t mercredi matin, le fonctionnement de deux a\u00e9roports moscovites, Vnoukovo et Joukovski, a \u00e9t\u00e9 suspendu, a indiqu\u00e9 l\u2019agence de r\u00e9gulation du transport a\u00e9rien.<\/p>\n<p>27.05.2025, 18h26<\/p>\n<p class=\"ArticleParagraph_root__lhFZo ArticleContainer_content-width__FRl7F link_focus__0ZMwx link_externalicon-big__ZdPgo link_externalicon__qcwXs ArticleParagraph_-ticker__Dbjmy ArticleElement_article-element__q93eL\">Donald Trump a une nouvelle fois laiss\u00e9 \u00e9clater mardi sa frustration envers son homologue russe Vladimir Poutine, en estimant que ce dernier \u00abjouait avec le feu\u00bb, dans un message publi\u00e9 sur son r\u00e9seau Truth Social.<\/p>\n<p><img decoding=\"async\" src=\"https:\/\/www.europesays.com\/fr\/wp-content\/uploads\/2025\/05\/ASokYobiaEQ8VT9MpheRrh.png\" alt=\"Donald Trump (gauche) et Vladimir Poutine se serrent la main lors d\u2019une r\u00e9union officielle. (Photo d'archives)\" title=\"Donald Trump (gauche) et Vladimir Poutine se serrent la main lors d\u2019une r\u00e9union officielle. (Photo d'archives)\" class=\"ResponsiveImage_root__ZDz10 responsive-image\" loading=\"eager\" style=\"background-color:#433142\"\/><\/p>\n<p>Donald Trump (gauche) et Vladimir Poutine se serrant la main lors d\u2019une r\u00e9union officielle. (Photo d\u2019archives)<\/p>\n<p>AFP<\/p>\n<p class=\"ArticleParagraph_root__lhFZo ArticleContainer_content-width__FRl7F link_focus__0ZMwx link_externalicon-big__ZdPgo link_externalicon__qcwXs ArticleParagraph_-ticker__Dbjmy ArticleElement_article-element__q93eL\">\u00abCe que Vladimir Poutine ne r\u00e9alise pas c\u2019est que sans moi, la Russie subirait beaucoup de tr\u00e8s mauvaises choses, et je veux dire, TRES MAUVAISES\u00bb a \u00e9crit le pr\u00e9sident am\u00e9ricain, qui avait d\u00e9j\u00e0 estim\u00e9 dimanche que le dirigeant russe \u00e9tait \u00abdevenu compl\u00e8tement fou\u00bb, apr\u00e8s de nouvelles attaques sur l\u2019Ukraine.<\/p>\n<p>27.05.2025, 11h47<\/p>\n<p class=\"ArticleParagraph_root__lhFZo ArticleContainer_content-width__FRl7F link_focus__0ZMwx link_externalicon-big__ZdPgo link_externalicon__qcwXs ArticleParagraph_-ticker__Dbjmy ArticleElement_article-element__q93eL\">Le minist\u00e8re russe de la D\u00e9fense a accus\u00e9 mardi <a class=\"HtmlText_root__A1OSq\" href=\"https:\/\/www.tdg.ch\/ukraine-des-detenues-sur-le-front-contre-une-remise-de-peine-892380566678\" rel=\"nofollow noopener\" target=\"_blank\">Kiev<\/a> d\u2019intensifier ses attaques a\u00e9riennes en Russie pour perturber \u00able processus de n\u00e9gociations\u00bb entre les deux pays, apr\u00e8s plusieurs jours de frappes meurtri\u00e8res en Ukraine.<\/p>\n<p class=\"ArticleParagraph_root__lhFZo ArticleContainer_content-width__FRl7F link_focus__0ZMwx link_externalicon-big__ZdPgo link_externalicon__qcwXs ArticleParagraph_-ticker__Dbjmy ArticleElement_article-element__q93eL\">\u00ab\u00c0 l\u2019initiative de la F\u00e9d\u00e9ration de Russie, le dialogue direct entre la Russie et l\u2019Ukraine sur le r\u00e8glement pacifique du conflit en Ukraine a \u00e9t\u00e9 repris\u00bb \u00e0 Istanbul il y a une dizaine de jours, a assur\u00e9 le minist\u00e8re.<\/p>\n<p class=\"ArticleParagraph_root__lhFZo ArticleContainer_content-width__FRl7F link_focus__0ZMwx link_externalicon-big__ZdPgo link_externalicon__qcwXs ArticleParagraph_-ticker__Dbjmy ArticleElement_article-element__q93eL\">\u00abDans le m\u00eame temps, le r\u00e9gime de Kiev, avec le soutien de certains pays europ\u00e9ens, a pris une s\u00e9rie de mesures provocatrices visant \u00e0 faire \u00e9chouer le processus de n\u00e9gociations\u00bb, a indiqu\u00e9 le minist\u00e8re dans un communiqu\u00e9.<\/p>\n<p class=\"ArticleParagraph_root__lhFZo ArticleContainer_content-width__FRl7F link_focus__0ZMwx link_externalicon-big__ZdPgo link_externalicon__qcwXs ArticleParagraph_-ticker__Dbjmy ArticleElement_article-element__q93eL\">Il a affirm\u00e9 que l\u2019Ukraine avait, depuis le 20 mai dernier, \u00abmultipli\u00e9 les attaques \u00e0 l\u2019aide de drones et de missiles\u00bb contre des installations civiles en Russie. Le minist\u00e8re a assur\u00e9 que ses propres frappes en Ukraine \u00e9taient une \u00abr\u00e9ponse\u00bb \u00e0 des attaques de drones ukrainiens ayant fait des victimes civiles russes.<\/p>\n<p class=\"ArticleParagraph_root__lhFZo ArticleContainer_content-width__FRl7F link_focus__0ZMwx link_externalicon-big__ZdPgo link_externalicon__qcwXs ArticleParagraph_-ticker__Dbjmy ArticleElement_article-element__q93eL\"><a class=\"HtmlText_root__A1OSq\" href=\"https:\/\/www.tdg.ch\/ukraine-pour-trump-poutine-est-devenu-completement-fou-631138773984\" rel=\"nofollow noopener\" target=\"_blank\">La Russie<\/a> affirme toujours ne viser que des installations li\u00e9es \u00e0 l\u2019arm\u00e9e en Ukraine, m\u00eame si des villes enti\u00e8res ont \u00e9t\u00e9 ravag\u00e9es par son assaut lanc\u00e9 en f\u00e9vrier 2022. L\u2019Ukraine a dit avoir \u00e9t\u00e9 vis\u00e9e par des attaques a\u00e9riennes russes massives ces derniers jours.<\/p>\n<p class=\"Feedback_root__fr_Mi ArticleContainer_content-width__FRl7F\">Vous avez trouv\u00e9 une erreur?<a href=\"mailto:tes_correction@tamedia.ch?subject=Avis%20d'erreur%20%7C%20Mathilde%20Schott%20%7C%20Kiev%20%C2%ABpr%C3%AAte%C2%BB%20%C3%A0%20n%C3%A9gocier%20mais%20veut%20une%20%C2%ABdiscussion%20constructive%C2%BB&amp;body=J'ai%20trouv%C3%A9%20une%20erreur%20dans%20cet%20article%3A%20https%3A%2F%2Fwww.24heures.ch%2Fdirect-ukraine-erdogan-appelle-a-ne-pas-fermer-la-porte-au-dialogue-793933081883\" class=\"Feedback_feedbacklink__VyDCi link_underlinelink__K5Zr0\">Merci de nous la signaler.<\/a><\/p>\n<p>6464 commentaires<\/p>\n","protected":false},"excerpt":{"rendered":"LiveGuerre en Ukraine \u2013 L\u2019Ukraine se dit \u00abpr\u00eate\u00bb \u00e0 n\u00e9gocier avec la Russie lundi mais veut une \u00abdiscussion&hellip;\n","protected":false},"author":2,"featured_media":138249,"comment_status":"","ping_status":"","sticky":false,"template":"","format":"standard","meta":{"footnotes":""},"categories":[1590],"tags":[11,75,1777,674,131,12,220,135,134],"class_list":{"0":"post-138248","1":"post","2":"type-post","3":"status-publish","4":"format-standard","5":"has-post-thumbnail","7":"category-ukraine","8":"tag-actualites","9":"tag-donald-trump","10":"tag-eu","11":"tag-europe","12":"tag-guerre-en-ukraine","13":"tag-news","14":"tag-ukraine","15":"tag-vladimir-poutine","16":"tag-volodymyr-zelensky"},"share_on_mastodon":{"url":"https:\/\/pubeurope.com\/@fr\/114594467371538622","error":""},"_links":{"self":[{"href":"https:\/\/www.europesays.com\/fr\/wp-json\/wp\/v2\/posts\/138248","targetHints":{"allow":["GET"]}}],"collection":[{"href":"https:\/\/www.europesays.com\/fr\/wp-json\/wp\/v2\/posts"}],"about":[{"href":"https:\/\/www.europesays.com\/fr\/wp-json\/wp\/v2\/types\/post"}],"author":[{"embeddable":true,"href":"https:\/\/www.europesays.com\/fr\/wp-json\/wp\/v2\/users\/2"}],"replies":[{"embeddable":true,"href":"https:\/\/www.europesays.com\/fr\/wp-json\/wp\/v2\/comments?post=138248"}],"version-history":[{"count":0,"href":"https:\/\/www.europesays.com\/fr\/wp-json\/wp\/v2\/posts\/138248\/revisions"}],"wp:featuredmedia":[{"embeddable":true,"href":"https:\/\/www.europesays.com\/fr\/wp-json\/wp\/v2\/media\/138249"}],"wp:attachment":[{"href":"https:\/\/www.europesays.com\/fr\/wp-json\/wp\/v2\/media?parent=138248"}],"wp:term":[{"taxonomy":"category","embeddable":true,"href":"https:\/\/www.europesays.com\/fr\/wp-json\/wp\/v2\/categories?post=138248"},{"taxonomy":"post_tag","embeddable":true,"href":"https:\/\/www.europesays.com\/fr\/wp-json\/wp\/v2\/tags?post=138248"}],"curies":[{"name":"wp","href":"https:\/\/api.w.org\/{rel}","templated":true}]}}