{"id":13825,"date":"2025-04-10T00:06:16","date_gmt":"2025-04-10T00:06:16","guid":{"rendered":"https:\/\/www.europesays.com\/fr\/13825\/"},"modified":"2025-04-10T00:06:16","modified_gmt":"2025-04-10T00:06:16","slug":"en-france-lurgence-de-laide-sociale-a-lenfance","status":"publish","type":"post","link":"https:\/\/www.europesays.com\/fr\/13825\/","title":{"rendered":"En France, l\u2019urgence de l\u2019Aide sociale \u00e0 l\u2019enfance"},"content":{"rendered":"<p>\n                                                En France, pr\u00e8s de 400\u00a0000\u00a0mineurs de moins de 15\u00a0ans sont pris en charge par l\u2019Aide sociale \u00e0 l\u2019enfance, un service d\u00e9partemental pour les enfants qui vivent une situation pr\u00e9occupante ou sont en danger (conditions de vie pr\u00e9caires, carences \u00e9ducatives, besoins fondamentaux non assur\u00e9s). Selon la situation familiale, le mineur peut \u00eatre confi\u00e9 \u00e0 une famille d\u2019accueil ou \u00e0 un \u00e9tablissement.\u00a0                    <\/p>\n<p>Les rapports se succ\u00e8dent pour d\u00e9noncer les violences subies par ces enfants et les carences de soins, au sein de leurs familles, tout comme dans les structures d\u2019accueil, y compris dans les pouponni\u00e8res surcharg\u00e9es. C\u2019est le cas du <a href=\"https:\/\/www.assemblee-nationale.fr\/dyn\/17\/rapports\/cease\/l17b1200-ti_rapport-enquete\" target=\"_blank\" rel=\"noopener\"><strong>rapport parlementaire de la d\u00e9put\u00e9e Isabelle Santiago<\/strong><\/a> paru le 8\u00a0avril\u00a02025, qui d\u00e9nonce, une nouvelle fois, un grave manquement de l\u2019\u00c9tat et des d\u00e9partements pour la protection de l\u2019enfance.<\/p>\n<p>Pendant dix-huit mois, le journaliste Claude Ardid a \u00e9galement men\u00e9 une enqu\u00eate approfondie qui d\u00e9voile une r\u00e9alit\u00e9 gla\u00e7ante\u00a0: au sein de ce syst\u00e8me, cens\u00e9 prot\u00e9ger les enfants, se cachent des failles dramatiques. Suicides d\u2019adolescents, prostitution de mineurs, familles d\u2019accueil d\u00e9pass\u00e9es et placements impossibles faute de structures adapt\u00e9es. Le constat est accablant.\u00a0<\/p>\n<p>Comment ce syst\u00e8me, disposant de plus de neuf milliards d\u2019euros par an pour prot\u00e9ger ces mineurs, peut-il engendrer tant de souffrance et d\u2019\u00e9checs\u00a0?<\/p>\n<p>Avec<strong>\u00a0Claude Ardid<\/strong>, journaliste, sc\u00e9nariste, r\u00e9alisateur et auteur de <a href=\"https:\/\/editions-observatoire.com\/livre\/La-fabrique-du-malheur\/582\" target=\"_blank\" rel=\"noopener\"><strong>La fabrique du malheur (\u00c9ditions de l\u2019Observatoire)<\/strong><\/a>.<\/p>\n<p>En ouverture d\u2019\u00e9mission<strong> L\u2019\u00e9cole autour du monde<\/strong> avec <a href=\"https:\/\/www.rfi.fr\/fr\/auteur\/najet-benrabaa\/\" target=\"_self\" rel=\"noopener\"><strong>Najet Benrabaa<\/strong><\/a>, correspondante de RFI en <a href=\"https:\/\/www.rfi.fr\/fr\/tag\/colombie\/\" target=\"_self\" rel=\"noopener\"><strong>Colombie<\/strong><\/a>\u00a0: le manque de coll\u00e8ges publics ne permet pas d\u2019accueillir tous les \u00e9l\u00e8ves.<\/p>\n<p>En fin d\u2019\u00e9mission, <strong>Un parent, une question<\/strong> et les conseils du psychologue <strong>Ibrahima Giroux<\/strong>, professeur \u00e0 l\u2019<strong><a href=\"https:\/\/www.ugb.sn\/fr\" target=\"_blank\" rel=\"noopener\">Universit\u00e9 Gaston Berger<\/a> <\/strong>de Saint-Louis du <strong><a href=\"https:\/\/www.rfi.fr\/fr\/tag\/s\u00e9n\u00e9gal\/\" target=\"_self\" class=\"gtm-add-suggested-tag\" rel=\"noopener\">S\u00e9n\u00e9gal<\/a><\/strong>. Il r\u00e9pond \u00e0 la question d\u2019<strong>Anissa<\/strong>, Abidjan, C\u00f4te d\u2019Ivoire.<\/p>\n<p><strong>Programmation musicale :<\/strong><\/p>\n<p>\u25ba\u00a0Ras \u2013 La Mancha et Badi\u00a0<\/p>\n<p>\u25ba\u00a0Bul ma laaj \u2013 <a href=\"https:\/\/www.rfi.fr\/fr\/tag\/youssou-n-dour\/\" target=\"_self\" rel=\"noopener\"><strong>Youssou N&rsquo;Dour<\/strong><\/a><\/p>\n<p>\u00a0<\/p>\n<p>\u00a0<\/p>\n<p><strong>Abonnez-vous \u00e0 \u00ab\u00a08 milliards de voisins\u00a0\u00bb<\/strong><\/p>\n<p>\u2666 \u00ab\u00a08 milliards de voisins\u00a0\u00bb\u00a0est disponible \u00e0 l\u2019\u00e9coute sur toutes les plateformes de podcasts\u00a0: <a href=\"https:\/\/www.rfi.fr\/fr\/podcasts\/8-milliards-voisins\/\" target=\"_self\" rel=\"noopener\"><strong>Pure radio<\/strong><\/a>,\u00a0<strong><a href=\"https:\/\/open.spotify.com\/show\/5sFTA5yZjuVl4ZnBw06gl3\" target=\"_blank\" rel=\"noopener\">Spotify<\/a>,\u00a0<a href=\"https:\/\/podcasts.apple.com\/fr\/podcast\/8-milliards-de-voisins\/id1500234264\" target=\"_blank\" rel=\"noopener\">Apple podcasts<\/a>,\u00a0<a href=\"https:\/\/www.deezer.com\/fr\/show\/43477\" target=\"_blank\" rel=\"noopener\">deezer<\/a><\/strong>.<\/p>\n<p>Si vous aimez ce podcast, donnez-lui 5\u00a0\u00e9toiles et postez un commentaire sur ces applications pour qu&rsquo;il soit visible et donc encore plus \u00e9cout\u00e9!<\/p>\n<p>\u2666 Retrouvez-nous aussi sur nos r\u00e9seaux sociaux :<strong><a href=\"https:\/\/www.instagram.com\/8milliardsrfi\/\" target=\"_blank\" rel=\"noopener\">instagram<\/a><\/strong>, <strong><a href=\"https:\/\/www.facebook.com\/8milliardsdevoisins\/\" target=\"_blank\" rel=\"noopener\">facebook<\/a><\/strong> et <a href=\"https:\/\/www.whatsapp.com\/channel\/0029Va6OephAjPXFBQafIw3V\" target=\"_blank\" rel=\"noopener\"><strong>WhatsApp Channel<\/strong><\/a><\/p>\n<p>    <a class=\"m-em-image\" href=\"https:\/\/www.rfi.fr\/fr\/connaissances\/\" target=\"_blank\" rel=\"noopener\"><\/p>\n<p>        <img decoding=\"async\" fetchpriority=\"low\" src=\"https:\/\/www.europesays.com\/fr\/wp-content\/uploads\/2025\/04\/thumbnail_bouton-RFI-connaissances-1.png\" alt=\"\"   style=\"max-height:250px\" loading=\"lazy\" class=\"m-figure__img lazy\"\/><\/p>\n<p>        <\/a><\/p>\n<p>                <script async src=\"\/\/www.instagram.com\/embed.js\"><\/script><\/p>\n","protected":false},"excerpt":{"rendered":"En France, pr\u00e8s de 400\u00a0000\u00a0mineurs de moins de 15\u00a0ans sont pris en charge par l\u2019Aide sociale \u00e0 l\u2019enfance,&hellip;\n","protected":false},"author":2,"featured_media":13826,"comment_status":"","ping_status":"","sticky":false,"template":"","format":"standard","meta":{"footnotes":""},"categories":[4],"tags":[6104,11,6106,6105,1057,1011,27,74,12,25,104],"class_list":{"0":"post-13825","1":"post","2":"type-post","3":"status-publish","4":"format-standard","5":"has-post-thumbnail","7":"category-france","8":"tag-8-milliards-de-voisins","9":"tag-actualites","10":"tag-connaissances-societe","11":"tag-droits-de-lenfant","12":"tag-education","13":"tag-fr","14":"tag-france","15":"tag-monde","16":"tag-news","17":"tag-republique-francaise","18":"tag-societe"},"share_on_mastodon":{"url":"https:\/\/pubeurope.com\/@fr\/114310754028705768","error":""},"_links":{"self":[{"href":"https:\/\/www.europesays.com\/fr\/wp-json\/wp\/v2\/posts\/13825","targetHints":{"allow":["GET"]}}],"collection":[{"href":"https:\/\/www.europesays.com\/fr\/wp-json\/wp\/v2\/posts"}],"about":[{"href":"https:\/\/www.europesays.com\/fr\/wp-json\/wp\/v2\/types\/post"}],"author":[{"embeddable":true,"href":"https:\/\/www.europesays.com\/fr\/wp-json\/wp\/v2\/users\/2"}],"replies":[{"embeddable":true,"href":"https:\/\/www.europesays.com\/fr\/wp-json\/wp\/v2\/comments?post=13825"}],"version-history":[{"count":0,"href":"https:\/\/www.europesays.com\/fr\/wp-json\/wp\/v2\/posts\/13825\/revisions"}],"wp:featuredmedia":[{"embeddable":true,"href":"https:\/\/www.europesays.com\/fr\/wp-json\/wp\/v2\/media\/13826"}],"wp:attachment":[{"href":"https:\/\/www.europesays.com\/fr\/wp-json\/wp\/v2\/media?parent=13825"}],"wp:term":[{"taxonomy":"category","embeddable":true,"href":"https:\/\/www.europesays.com\/fr\/wp-json\/wp\/v2\/categories?post=13825"},{"taxonomy":"post_tag","embeddable":true,"href":"https:\/\/www.europesays.com\/fr\/wp-json\/wp\/v2\/tags?post=13825"}],"curies":[{"name":"wp","href":"https:\/\/api.w.org\/{rel}","templated":true}]}}