{"id":138250,"date":"2025-05-30T02:39:13","date_gmt":"2025-05-30T02:39:13","guid":{"rendered":"https:\/\/www.europesays.com\/fr\/138250\/"},"modified":"2025-05-30T02:39:13","modified_gmt":"2025-05-30T02:39:13","slug":"une-cour-dappel-federale-decide-du-maintien-des-droits-de-douane-imposes-par-donald-trump","status":"publish","type":"post","link":"https:\/\/www.europesays.com\/fr\/138250\/","title":{"rendered":"Une cour d\u2019Appel f\u00e9d\u00e9rale d\u00e9cide du maintien des droits de douane impos\u00e9s par Donald Trump"},"content":{"rendered":"<p><strong>Une cour d\u2019Appel f\u00e9d\u00e9rale am\u00e9ricaine a \u00e9mis jeudi une ordonnance permettant le maintien des droits de douane impos\u00e9s par le pr\u00e9sident Donald Trump.<\/strong><\/p>\n<p>La d\u00e9cision de la Cour d\u2019Appel du Circuit F\u00e9d\u00e9ral intervient au lendemain de la d\u00e9cision du Tribunal du commerce international de suspendre la mise en oeuvre de ces surtaxes.<\/p>\n<p>La d\u00e9cision judiciaire de ce jeudi offre au gouvernement un moratoire allant jusqu\u2019au 9 juillet, le temps pour la juridiction de statuer sur le fond de l\u2019affaire des taxes douani\u00e8res.<\/p>\n<p>\u00ab\u00a0Le programme tarifaire de Trump est bien vivant, en bonne sant\u00e9, et il sera mis en \u0153uvre pour vous prot\u00e9ger, pour sauver vos emplois et vos usines\u00a0\u00bb, s\u2019est f\u00e9licit\u00e9 Peter Navarro, conseiller commercial du pr\u00e9sident Trump dans une d\u00e9claration \u00e0 la presse.<\/p>\n<p>Pour sa part, la porte-parole de la Maison Blanche, Karoline Leavitt, a soulign\u00e9 que l&rsquo;administration est bien d\u00e9termin\u00e9e \u00e0 mettre en oeuvre l\u2019ensemble de l\u2019agenda \u00e9conomique du pr\u00e9sident.<\/p>\n<p>Lors d\u2019un point de presse jeudi, Leavitt a accus\u00e9 les \u201cjuges activistes\u201d d\u2019entraver l\u2019action du pr\u00e9sident am\u00e9ricain, soulignant qu\u2019\u201c\u00e0 terme, la Cour supr\u00eame doit mettre une fin \u00e0 cette situation pour le bien de notre Constitution et de notre pays\u201d.<\/p>\n","protected":false},"excerpt":{"rendered":"Une cour d\u2019Appel f\u00e9d\u00e9rale am\u00e9ricaine a \u00e9mis jeudi une ordonnance permettant le maintien des droits de douane impos\u00e9s&hellip;\n","protected":false},"author":2,"featured_media":138251,"comment_status":"","ping_status":"","sticky":false,"template":"","format":"standard","meta":{"footnotes":""},"categories":[1589],"tags":[11,26476,75,2388,73,1866,12,1864,1865,1863,308],"class_list":{"0":"post-138250","1":"post","2":"type-post","3":"status-publish","4":"format-standard","5":"has-post-thumbnail","7":"category-etats-unis","8":"tag-actualites","9":"tag-cour-dappel-federale-americaine","10":"tag-donald-trump","11":"tag-droits-de-douane","12":"tag-etats-unis","13":"tag-etats-unis-damerique","14":"tag-news","15":"tag-united-states","16":"tag-united-states-of-america","17":"tag-us","18":"tag-usa"},"share_on_mastodon":{"url":"https:\/\/pubeurope.com\/@fr\/114594471202457798","error":""},"_links":{"self":[{"href":"https:\/\/www.europesays.com\/fr\/wp-json\/wp\/v2\/posts\/138250","targetHints":{"allow":["GET"]}}],"collection":[{"href":"https:\/\/www.europesays.com\/fr\/wp-json\/wp\/v2\/posts"}],"about":[{"href":"https:\/\/www.europesays.com\/fr\/wp-json\/wp\/v2\/types\/post"}],"author":[{"embeddable":true,"href":"https:\/\/www.europesays.com\/fr\/wp-json\/wp\/v2\/users\/2"}],"replies":[{"embeddable":true,"href":"https:\/\/www.europesays.com\/fr\/wp-json\/wp\/v2\/comments?post=138250"}],"version-history":[{"count":0,"href":"https:\/\/www.europesays.com\/fr\/wp-json\/wp\/v2\/posts\/138250\/revisions"}],"wp:featuredmedia":[{"embeddable":true,"href":"https:\/\/www.europesays.com\/fr\/wp-json\/wp\/v2\/media\/138251"}],"wp:attachment":[{"href":"https:\/\/www.europesays.com\/fr\/wp-json\/wp\/v2\/media?parent=138250"}],"wp:term":[{"taxonomy":"category","embeddable":true,"href":"https:\/\/www.europesays.com\/fr\/wp-json\/wp\/v2\/categories?post=138250"},{"taxonomy":"post_tag","embeddable":true,"href":"https:\/\/www.europesays.com\/fr\/wp-json\/wp\/v2\/tags?post=138250"}],"curies":[{"name":"wp","href":"https:\/\/api.w.org\/{rel}","templated":true}]}}