{"id":13827,"date":"2025-04-10T00:09:16","date_gmt":"2025-04-10T00:09:16","guid":{"rendered":"https:\/\/www.europesays.com\/fr\/13827\/"},"modified":"2025-04-10T00:09:16","modified_gmt":"2025-04-10T00:09:16","slug":"rugby-il-fait-des-choses-sur-le-terrain-que-personne-dautres-ne-peut-faire","status":"publish","type":"post","link":"https:\/\/www.europesays.com\/fr\/13827\/","title":{"rendered":"Rugby. \u00ab\u00a0Il fait des choses sur le terrain que personne d&rsquo;autres ne peut faire !\u00a0\u00bb"},"content":{"rendered":"<p>            Par<br \/>\n        <strong><br \/>\n            <a href=\"https:\/\/actu.fr\/auteur\/nicolas-dendri-actu-fr\" title=\"Consulter tous les articles de Nicolas Dendri\" target=\"_blank\" rel=\"noopener\">Nicolas Dendri<\/a><br \/>\n        <\/strong><\/p>\n<p>        Publi\u00e9 le<\/p>\n<p>            8 avr. 2025 \u00e0 12h07        <\/p>\n<p>Depuis la cr\u00e9ation de leur franchise en 2022, les <strong>Moana Pasifika<\/strong> sont en train de r\u00e9aliser leur meilleure saison de <strong>Super Rugby Pacific<\/strong>. La franchise qui rassemble Tongiens, Samoans et quelques N\u00e9o-Z\u00e9landais vient d\u2019encha\u00eener <strong>deux victoires cons\u00e9cutives<\/strong> face aux Crusaders (29-45) et aux Waratahs (45-28).<\/p>\n<p>Moana Pasifika : Ardie Savea au top de sa forme\u00a0<\/p>\n<p class=\" wall-content\">Arriv\u00e9 en d\u00e9but de saison en provenance des Hurricanes, <strong>Ardie Savea<\/strong> contribue assez largement aux performances de son \u00e9quipe. Sur les six matchs jou\u00e9s avec les Moana Pasifika, le All Black aux <strong>94 s\u00e9lections<\/strong> a marqu\u00e9 <strong>quatre essais<\/strong> et a manqu\u00e9 seulement trois plaquages. Soit <strong>96% de r\u00e9ussite<\/strong> !\u00a0<\/p>\n<p class=\" wall-content\">Une activit\u00e9 d\u00e9fensive pr\u00e9sente aussi dans les rucks de la part du meilleur joueur du monde 2023. Depuis le d\u00e9but de la saison, Ardie Savea compte <strong>neuf turnovers gagn\u00e9s<\/strong> au grattage dans les regroupements. Offensivement, il ne cesse de perforer les d\u00e9fenses et de d\u00e9montrer sa domination au contact.\u00a0<\/p>\n<p class=\" wall-content\">\n<p>Justin Marshall loue les prouesses de Savea<\/p>\n<p class=\" wall-content\">Dans l\u2019\u00e9mission hebdomadaire The Breakdown diffus\u00e9e en Nouvelle-Z\u00e9lande, l\u2019ancien demi de m\u00eal\u00e9e <strong>Justin Marshall<\/strong> est revenu sur les performances du troisi\u00e8me ligne n\u00e9o-z\u00e9landais sur les deux derniers succ\u00e8s des Moana Pasifika.<\/p>\n<p class=\" wall-content\">\u00ab\u00a0Lors des deux derni\u00e8res semaines, il casse des plaquages, il d\u00e9fend et il vole des ballons. Il est partout !\u00a0\u00bb, s\u2019est exclam\u00e9 le All Black \u00e0 la retraite.\u00a0Le consultant de Sky NZ a continu\u00e9 sans tarir d\u2019\u00e9loges :\u00a0<\/p>\n<p>Vid\u00e9os : en ce moment sur Actu<\/p>\n<blockquote class=\"ac-article-quote wall-content\">\n<p>\u00ab\u00a0Tout le monde attend d&rsquo;un joueur World Rugby de l&rsquo;ann\u00e9e de jouer comme cela. Il fait des choses sur le terrain que personne d&rsquo;autre ne peut faire, peu importe le maillot.\u00a0\u00bb<\/p>\n<p>    <strong>Justin Marshall <\/strong><br \/>\n        Ancien demi de m\u00eal\u00e9e All Blacks     <\/p><\/blockquote>\n<p class=\" wall-content\">Actuellement 8es du Super Rugby Pacific, Ardie Savea et ses co\u00e9quipiers des Moana Pasifika sont en position favorable pour d\u00e9crocher leur premi\u00e8re qualification en quart de finale dans cette comp\u00e9tition.\u00a0<\/p>\n<p class=\" wall-content\">Suivez toute l\u2019actualit\u00e9 de vos villes et m\u00e9dias favoris en vous inscrivant \u00e0 <a href=\"https:\/\/moncompte.actu.fr\" title=\"D\u00e9couvez Mon Actu\" rel=\"nofollow noopener\" data-trk=\"{&quot;cta&quot;:{&quot;action&quot;:&quot;https:\\\/\\\/moncompte.actu.fr&quot;,&quot;category&quot;:&quot;mon compte&quot;,&quot;from&quot;:&quot;article footer&quot;,&quot;name&quot;:&quot;Mon actu&quot;,&quot;type&quot;:&quot;cta&quot;}}\" target=\"_blank\">Mon Actu<\/a>.<\/p>\n","protected":false},"excerpt":{"rendered":"Par Nicolas Dendri Publi\u00e9 le 8 avr. 2025 \u00e0 12h07 Depuis la cr\u00e9ation de leur franchise en 2022,&hellip;\n","protected":false},"author":2,"featured_media":13828,"comment_status":"","ping_status":"","sticky":false,"template":"","format":"standard","meta":{"footnotes":""},"categories":[1416],"tags":[1011,27,3788,479,1468,6107,60],"class_list":{"0":"post-13827","1":"post","2":"type-post","3":"status-publish","4":"format-standard","5":"has-post-thumbnail","7":"category-rugby","8":"tag-fr","9":"tag-france","10":"tag-pro","11":"tag-rugby","12":"tag-rugby-football","13":"tag-rugby-international","14":"tag-sports"},"share_on_mastodon":{"url":"https:\/\/pubeurope.com\/@fr\/114310765896992466","error":""},"_links":{"self":[{"href":"https:\/\/www.europesays.com\/fr\/wp-json\/wp\/v2\/posts\/13827","targetHints":{"allow":["GET"]}}],"collection":[{"href":"https:\/\/www.europesays.com\/fr\/wp-json\/wp\/v2\/posts"}],"about":[{"href":"https:\/\/www.europesays.com\/fr\/wp-json\/wp\/v2\/types\/post"}],"author":[{"embeddable":true,"href":"https:\/\/www.europesays.com\/fr\/wp-json\/wp\/v2\/users\/2"}],"replies":[{"embeddable":true,"href":"https:\/\/www.europesays.com\/fr\/wp-json\/wp\/v2\/comments?post=13827"}],"version-history":[{"count":0,"href":"https:\/\/www.europesays.com\/fr\/wp-json\/wp\/v2\/posts\/13827\/revisions"}],"wp:featuredmedia":[{"embeddable":true,"href":"https:\/\/www.europesays.com\/fr\/wp-json\/wp\/v2\/media\/13828"}],"wp:attachment":[{"href":"https:\/\/www.europesays.com\/fr\/wp-json\/wp\/v2\/media?parent=13827"}],"wp:term":[{"taxonomy":"category","embeddable":true,"href":"https:\/\/www.europesays.com\/fr\/wp-json\/wp\/v2\/categories?post=13827"},{"taxonomy":"post_tag","embeddable":true,"href":"https:\/\/www.europesays.com\/fr\/wp-json\/wp\/v2\/tags?post=13827"}],"curies":[{"name":"wp","href":"https:\/\/api.w.org\/{rel}","templated":true}]}}