{"id":138281,"date":"2025-05-30T02:59:13","date_gmt":"2025-05-30T02:59:13","guid":{"rendered":"https:\/\/www.europesays.com\/fr\/138281\/"},"modified":"2025-05-30T02:59:13","modified_gmt":"2025-05-30T02:59:13","slug":"violette-parle-en-secret-a-son-pere-marine-est-prete-a-tout-pour-reconquerir-fred-le-resume-de-lepisode-1955-du-vendredi-30-mai-2025","status":"publish","type":"post","link":"https:\/\/www.europesays.com\/fr\/138281\/","title":{"rendered":"Violette parle en secret \u00e0 son p\u00e8re ! Marine est pr\u00eate \u00e0 tout pour reconqu\u00e9rir Fred&#8230; Le r\u00e9sum\u00e9 de l&rsquo;\u00e9pisode 1955 du vendredi 30 mai 2025"},"content":{"rendered":"<p><b>Vendredi 30\u00a0mai 2025 dans <\/b><a href=\"https:\/\/www.programme-tv.net\/programme\/series-tv\/r1549293395-demain-nous-appartient\/\" target=\"_blank\" rel=\"noopener\"><b>Demain nous appartient<\/b><\/a> o\u00f9 va prochainement arriver <a href=\"https:\/\/www.programme-tv.net\/news\/series-tv\/379544-exclu-jean-luc-reichman-arrive-dans-demain-nous-appartient-tous-les-details-sur-son-personnage-qui-va-vous-emouvoir\/\" data-api-deeplink=\"teleloisirs:\/\/news\/379544\" target=\"_blank\" rel=\"noopener\">un c\u00e9l\u00e8bre animateur<\/a>, o\u00f9 <a href=\"https:\/\/www.programme-tv.net\/news\/series-tv\/377849-exclu-demain-nous-appartient-un-an-et-demi-apres-son-depart-alice-varela-judith-de-retour-cet-ete\/\" data-api-deeplink=\"teleloisirs:\/\/news\/377849\" target=\"_blank\" rel=\"noopener\">une actrice embl\u00e9matique de la s\u00e9rie va faire son grand retour<\/a>, et dont <a href=\"https:\/\/www.programme-tv.net\/news\/series-tv\/379497-demain-nous-appartient-victoire-dauxerre-la-tueuse-en-serie-vanessa-s-est-mariee-ses-partenaires-de-la-serie-la-felicitent-photos\/\" data-api-deeplink=\"teleloisirs:\/\/news\/379497\" target=\"_blank\" rel=\"noopener\">une autre vient de se marier<\/a>\u2026 Violette, Charles et Damien ont \u00e9t\u00e9 sauv\u00e9s par la police <a href=\"https:\/\/www.programme-tv.net\/news\/series-tv\/379744-demain-nous-appartient-en-avance-henri-menace-d-une-arme-charles-et-damien-le-resume-de-l-episode-1952-du-mardi-27-mai-2025\/\" data-api-deeplink=\"teleloisirs:\/\/news\/379744\" target=\"_blank\" rel=\"noopener\">apr\u00e8s avoir \u00e9t\u00e9 s\u00e9questr\u00e9s et menac\u00e9s par leur p\u00e8re Henri Julliard (Paul Belmondo)<\/a> mais ce dernier a r\u00e9ussi \u00e0 prendre la fuite\u2026<\/p>\n<p><b>Demain nous appartient<\/b><b> en avance\u00a0: Alors que leur p\u00e8re Henri Julliard est en cavale, Damien, Violette et Charles vivent dans la peur\u2026<\/b><\/p>\n<p>Lib\u00e9r\u00e9s par la police, Violette, Charles et Damien retrouvent avec \u00e9motion leur famille. Karim est frustr\u00e9 qu&rsquo;Henri Julliard ait r\u00e9ussi \u00e0 s&rsquo;enfuir et pense que le fugitif va tout faire pour retrouver ses enfants. Toute la famille est encore en danger. Damien est encore perturb\u00e9 du comportement de son p\u00e8re et se fait du souci pour Violette. Audrey se montre douce et rassurante. \u00c9mu, Damien lui dit qu&rsquo;il a eu tr\u00e8s peur de ne plus jamais les revoir elle et les enfants. Il donne alors \u00e0 Audrey la lettre qu&rsquo;il lui avait \u00e9crite pendant qu&rsquo;il \u00e9tait retenu prisonnier et ne savait pas s&rsquo;il allait s&rsquo;en sortir. Audrey est extr\u00eamement touch\u00e9e.<\/p>\n<p>Valentine a pris sa journ\u00e9e pour rester avec Charles. Il s&rsquo;inqui\u00e8te \u00e0 l&rsquo;id\u00e9e que son p\u00e8re retrouve sa trace. Mais comme Violette, il ne peut s&#8217;emp\u00eacher d&rsquo;\u00e9prouver de la peine pour lui. Ils sont tous les deux tr\u00e8s heureux de s&rsquo;\u00eatre retrouv\u00e9s et, tr\u00e8s \u00e9mue, Valentine lui dit qu&rsquo;elle l&rsquo;aime.<\/p>\n<p>Violette avoue \u00e0 Jordan que malgr\u00e9 ce qui s&rsquo;est pass\u00e9, elle \u00e9tait contente de voir son p\u00e8re. Et elle pense qu&rsquo;il a perdu la t\u00eate parce qu&rsquo;il \u00e9tait fou d&rsquo;inqui\u00e9tude pour elle. Elle est touch\u00e9e qu&rsquo;il ait cherch\u00e9 \u00e0 la retrouver durant toutes ces ann\u00e9es sans jamais se d\u00e9courager. Et ne souhaite pas qu&rsquo;il se fasse arr\u00eater. Au contraire de sa s\u0153ur, d\u00e9sireux d&rsquo;aider la police \u00e0 retrouver son p\u00e8re, Damien reprend directement le travail. Sara alerte Damien et Roxane qu&rsquo;Henri a braqu\u00e9 quelqu&rsquo;un pour voler son sac. Il se trouve que la victime avait accroch\u00e9 un traceur GPS \u00e0 son trousseau de cl\u00e9s, et ils ont pu le localiser. Damien et Karim se rendent aussit\u00f4t sur place. Pas de traces de Julliard\u2026 Le sac qu&rsquo;il a vol\u00e9 se trouve dans une poubelle\u2026 Encore rat\u00e9\u00a0!<\/p>\n<p>            <b>Demain nous appartient<\/b><b> en avance\u00a0: Marine dit \u00e0 Victoire qu&rsquo;elle est pr\u00eate \u00e0 tout pour reconqu\u00e9rir Fred<\/b><\/p>\n<p>C&rsquo;est l&rsquo;amour fou pour Victoire et Fred qui savourent de se r\u00e9veiller dans les bras l&rsquo;un de l&rsquo;autre. M\u00eame si Victoire lui confie qu&rsquo;il est difficile pour elle d&rsquo;aller au travail tous les jours. Ils ont tous les deux conscience qu&rsquo;ils vont devoir avouer \u00e0 Marine qu&rsquo;ils sortent ensemble et Victoire n&rsquo;a pas envie de cacher leur amour trop longtemps. Mais quand Fred lui propose de l&rsquo;accompagner \u00e0 l&rsquo;h\u00f4pital pour qu&rsquo;ils disent la v\u00e9rit\u00e9 \u00e0 Marine ensemble, Victoire ne se sent pas encore pr\u00eate. Fred propose d&rsquo;attendre et de parler seul \u00e0 Marine lorsque Victoire pensera que c&rsquo;est le bon moment.<\/p>\n<p>Au lyc\u00e9e, Fred est impressionn\u00e9 par le talent de Fran\u00e7ois, qui chante \u00ab\u00a0Plaisir d&rsquo;amour\u00a0\u00bb au piano. Victoire l&rsquo;appelle alors en Face Time et entend la m\u00e9lodie en fond. Elle essaie de convaincre Fred de chanter mais quand Marine d\u00e9barque dans la salle de pause, Victoire raccroche aussit\u00f4t, mal \u00e0 l&rsquo;aise. Plus tard, sur le parking, Victoire tombe sur Marine en panne avec sa voiture. La m\u00e9decin lui propose de la d\u00e9poser chez elle. Marine lui confie qu&rsquo;elle se sent seule et Victoire n&rsquo;a pas le c\u0153ur de la laisser et lui propose de prendre un verre. Au Spoon, Marine se confie \u00e0 Victoire sur Fred. Elle n&rsquo;a annonc\u00e9 \u00e0 aucun de ses amis qu&rsquo;il l&rsquo;avait quitt\u00e9e car elle a trop honte. Mais elle n&rsquo;a pas l&rsquo;intention de repartir sur Paris. Quand Victoire lui dit qu&rsquo;il serait peut-\u00eatre mieux de partir pour \u00e9viter de croiser Fred, Marine d\u00e9clare qu&rsquo;elle compte tout faire pour le reconqu\u00e9rir.<\/p>\n<p>                        <b>Demain nous appartient<\/b><b> en avance\u00a0: Rapha\u00eblle a peur que Camille soit retomb\u00e9e amoureuse de Simon<\/b><\/p>\n<p>Maud surprend Camille, le sourire b\u00e9a, en train d&rsquo;\u00e9changer des messages avec Simon. Elle lui avoue qu&rsquo;ils se sont vus au Spoon. Rapha\u00eblle surprend leur conversation et n&rsquo;est pas ravie que Camille ait repris contact avec l&rsquo;avocat. Elle lui conseille de ne pas s&rsquo;enflammer et Camille affirme qu&rsquo;entre Simon et elle, il n&rsquo;y a plus d&rsquo;ambigu\u00eft\u00e9. Rapha\u00eblle et Maud ne sont pas dupes.<\/p>\n<p>De son c\u00f4t\u00e9, Aaron f\u00e9licite son fr\u00e8re pour son h\u00e9ro\u00efsme non sans en profiter pour se moquer un peu de lui. Mais au fond, il est fier de son fr\u00e8re. Au Spoon, Julienne Bonnaud remercie Simon d&rsquo;\u00eatre venu \u00e0 son secours. Elle lui dit que ses agresseurs n&rsquo;ont pas pu \u00eatre identifi\u00e9s. Simon lui dit que l&rsquo;important est qu&rsquo;elle soit saine et sauve.<\/p>\n<p>Le soir, Martin passe chercher Rapha\u00eblle au cabinet pour l&#8217;emmener d\u00eener. Rapha\u00eblle lui fait part de ses craintes sur les sentiments de Camille pour Simon. Le policier la rassure et lui conseille de faire confiance \u00e0 sa fille.<\/p>\n<p>            <b>Demain nous appartient<\/b><b> en avance\u00a0: Violette re\u00e7oit un appel de son p\u00e8re en cavale<\/b><\/p>\n<p>Alors qu&rsquo;elle se prom\u00e8ne avec Jordan, Violette re\u00e7oit un coup de t\u00e9l\u00e9phone. Elle dit \u00e0 Jordan que c&rsquo;est Philippine qui essaie de la joindre et lui demande d&rsquo;aller leur chercher des glaces le temps qu&rsquo;elle parle un peu avec elle. Quand Jordan a tourn\u00e9 le dos, Violette d\u00e9croche son t\u00e9l\u00e9phone et dit\u2026 \u00ab\u00a0Allo papa\u2026\u00a0\u00bb\u00a0!<\/p>\n","protected":false},"excerpt":{"rendered":"Vendredi 30\u00a0mai 2025 dans Demain nous appartient o\u00f9 va prochainement arriver un c\u00e9l\u00e8bre animateur, o\u00f9 une actrice embl\u00e9matique&hellip;\n","protected":false},"author":2,"featured_media":138282,"comment_status":"","ping_status":"","sticky":false,"template":"","format":"standard","meta":{"footnotes":""},"categories":[1356],"tags":[244,3598,5247,58,59,1011,27,5249,5248,5246,252,199,1364],"class_list":{"0":"post-138281","1":"post","2":"type-post","3":"status-publish","4":"format-standard","5":"has-post-thumbnail","7":"category-television","8":"tag-commentaire","9":"tag-demain-nous-appartient","10":"tag-demain-nous-appartient-en-avance","11":"tag-divertissement","12":"tag-entertainment","13":"tag-fr","14":"tag-france","15":"tag-mytf1-max","16":"tag-ru00e9sumu00e9-demain-nous-appartient","17":"tag-ru00e9sumu00e9-en-avance-demain-nous-appartient","18":"tag-television","19":"tag-tf1","20":"tag-tv"},"share_on_mastodon":{"url":"https:\/\/pubeurope.com\/@fr\/114594550164984720","error":""},"_links":{"self":[{"href":"https:\/\/www.europesays.com\/fr\/wp-json\/wp\/v2\/posts\/138281","targetHints":{"allow":["GET"]}}],"collection":[{"href":"https:\/\/www.europesays.com\/fr\/wp-json\/wp\/v2\/posts"}],"about":[{"href":"https:\/\/www.europesays.com\/fr\/wp-json\/wp\/v2\/types\/post"}],"author":[{"embeddable":true,"href":"https:\/\/www.europesays.com\/fr\/wp-json\/wp\/v2\/users\/2"}],"replies":[{"embeddable":true,"href":"https:\/\/www.europesays.com\/fr\/wp-json\/wp\/v2\/comments?post=138281"}],"version-history":[{"count":0,"href":"https:\/\/www.europesays.com\/fr\/wp-json\/wp\/v2\/posts\/138281\/revisions"}],"wp:featuredmedia":[{"embeddable":true,"href":"https:\/\/www.europesays.com\/fr\/wp-json\/wp\/v2\/media\/138282"}],"wp:attachment":[{"href":"https:\/\/www.europesays.com\/fr\/wp-json\/wp\/v2\/media?parent=138281"}],"wp:term":[{"taxonomy":"category","embeddable":true,"href":"https:\/\/www.europesays.com\/fr\/wp-json\/wp\/v2\/categories?post=138281"},{"taxonomy":"post_tag","embeddable":true,"href":"https:\/\/www.europesays.com\/fr\/wp-json\/wp\/v2\/tags?post=138281"}],"curies":[{"name":"wp","href":"https:\/\/api.w.org\/{rel}","templated":true}]}}