{"id":138283,"date":"2025-05-30T03:00:10","date_gmt":"2025-05-30T03:00:10","guid":{"rendered":"https:\/\/www.europesays.com\/fr\/138283\/"},"modified":"2025-05-30T03:00:10","modified_gmt":"2025-05-30T03:00:10","slug":"ophelie-winter-metamorphosee-elle-avait-malheureusement-raison-de-craindre-les-commentaires","status":"publish","type":"post","link":"https:\/\/www.europesays.com\/fr\/138283\/","title":{"rendered":"Oph\u00e9lie Winter m\u00e9tamorphos\u00e9e : elle avait malheureusement raison de craindre les commentaires\u2026"},"content":{"rendered":"<p>C\u2019est une v\u00e9ritable ic\u00f4ne des ann\u00e9es 90 qui a fait une<br \/>\napparition tr\u00e8s remarqu\u00e9e le 27 mai, <a href=\"https:\/\/www.telestar.fr\/actu_tv\/les-fesses-le-decollete-cette-vieille-sequence-tele-herisse-ophelie-winter-et-on-la-comprend-1724654\" rel=\"nofollow noopener\" target=\"_blank\"><br \/>\nsur le plateau de C \u00e0 Vous<\/a>. Cela fait plusieurs ann\u00e9es que<br \/>\nl&rsquo;interpr\u00e8te de \u201cDieu m\u2019a donn\u00e9 la foi\u201d se fait tr\u00e8s discr\u00e8te dans<br \/>\nles m\u00e9dias. Mais cette saison marque son retour \u00e0 la fois sur les<br \/>\nplateaux de t\u00e9l\u00e9vision, mais aussi sur sc\u00e8ne, puisque<br \/>\n<strong>Oph\u00e9lie Winter<\/strong> est en t\u00eate d\u2019affiche du show La<br \/>\nGrande Battle Stars 80\/90, \u00e0 Lille.<\/p>\n<p>Cependant, certains internautes n\u2019ont pas \u00e9t\u00e9 tendre avec elle.<br \/>\nEn effet, la chanteuse a d\u00fb <strong>faire face \u00e0 de nombreuses<br \/>\ncritiques<\/strong> sur les r\u00e9seaux sociaux\u2026<\/p>\n<p>Oph\u00e9lie Winter d\u00e9figur\u00e9e apr\u00e8s un terrible \u00e9v\u00e8nement<\/p>\n<p>Cela faisait plusieurs ann\u00e9es que l\u2019\u00e9quipe de C \u00e0 Vous lan\u00e7ait<br \/>\ndes invitations \u00e0 <a href=\"https:\/\/www.closermag.fr\/people\/ophelie-winter-plus-que-sexy-fleur-sur-lentrejambe-dentelle-sur-les-cuisses-ce-look-inoubliable-3549661\" rel=\"nofollow noopener\" target=\"_blank\"><br \/>\nOph\u00e9lie Winter.<\/a> Elles se sont toujours sold\u00e9es par un refus,<br \/>\njusqu\u2019au 27 mai : \u201cJ&rsquo;habite dans les \u00eeles\u00a0\u00bb a tent\u00e9 de se<br \/>\njustifier l\u2019artiste. Mais il semble que ce n\u2019est pas la seule<br \/>\nraison, puisqu&rsquo;elle confie : \u201cJe n\u2019aime pas trop les<br \/>\ninterviews, j\u2019aime bien ne pas parler. Il s\u2019est pass\u00e9 un \u00e9v\u00e9nement<br \/>\ndans ma vie ; depuis, j\u2019ai compl\u00e8tement chang\u00e9 ma fa\u00e7on d\u2019aborder<br \/>\nplein de trucs\u00a0\u00bb.<\/p>\n<p>Il y a quelques ann\u00e9es, l\u2019invit\u00e9e d\u2019Anne-Elisabeth Lemoine a \u00e9t\u00e9<br \/>\n<strong>victime d\u2019un cambriolage assez violent<\/strong>. Ses<br \/>\nagresseurs lui ont donn\u00e9 un coup au visage avec une barre de fer,<br \/>\n<a href=\"https:\/\/www.closermag.fr\/people\/ophelie-winter-defiguree-plus-de-nez-elle-reapparait-apres-des-annees-loin-des-cameras-3549335\" rel=\"nofollow noopener\" target=\"_blank\"><br \/>\nce qui l\u2019a d\u00e9figur\u00e9.<\/a> Elle a \u00e9galement eu <strong>recours \u00e0 la<br \/>\nchirurgie esth\u00e9tique.<\/strong> Et certains internautes s\u2019en sont<br \/>\ndonn\u00e9 \u00e0 c\u0153ur joie.<\/p>\n<p>Oph\u00e9lie Winter compar\u00e9e \u00e0 un<br \/>\n\u201c\u00e9pouvantail\u201d<\/p>\n<p>Alors qu\u2019Oph\u00e9lie Winter avait choisi de se faire discr\u00e8te dans<br \/>\nles m\u00e9dias, son interview a \u00e9t\u00e9 largement comment\u00e9e. Et<br \/>\nmalheureusement, les remarques n\u2019\u00e9taient pas toutes positives. Ce<br \/>\nfut m\u00eame tout le contraire. \u201cFaut <strong>r\u00e9instaurer la peine<br \/>\nde mort pour le dentiste qui lui a fait des dents blanches<br \/>\nfluorescentes<\/strong><strong>\u00ab\u00a0<\/strong>, s\u2019est permis un<br \/>\ninternaute. D\u2019autres ne valent pas mieux : \u00ab\u00a0<strong>Elle a pris<br \/>\ntellement de coco qu&rsquo;elle n&rsquo;a plus de cloison<br \/>\nnasale<\/strong>\u00ab\u00a0, \u201c<strong>L\u2019\u00e9pouvantail qui fait peur \u00e0<br \/>\ntous les gosses<\/strong>\u00ab\u00a0, ont \u00e9crit certains.<\/p>\n<p>Fort heureusement, d\u2019autres ont pris la d\u00e9fense d\u2019Oph\u00e9lie Winter<br \/>\nen \u00e9crivant : \u201cJe voudrais bien voir la gueule des gens qui la<br \/>\ncritiquent&#8230; c&rsquo;est bien facile de le faire derri\u00e8re son petit<br \/>\n\u00e9cran\u00a0\u00bb. Un autre a \u00e9galement salu\u00e9 son parcours : \u201cCela<br \/>\nfait plaisir de la revoir. Elle s\u2019en est sortie et c\u2019est tant<br \/>\nmieux\u00a0\u00bb.<\/p>\n","protected":false},"excerpt":{"rendered":"C\u2019est une v\u00e9ritable ic\u00f4ne des ann\u00e9es 90 qui a fait une apparition tr\u00e8s remarqu\u00e9e le 27 mai, sur&hellip;\n","protected":false},"author":2,"featured_media":138284,"comment_status":"","ping_status":"","sticky":false,"template":"","format":"standard","meta":{"footnotes":""},"categories":[1355],"tags":[548,58,59,1011,27,1361,873,25836],"class_list":{"0":"post-138283","1":"post","2":"type-post","3":"status-publish","4":"format-standard","5":"has-post-thumbnail","7":"category-musique","8":"tag-article-simple","9":"tag-divertissement","10":"tag-entertainment","11":"tag-fr","12":"tag-france","13":"tag-music","14":"tag-musique","15":"tag-ophelie-winter"},"share_on_mastodon":{"url":"https:\/\/pubeurope.com\/@fr\/114594553886940185","error":""},"_links":{"self":[{"href":"https:\/\/www.europesays.com\/fr\/wp-json\/wp\/v2\/posts\/138283","targetHints":{"allow":["GET"]}}],"collection":[{"href":"https:\/\/www.europesays.com\/fr\/wp-json\/wp\/v2\/posts"}],"about":[{"href":"https:\/\/www.europesays.com\/fr\/wp-json\/wp\/v2\/types\/post"}],"author":[{"embeddable":true,"href":"https:\/\/www.europesays.com\/fr\/wp-json\/wp\/v2\/users\/2"}],"replies":[{"embeddable":true,"href":"https:\/\/www.europesays.com\/fr\/wp-json\/wp\/v2\/comments?post=138283"}],"version-history":[{"count":0,"href":"https:\/\/www.europesays.com\/fr\/wp-json\/wp\/v2\/posts\/138283\/revisions"}],"wp:featuredmedia":[{"embeddable":true,"href":"https:\/\/www.europesays.com\/fr\/wp-json\/wp\/v2\/media\/138284"}],"wp:attachment":[{"href":"https:\/\/www.europesays.com\/fr\/wp-json\/wp\/v2\/media?parent=138283"}],"wp:term":[{"taxonomy":"category","embeddable":true,"href":"https:\/\/www.europesays.com\/fr\/wp-json\/wp\/v2\/categories?post=138283"},{"taxonomy":"post_tag","embeddable":true,"href":"https:\/\/www.europesays.com\/fr\/wp-json\/wp\/v2\/tags?post=138283"}],"curies":[{"name":"wp","href":"https:\/\/api.w.org\/{rel}","templated":true}]}}