{"id":138289,"date":"2025-05-30T03:04:11","date_gmt":"2025-05-30T03:04:11","guid":{"rendered":"https:\/\/www.europesays.com\/fr\/138289\/"},"modified":"2025-05-30T03:04:11","modified_gmt":"2025-05-30T03:04:11","slug":"miss-france-en-deuil-une-ancienne-reine-de-beaute-est-morte-a-lage-de-39-ans-la-terrible-annonce-de-cindy-fabre","status":"publish","type":"post","link":"https:\/\/www.europesays.com\/fr\/138289\/","title":{"rendered":"Miss France en deuil : une ancienne reine de beaut\u00e9 est morte \u00e0 l\u2019\u00e2ge de 39 ans, la terrible annonce de Cindy Fabre"},"content":{"rendered":"<p>\u00c9lue plus belle femme de France en 2005. <a href=\"https:\/\/www.closermag.fr\/people\/que-devient-cindy-fabre-miss-france-2005-1074648\" rel=\"nofollow noopener\" target=\"_blank\"><br \/>\nCindy Fabre<\/a> avait ensuite pris les commandes de l&rsquo;organisation<br \/>\ndu c\u00e9l\u00e8bre concours de beaut\u00e9 en 2022. Afin de succ\u00e9der \u00e0<br \/>\nl&#8217;embl\u00e9matique <a href=\"https:\/\/www.closermag.fr\/people\/cannes-2025-robe-fendue-epaules-ailees-sylvie-tellier-electrise-le-tapis-rouge-3547815\" rel=\"nofollow noopener\" target=\"_blank\"><br \/>\nSylvie Tellier<\/a>, qui a ainsi quitt\u00e9 l&rsquo;organisation apr\u00e8s 17<br \/>\nann\u00e9es de bons et loyaux services. Cependant, <a href=\"https:\/\/www.telestar.fr\/actu-tv\/miss-france\/exclu.-cindy-fabre-emue-ce-cadeau-que-lui-a-fait-genevieve-de-fontenay-avant-sa-mort-846320\" rel=\"nofollow noopener\" target=\"_blank\"><br \/>\nMiss France 2005<\/a> a <strong>annonc\u00e9 \u00e0 son tour son d\u00e9part \u00e0<br \/>\npeine trois ans plus tard.<\/strong><\/p>\n<p>\u00ab\u00a0J\u2019aurais ador\u00e9 continuer \u00e0 porter cette mission qui me<br \/>\ntient tant \u00e0 c\u0153ur, mais parfois, la vie nous invite \u00e0 r\u00e9\u00e9crire<br \/>\nnotre chemin. <strong>Je pars le c\u0153ur rempli de<br \/>\ngratitude<\/strong> pour ces moments inoubliables, ces<br \/>\nrencontres marquantes et votre soutien ind\u00e9fectible\u00a0\u00bb, avait<br \/>\nalors d\u00e9clar\u00e9 Cindy Fabre sur son compte Instagram.<\/p>\n<p>Miss France : Cindy Fabre annonce la mort de Miss Bretagne<br \/>\n2006, Charline Leray<\/p>\n<p>R\u00e9cemment, Miss France 2005 a pris la parole pour annoncer la<br \/>\nmort d&rsquo;une ancienne participante du concours. \u00ab\u00a0Notre Cha-Cha,<br \/>\nnotre amoureuse de No\u00ebl. <strong>On te pleure,<br \/>\nprofond\u00e9ment.<\/strong> Tu faisais partie de celles qui laissent une<br \/>\ntrace, par ton rire, ta lumi\u00e8re, ta joie contagieuse. Tu t\u2019es<br \/>\nbattue avec tant de courage, sans jamais laisser tomber ce sourire<br \/>\nqui te d\u00e9finissait si bien\u00a0\u00bb, a-t-elle ainsi \u00e9crit sur<br \/>\nInstagram le mardi 27 mai 2025.<\/p>\n<p>En fait, Cindy Fabre a annonc\u00e9 le d\u00e9c\u00e8s de Charline Leray, Miss<br \/>\nBretagne 2006, \u00e2g\u00e9e de seulement 39 ans. \u00ab\u00a0Un rayon de soleil<br \/>\ns\u2019est \u00e9teint\u2026et le ciel a gagn\u00e9 une \u00e9toile. <strong>La<br \/>\nfamille des Miss a le c\u0153ur lourd.<\/strong> Nous pensons tr\u00e8s fort \u00e0<br \/>\nGabin, \u00e0 ta famille et \u00e0 tous ceux qui t\u2019aiment. Tu resteras ans<br \/>\nnos c\u0153urs, pour toujours\u00a0\u00bb, a \u00e9galement ajout\u00e9 l&rsquo;ancienne reine<br \/>\nde beaut\u00e9.<\/p>\n<p>L&rsquo;ancienne reine de beaut\u00e9 travaillait<br \/>\ncomme h\u00f4tesse sur le Tour de France<\/p>\n<p>Pour l&rsquo;instant, les raisons du d\u00e9c\u00e8s soudain de Charline Leray<br \/>\n<strong>restent encore inconnue<\/strong>. Ayant \u00e9t\u00e9 professeur des<br \/>\n\u00e9coles, l&rsquo;ancienne Miss Bretagne \u00e9tait pr\u00e9sente chaque \u00e9t\u00e9 sur les<br \/>\n\u00e9crans de France T\u00e9l\u00e9visions. En fait, celle qui s&rsquo;est inclin\u00e9e<br \/>\nface \u00e0 Rachel Legrain-Trapani lors de l&rsquo;\u00e9lection de Miss France<br \/>\n2007 travaillait sur le Tour de France.<\/p>\n<p>\u00ab\u00a0Je suis h\u00f4tesse protocolaire pour la marque Krys. Je<br \/>\nm&rsquo;occupe des invit\u00e9s au village d\u00e9part le matin et ensuite<br \/>\n<strong>je remets le maillot blanc de meilleur jeune coureur \u00e0<br \/>\nl&rsquo;arriv\u00e9e<\/strong>. Ce sera ma cinqui\u00e8me ann\u00e9e d&rsquo;h\u00f4tesse<br \/>\nprotocolaire mais avant j&rsquo;ai fait deux ans de caravane et un an au<br \/>\nrelais \u00e9tape\u00a0\u00bb, avait notamment indiqu\u00e9 Charline Leray dans les<br \/>\ncolonnes de Nice-Matin en 2019.<\/p>\n","protected":false},"excerpt":{"rendered":"\u00c9lue plus belle femme de France en 2005. Cindy Fabre avait ensuite pris les commandes de l&rsquo;organisation du&hellip;\n","protected":false},"author":2,"featured_media":138290,"comment_status":"","ping_status":"","sticky":false,"template":"","format":"standard","meta":{"footnotes":""},"categories":[8],"tags":[548,26477,58,59,1011,27],"class_list":{"0":"post-138289","1":"post","2":"type-post","3":"status-publish","4":"format-standard","5":"has-post-thumbnail","7":"category-divertissement","8":"tag-article-simple","9":"tag-cindy-fabre","10":"tag-divertissement","11":"tag-entertainment","12":"tag-fr","13":"tag-france"},"share_on_mastodon":{"url":"https:\/\/pubeurope.com\/@fr\/114594569469925522","error":""},"_links":{"self":[{"href":"https:\/\/www.europesays.com\/fr\/wp-json\/wp\/v2\/posts\/138289","targetHints":{"allow":["GET"]}}],"collection":[{"href":"https:\/\/www.europesays.com\/fr\/wp-json\/wp\/v2\/posts"}],"about":[{"href":"https:\/\/www.europesays.com\/fr\/wp-json\/wp\/v2\/types\/post"}],"author":[{"embeddable":true,"href":"https:\/\/www.europesays.com\/fr\/wp-json\/wp\/v2\/users\/2"}],"replies":[{"embeddable":true,"href":"https:\/\/www.europesays.com\/fr\/wp-json\/wp\/v2\/comments?post=138289"}],"version-history":[{"count":0,"href":"https:\/\/www.europesays.com\/fr\/wp-json\/wp\/v2\/posts\/138289\/revisions"}],"wp:featuredmedia":[{"embeddable":true,"href":"https:\/\/www.europesays.com\/fr\/wp-json\/wp\/v2\/media\/138290"}],"wp:attachment":[{"href":"https:\/\/www.europesays.com\/fr\/wp-json\/wp\/v2\/media?parent=138289"}],"wp:term":[{"taxonomy":"category","embeddable":true,"href":"https:\/\/www.europesays.com\/fr\/wp-json\/wp\/v2\/categories?post=138289"},{"taxonomy":"post_tag","embeddable":true,"href":"https:\/\/www.europesays.com\/fr\/wp-json\/wp\/v2\/tags?post=138289"}],"curies":[{"name":"wp","href":"https:\/\/api.w.org\/{rel}","templated":true}]}}