{"id":138297,"date":"2025-05-30T03:08:15","date_gmt":"2025-05-30T03:08:15","guid":{"rendered":"https:\/\/www.europesays.com\/fr\/138297\/"},"modified":"2025-05-30T03:08:15","modified_gmt":"2025-05-30T03:08:15","slug":"loi-sur-la-fin-de-vie-ces-deputes-azureens-ont-vote-a-contre-courant-de-leur-parti-politique","status":"publish","type":"post","link":"https:\/\/www.europesays.com\/fr\/138297\/","title":{"rendered":"Loi sur la fin de vie: ces d\u00e9put\u00e9s azur\u00e9ens ont vot\u00e9 \u00e0 contre-courant de leur parti politique"},"content":{"rendered":"<p>La fin de vie, c\u2019est une question de soci\u00e9t\u00e9 hautement sensible qui rel\u00e8ve de l\u2019intime. Une question qui divise. Ce fut le cas \u00e0 l\u2019Assembl\u00e9e nationale au sein des m\u00eames partis.<\/p>\n<p>Mardi, apr\u00e8s deux semaines de d\u00e9bats et plus de 100 heures de prises de parole, les d\u00e9put\u00e9s se sont prononc\u00e9s \u00e0 une large majorit\u00e9 en faveur de la cr\u00e9ation d\u2019un droit \u00e0 mourir avec 305 voix pour et 199 contre, avec 57 abstentions.<\/p>\n<p>Une proposition de loi qui s\u2019articule sur deux textes: l\u2019un sur les soins palliatifs, l\u2019autre sur l\u2019aide \u00e0 mourir. C\u2019est sur ce deuxi\u00e8me texte que les r\u00e9sultats ont \u00e9t\u00e9 beaucoup plus partag\u00e9s. Il a divis\u00e9 la plupart des familles politiques. Et quelques d\u00e9put\u00e9s se sont prononc\u00e9s \u00e0 contre-courant de leur propre formation politique.<\/p>\n<p>Dans les Alpes-Maritimes, Alexandra Masson (4e circonscription) et Bryan Masson (6e), font partie des 19 \u00e9lus du Rassemblement national (sur 120) qui ont vot\u00e9 pour la cr\u00e9ation d\u2019un droit \u00e0 l\u2019aide \u00e0 mourir, alors le contre \u00e9tait majoritairement partag\u00e9 au sein de la leur groupe.<\/p>\n<p>              <img ci-src=\"https:\/\/www.nicematin.com\/faits-de-societe\/protec\/DATA_ART_15615269-gr0ExXTM.jpg?vh=4cf5db&amp;ci_seal=43077a9327\" alt=\"\"\/><br \/>\n        La d\u00e9put\u00e9 RN, Alexandra Masson a vot\u00e9 pour l\u2019aide \u00e0 mourir.  <strong>Photos Frantz Bouton, Fran\u00e7ois Vignola et Cyril Dodergny.<\/strong> <\/p>\n<p>                                Alexandra Masson (RN) a vot\u00e9 pour: \u00ab\u00a0Pouvoir mourir dignement fait partie d\u2019une soci\u00e9t\u00e9 \u00e9volu\u00e9e\u00a0\u00bb<\/p>\n<p>\u00ab\u00a0Je suis une militante de l\u2019euthanasie de longue date confie la d\u00e9put\u00e9e Alexandra Masson. C\u2019est une question qui me tient \u00e0 c\u0153ur et c\u2019\u00e9tait d\u2019ailleurs le th\u00e8me de mon m\u00e9moire en ma\u00eetrise de droit. Pouvoir mourir dignement fait partie d\u2019une soci\u00e9t\u00e9 \u00e9volu\u00e9e, je le pense profond\u00e9ment. Et je remercie Marine Le Pen ainsi que Jordan Bardella de nous laisser la possibilit\u00e9 de choisir selon notre conscience.\u00a0\u00bb<\/p>\n<p>\u00ab\u00a0L\u2019aide \u00e0 mourir c\u2019est une question qui rel\u00e8ve de l\u2019intime de chacun et peut diviser. Je regrette seulement que ceux qui sont contre ce droit soient plus proactifs qui ceux qui sont pour. Ces derni\u00e8res semaines nous avons re\u00e7u \u00e9norm\u00e9ment de mails sur nos bo\u00eetes de d\u00e9put\u00e9s qui \u00e9taient tr\u00e8s hostiles \u00e0 l\u2019aide \u00e0 mourir. C\u2019est un lobbying puissant. Et je sais que cela a mis mal \u00e0 l\u2019aise certains de mes coll\u00e8gues, aussi au sein d\u2019autres groupes, qui auraient peut-\u00eatre vot\u00e9 pour.\u00a0\u00bb<\/p>\n<p>              <img ci-src=\"https:\/\/www.nicematin.com\/faits-de-societe\/protec\/DATA_ART_15616746-Rh6CF8oJ.jpg?vh=96e916&amp;ci_seal=92ec8d44f0\" alt=\"\"\/><br \/>\n        Bryan Masson a vot\u00e9 pour l\u2019aide \u00e0 mourir. <strong>Photos Frantz Bouton, Fran\u00e7ois Vignola et Cyril Dodergny.<\/strong> <\/p>\n<p>                                Bryan Masson (RN) a vot\u00e9 pour: \u00ab\u00a0Il faut regarder la dignit\u00e9 humaine\u00a0\u00bb<\/p>\n<p>De son c\u00f4t\u00e9 Bryan Masson a vot\u00e9 pour en raison de \u00ab\u00a0la dignit\u00e9 humaine\u00a0\u00bb: \u00ab\u00a0A l\u2019approche de la mort, quand les traitements et les soins palliatifs ne peuvent plus soulager les douleurs, il faut regarder la dignit\u00e9 humaine\u00a0\u00bb. Il ajoute cependant: \u00ab\u00a0Ce texte tout seul, je ne l\u2019aurais pas vot\u00e9. L\u00e0 il est accompagn\u00e9 d\u2019un texte sur la g\u00e9n\u00e9ralisation des soins palliatifs, c\u2019\u00e9tait pour moi un pr\u00e9alable indispensable pour pouvoir donner ce droit \u00e0 mourir dignement.\u00a0\u00bb<\/p>\n<p>Deux prises de position qui restent donc minoritaires au sein du Rassemblement national. Dans la 2e circonscription, Lionel Tivoli a vot\u00e9 contre cette aide \u00e0 mourir. Il explique pourquoi: \u00ab\u00a0Il existe d\u00e9j\u00e0 une loi: la loi Claeys-Leonetti qui r\u00e9pond aux situations les plus difficiles, mais elle est trop peu appliqu\u00e9e, faute de formation, d\u2019information, de moyens et d\u2019acc\u00e8s aux soins palliatifs. Avant de cr\u00e9er un droit \u00e0 la mort dit-il, la priorit\u00e9 devrait \u00eatre de garantir un droit effectif \u00e0 une fin de vie accompagn\u00e9e.\u00a0\u00bb<\/p>\n<p>              <img ci-src=\"https:\/\/www.nicematin.com\/faits-de-societe\/protec\/DATA_ART_15616745-c6TXphZx.jpg?vh=7aad9b&amp;ci_seal=03281fac86\" alt=\"\"\/><br \/>\n        La d\u00e9put\u00e9e LR Alexandra Martin s\u2019est abstenue.  <strong>Photos Frantz Bouton, Fran\u00e7ois Vignola et Cyril Dodergny.<\/strong> <\/p>\n<p>                                Alexandra Martin (LR) s\u2019est abstenue: \u00ab\u00a0Quand il y a des soins palliatifs de qualit\u00e9, l\u2019envie de mourir est moins l\u00e0\u00a0\u00bb<\/p>\n<p>Une prise de position qui est partag\u00e9e chez les d\u00e9put\u00e9s Les R\u00e9publicains qui ont largement rejet\u00e9 cette proposition de loi. Alexandra Martin, d\u00e9put\u00e9e LR de la 8e circonscription a choisi elle de s\u2019abstenir. \u00ab\u00a0Je me suis abstenue sur la partie du suicide assist\u00e9. J\u2019attends de voir comment la loi va revenir du S\u00e9nat et de la Commission Mixte Paritaire pour m\u00fbrir ma r\u00e9flexion et pour me prononcer d\u00e9finitivement. Je veux aussi voir ce que changera la loi sur les soins palliatifs. J\u2019ai beaucoup regard\u00e9 cette question, pour un malade en fin, quand il y a des soins palliatifs de qualit\u00e9, l\u2019envie de mourir est moins l\u00e0.\u00a0\u00bb<\/p>\n<p>Enfin du c\u00f4t\u00e9 de l\u2019Union des droites pour la R\u00e9publique, c\u2019est le \u00ab\u00a0non\u00a0\u00bb qui a \u00e9t\u00e9 partag\u00e9 \u00e0 l\u2019unanimit\u00e9 des 16 d\u00e9put\u00e9s. Sur le r\u00e9seau social X, \u00c9ric Ciotti s\u2019est ouvert sur son choix: \u00ab\u00a0Le texte sur la fin de vie introduit une rupture anthropologique profonde en ne r\u00e9pondant pas \u00e0 l\u2019immense souffrance des personnes en fin de vie. La moiti\u00e9 des d\u00e9partements fran\u00e7ais sont priv\u00e9s de services de soins palliatifs, c\u2019est cela le v\u00e9ritable drame et la v\u00e9ritable injustice.\u00a0\u00bb<\/p>\n<p>              <img ci-src=\"https:\/\/www.nicematin.com\/faits-de-societe\/protec\/DATA_ART_15616744-CU7UfhzV.jpg?vh=7d3d51&amp;ci_seal=5524699a9f\" alt=\"\"\/><br \/>\n        Le d\u00e9put\u00e9 UDR Bernard Chaix a vot\u00e9 contre mais il n\u2019est pas oppos\u00e9 \u00e0 l\u2019aide \u00e0 mourir et il pourrait voter pour en deuxi\u00e8me lecture apr\u00e8s le passage du texte au S\u00e9nat. <strong>Photos Frantz Bouton, Fran\u00e7ois Vignola et Cyril Dodergny.<\/strong> <\/p>\n<p>                                Bernard Chaix (UDR) a vot\u00e9 contre, mais&#8230;: \u00ab\u00a0J\u2019esp\u00e8re que le S\u00e9nat saura proposer une version plus juste, plus protectrice\u00a0\u00bb<\/p>\n<p>Bernard Chaix, d\u00e9put\u00e9 UDR de la 3e circonscription, a aussi vot\u00e9 contre ce texte. Mais il appara\u00eet moins tranch\u00e9 que son chef de file sur la question: \u00ab\u00a0Je n\u2019\u00e9tais pas a priori oppos\u00e9 \u00e0 un droit \u00e0 mourir dans des situations de souffrances extr\u00eames. Mais mon vote aujourd\u2019hui est le fruit d\u2019une r\u00e9flexion approfondie, qui a \u00e9volu\u00e9 au fil des d\u00e9bats. Les consultations citoyennes que j\u2019ai men\u00e9es tant sur les r\u00e9seaux que sur le terrain ont exprim\u00e9 une attente forte: pouvoir choisir sa fin de vie. Mais elles ont aussi r\u00e9v\u00e9l\u00e9 une inqui\u00e9tude profonde du c\u00f4t\u00e9 des professionnels de sant\u00e9: celle de ne pas \u00eatre juridiquement prot\u00e9g\u00e9s, ni suffisamment encadr\u00e9s pour accompagner ces situations extr\u00eames. Et sur ce point, je suis pr\u00e9occup\u00e9 par la notion de d\u00e9lit d\u2019entrave telle qu\u2019elle est r\u00e9dig\u00e9e, qui pourrait restreindre la libert\u00e9 d\u2019expression et de conscience des soignants, des aidants, des associations. J\u2019esp\u00e8re que le S\u00e9nat saura proposer une version plus juste, plus protectrice, plus humaine. Auquel cas je la voterai en seconde lecture.\u00a0\u00bb<\/p>\n","protected":false},"excerpt":{"rendered":"La fin de vie, c\u2019est une question de soci\u00e9t\u00e9 hautement sensible qui rel\u00e8ve de l\u2019intime. Une question qui&hellip;\n","protected":false},"author":2,"featured_media":138298,"comment_status":"","ping_status":"","sticky":false,"template":"","format":"standard","meta":{"footnotes":""},"categories":[4],"tags":[11,332,1011,27,12,316,25],"class_list":{"0":"post-138297","1":"post","2":"type-post","3":"status-publish","4":"format-standard","5":"has-post-thumbnail","7":"category-france","8":"tag-actualites","9":"tag-faits-de-societe","10":"tag-fr","11":"tag-france","12":"tag-news","13":"tag-politique","14":"tag-republique-francaise"},"share_on_mastodon":{"url":"https:\/\/pubeurope.com\/@fr\/114594585327414716","error":""},"_links":{"self":[{"href":"https:\/\/www.europesays.com\/fr\/wp-json\/wp\/v2\/posts\/138297","targetHints":{"allow":["GET"]}}],"collection":[{"href":"https:\/\/www.europesays.com\/fr\/wp-json\/wp\/v2\/posts"}],"about":[{"href":"https:\/\/www.europesays.com\/fr\/wp-json\/wp\/v2\/types\/post"}],"author":[{"embeddable":true,"href":"https:\/\/www.europesays.com\/fr\/wp-json\/wp\/v2\/users\/2"}],"replies":[{"embeddable":true,"href":"https:\/\/www.europesays.com\/fr\/wp-json\/wp\/v2\/comments?post=138297"}],"version-history":[{"count":0,"href":"https:\/\/www.europesays.com\/fr\/wp-json\/wp\/v2\/posts\/138297\/revisions"}],"wp:featuredmedia":[{"embeddable":true,"href":"https:\/\/www.europesays.com\/fr\/wp-json\/wp\/v2\/media\/138298"}],"wp:attachment":[{"href":"https:\/\/www.europesays.com\/fr\/wp-json\/wp\/v2\/media?parent=138297"}],"wp:term":[{"taxonomy":"category","embeddable":true,"href":"https:\/\/www.europesays.com\/fr\/wp-json\/wp\/v2\/categories?post=138297"},{"taxonomy":"post_tag","embeddable":true,"href":"https:\/\/www.europesays.com\/fr\/wp-json\/wp\/v2\/tags?post=138297"}],"curies":[{"name":"wp","href":"https:\/\/api.w.org\/{rel}","templated":true}]}}