{"id":138305,"date":"2025-05-30T03:14:17","date_gmt":"2025-05-30T03:14:17","guid":{"rendered":"https:\/\/www.europesays.com\/fr\/138305\/"},"modified":"2025-05-30T03:14:17","modified_gmt":"2025-05-30T03:14:17","slug":"biere-en-seyne-toujours-plus-festif-et-populaire","status":"publish","type":"post","link":"https:\/\/www.europesays.com\/fr\/138305\/","title":{"rendered":"Bi\u00e8re en Seyne, toujours plus festif et populaire"},"content":{"rendered":"<p>Rien que sur la premi\u00e8re des deux journ\u00e9es de la Bi\u00e8re en Seyne, quatri\u00e8me du nom, ce vendredi entre 17 h et minuit, 3 400 visiteurs ont \u00e9t\u00e9 comptabilis\u00e9s! Parmi eux, les amateurs de la boisson reine \u00e9taient une fois encore tr\u00e8s bien servis, puisque pas moins de 27 brasseurs artisanaux \u00e9taient de la f\u00eate au parc de la Navale. La plupart venus de la r\u00e9gion, et d\u2019autres d\u2019un peu plus loin : Jura, Bretagne<\/p>\n<p>Et dans le lot, quelques fameuses trouvailles, comme une bi\u00e8re \u00e0 l\u2019hu\u00eetre de Tamaris, de la brasserie mandr\u00e9enne Neuja. L\u2019un des responsables, ce samedi midi derri\u00e8re son stand, savourait la r\u00e9ussite du festival. \u00ab\u00a0C\u2019est qualitatif, familial et convivial. Tout le monde s\u2019amuse, il n\u2019y a aucun probl\u00e8me\u2026 On peut \u00eatre heureux et fiers.\u00a0\u00bb<\/p>\n<p>Boire, manger et s\u2019amuser<\/p>\n<p>Pour ceux qui seraient moins port\u00e9s sur le houblon (et pour les enfants), il y avait aussi largement de quoi passer un bon moment: \u00ab\u00a0On essaie tous les ans de s\u2019am\u00e9liorer\u00a0\u00bb, souriait Fred Biaggi, l\u2019un des associ\u00e9s de la Bi\u00e8re de la Rade, derri\u00e8re cette manifestation qui met tout le monde d\u2019accord. \u00ab\u00a0Il y a plusieurs snacks, pour tous les go\u00fbts: tapas, burgers, cuisine exotique\u2026 Et que du fait maison, dont des smockers (viande, poisson et l\u00e9gumes fum\u00e9s), qui devient de plus en plus tendance\u2026 Cette ann\u00e9e, on a aussi un taureau m\u00e9canique. Il fallait voir hier soir, le monde et l\u2019ambiance autour !\u00a0\u00bb<\/p>\n<p>Un tatoueur, des photos souvenirs joliment mises en sc\u00e8ne, un fabricant de savon (\u00e0 la bi\u00e8re !), des cr\u00e9ations en bois, une tombola caritative\u2026 Et bien s\u00fbr, de grandes tabl\u00e9es ou de petites tables de pique-nique au bord de la rade, face au pont levant\u2026<\/p>\n<p>Le tout arros\u00e9 de musique avec m\u00eame, ponctuellement, des percussionnistes d\u00e9ambulant de stand en food-truck pour en faire profiter tout le monde. Sans oublier les animations, comme les Olympiades qui ont mis \u00e0 rude \u00e9preuve la dext\u00e9rit\u00e9 des brasseurs, et bien faire rire le public. Bref, un joyeux village!<\/p>\n","protected":false},"excerpt":{"rendered":"Rien que sur la premi\u00e8re des deux journ\u00e9es de la Bi\u00e8re en Seyne, quatri\u00e8me du nom, ce vendredi&hellip;\n","protected":false},"author":2,"featured_media":138306,"comment_status":"","ping_status":"","sticky":false,"template":"","format":"standard","meta":{"footnotes":""},"categories":[9619],"tags":[1111,11,1777,674,7186,1011,27,12,882,25,2310],"class_list":{"0":"post-138305","1":"post","2":"type-post","3":"status-publish","4":"format-standard","5":"has-post-thumbnail","7":"category-toulon","8":"tag-actu","9":"tag-actualites","10":"tag-eu","11":"tag-europe","12":"tag-festivites","13":"tag-fr","14":"tag-france","15":"tag-news","16":"tag-provence-alpes-cote-dazur","17":"tag-republique-francaise","18":"tag-toulon"},"share_on_mastodon":{"url":"https:\/\/pubeurope.com\/@fr\/114594608787356756","error":""},"_links":{"self":[{"href":"https:\/\/www.europesays.com\/fr\/wp-json\/wp\/v2\/posts\/138305","targetHints":{"allow":["GET"]}}],"collection":[{"href":"https:\/\/www.europesays.com\/fr\/wp-json\/wp\/v2\/posts"}],"about":[{"href":"https:\/\/www.europesays.com\/fr\/wp-json\/wp\/v2\/types\/post"}],"author":[{"embeddable":true,"href":"https:\/\/www.europesays.com\/fr\/wp-json\/wp\/v2\/users\/2"}],"replies":[{"embeddable":true,"href":"https:\/\/www.europesays.com\/fr\/wp-json\/wp\/v2\/comments?post=138305"}],"version-history":[{"count":0,"href":"https:\/\/www.europesays.com\/fr\/wp-json\/wp\/v2\/posts\/138305\/revisions"}],"wp:featuredmedia":[{"embeddable":true,"href":"https:\/\/www.europesays.com\/fr\/wp-json\/wp\/v2\/media\/138306"}],"wp:attachment":[{"href":"https:\/\/www.europesays.com\/fr\/wp-json\/wp\/v2\/media?parent=138305"}],"wp:term":[{"taxonomy":"category","embeddable":true,"href":"https:\/\/www.europesays.com\/fr\/wp-json\/wp\/v2\/categories?post=138305"},{"taxonomy":"post_tag","embeddable":true,"href":"https:\/\/www.europesays.com\/fr\/wp-json\/wp\/v2\/tags?post=138305"}],"curies":[{"name":"wp","href":"https:\/\/api.w.org\/{rel}","templated":true}]}}