{"id":138310,"date":"2025-05-30T03:21:45","date_gmt":"2025-05-30T03:21:45","guid":{"rendered":"https:\/\/www.europesays.com\/fr\/138310\/"},"modified":"2025-05-30T03:21:45","modified_gmt":"2025-05-30T03:21:45","slug":"grenoble-etrille-provence-rugby-et-se-qualifie-pour-sa-troisieme-finale-daffilee","status":"publish","type":"post","link":"https:\/\/www.europesays.com\/fr\/138310\/","title":{"rendered":"Grenoble \u00e9trille Provence Rugby et se qualifie pour sa troisi\u00e8me finale d\u2019affil\u00e9e"},"content":{"rendered":"<p>Leaders de la saison r\u00e9guli\u00e8re, les Is\u00e9rois d\u00e9fieront les Brivistes ou les Montalbanais pour une place directe en Top 14.<\/p>\n<p class=\"fig-paragraph\">Le\u00a0<a href=\"http:\/\/www.lefigaro.fr\/sports\/rugby\/pro-d2-grenoble-et-brive-en-favoris-des-demi-finales-provence-et-montauban-pour-gacher-la-fete-20250529\" data-fig-type=\"NewsFlash\" data-gtm-custom-categorie=\"navigation\" data-gtm-custom-action=\"crossclick\" data-gtm-custom-label=\"Contextuel\" data-gtm-event=\"customEventSPE\" data-fig-domain=\"LEFIGARO\" target=\"_blank\" rel=\"noopener\">FC Grenoble<\/a>, leader de la saison r\u00e9guli\u00e8re et invaincu \u00e0 domicile, s\u2019est impos\u00e9 ce jeudi face \u00e0 Provence Rugby (38-17), lors de la premi\u00e8re demi-finale de Pro D2. Les Is\u00e9rois ont inscrit cinq essais, contre deux pour les Aixois. Le FCG se qualifie ainsi pour sa troisi\u00e8me finale d\u2019affil\u00e9e de Pro D2, apr\u00e8s deux d\u00e9faites cons\u00e9cutives \u00e0 ce stade puis en barrage d\u2019accession, en 2023 contre\u00a0<a href=\"http:\/\/www.lefigaro.fr\/sports\/rugby\/top-14\/classement-top-14-la-rochelle-fait-un-bond-perpignan-et-vannes-en-danger-20250519\" data-fig-type=\"NewsFlash\" data-gtm-custom-categorie=\"navigation\" data-gtm-custom-action=\"crossclick\" data-gtm-custom-label=\"Contextuel\" data-gtm-event=\"customEventSPE\" data-fig-domain=\"LEFIGARO\" target=\"_blank\" rel=\"noopener\">Perpignan<\/a>\u00a0et l\u2019an dernier contre Montpellier.<\/p>\n<p class=\"fig-paragraph\">Au terme de la premi\u00e8re p\u00e9riode, Grenoble menait 23-3 gr\u00e2ce \u00e0 deux essais de Gerswin Mouton (27e) et Romain Fusier (39e) transform\u00e9s par Davies, qui a \u00e9galement marqu\u00e9 neuf autres points sur deux p\u00e9nalit\u00e9s et un drop. Mouton s\u2019est m\u00eame offert un doubl\u00e9 avec un nouvel essai en d\u00e9but de seconde p\u00e9riode permettant \u00e0 son \u00e9quipe de mener 28-3 (43e).<\/p>\n<p class=\"fig-paragraph\">De son c\u00f4t\u00e9, Provence-Rugby, 4e du championnat et vainqueur de Soyaux-Angoul\u00eame en barrage (49-22), a r\u00e9duit l\u2019\u00e9cart sur une p\u00e9nalit\u00e9 de Gopperth (37e). Les Proven\u00e7aux sont rest\u00e9s dans la partie avec un essai de Yannick Youyoutte transform\u00e9 par Gopperth (28-10, 56e) peu apr\u00e8s l\u2019exclusion du Grenoblois Richard Hardwick (55e). En inf\u00e9riorit\u00e9 pendant 25 minutes, les Is\u00e9rois ont marqu\u00e9 un quatri\u00e8me essai par Romain Trouilloud transform\u00e9 par Davies (35-10, 57e). Gambinin pour Provence-Rugby a inscrit un deuxi\u00e8me essai transform\u00e9 par Gobberth (38-17, 71e).<\/p>\n<p class=\"fig-paragraph\">L\u2019autre demi-finale mettra aux prises, vendredi, Brive et Montauban. Les Corr\u00e9ziens, qui comptent notamment dans leurs rangs l\u2019exp\u00e9riment\u00e9 Courtney Lawes (36 ans, 105 s\u00e9lections avec l\u2019Angleterre), voudront retrouver le Top 14, qu\u2019ils ont quitt\u00e9 en 2023. Mais avant de r\u00eaver d\u2019une \u00e9ventuelle finale, il va falloir que les Coujous franchissent l\u2019obstacle montalbanais, face \u00e0 une \u00e9quipe en pleine euphorie. Les Tarn-et-Garonnais, qualifi\u00e9s de justesse pour les barrages pour la premi\u00e8re fois depuis 2018, ont arrach\u00e9 sur le gong leur place en demi sur la pelouse de Colomiers (26-23).<\/p>\n","protected":false},"excerpt":{"rendered":"Leaders de la saison r\u00e9guli\u00e8re, les Is\u00e9rois d\u00e9fieront les Brivistes ou les Montalbanais pour une place directe en&hellip;\n","protected":false},"author":2,"featured_media":138311,"comment_status":"","ping_status":"","sticky":false,"template":"","format":"standard","meta":{"footnotes":""},"categories":[9566],"tags":[2306,1111,11,2430,525,2309,1981,2313,1089,451,814,1777,674,1011,27,2731,955,12,2308,10421,2311,25,1980,479,2259,2307,478,2310,2312,513],"class_list":{"0":"post-138310","1":"post","2":"type-post","3":"status-publish","4":"format-standard","5":"has-post-thumbnail","7":"category-grenoble","8":"tag-6-nations","9":"tag-actu","10":"tag-actualites","11":"tag-auvergne-rhone-alpes","12":"tag-calendrier","13":"tag-challenge-europeen","14":"tag-classement","15":"tag-clermont","16":"tag-coupe-deurope","17":"tag-coupe-du-monde","18":"tag-direct","19":"tag-eu","20":"tag-europe","21":"tag-fr","22":"tag-france","23":"tag-grenoble","24":"tag-match","25":"tag-news","26":"tag-pro-d2","27":"tag-provence-rugby","28":"tag-racing","29":"tag-republique-francaise","30":"tag-resultats","31":"tag-rugby","32":"tag-score","33":"tag-six-nations","34":"tag-top-14","35":"tag-toulon","36":"tag-toulouse","37":"tag-xv-de-france"},"share_on_mastodon":{"url":"https:\/\/pubeurope.com\/@fr\/114594636296053685","error":""},"_links":{"self":[{"href":"https:\/\/www.europesays.com\/fr\/wp-json\/wp\/v2\/posts\/138310","targetHints":{"allow":["GET"]}}],"collection":[{"href":"https:\/\/www.europesays.com\/fr\/wp-json\/wp\/v2\/posts"}],"about":[{"href":"https:\/\/www.europesays.com\/fr\/wp-json\/wp\/v2\/types\/post"}],"author":[{"embeddable":true,"href":"https:\/\/www.europesays.com\/fr\/wp-json\/wp\/v2\/users\/2"}],"replies":[{"embeddable":true,"href":"https:\/\/www.europesays.com\/fr\/wp-json\/wp\/v2\/comments?post=138310"}],"version-history":[{"count":0,"href":"https:\/\/www.europesays.com\/fr\/wp-json\/wp\/v2\/posts\/138310\/revisions"}],"wp:featuredmedia":[{"embeddable":true,"href":"https:\/\/www.europesays.com\/fr\/wp-json\/wp\/v2\/media\/138311"}],"wp:attachment":[{"href":"https:\/\/www.europesays.com\/fr\/wp-json\/wp\/v2\/media?parent=138310"}],"wp:term":[{"taxonomy":"category","embeddable":true,"href":"https:\/\/www.europesays.com\/fr\/wp-json\/wp\/v2\/categories?post=138310"},{"taxonomy":"post_tag","embeddable":true,"href":"https:\/\/www.europesays.com\/fr\/wp-json\/wp\/v2\/tags?post=138310"}],"curies":[{"name":"wp","href":"https:\/\/api.w.org\/{rel}","templated":true}]}}