{"id":138314,"date":"2025-05-30T03:24:26","date_gmt":"2025-05-30T03:24:26","guid":{"rendered":"https:\/\/www.europesays.com\/fr\/138314\/"},"modified":"2025-05-30T03:24:26","modified_gmt":"2025-05-30T03:24:26","slug":"pierre-jakubowicz-veut-rendre-fier%c2%b7es-les-strasbourgeois%c2%b7es","status":"publish","type":"post","link":"https:\/\/www.europesays.com\/fr\/138314\/","title":{"rendered":"Pierre Jakubowicz veut rendre fi\u00e8r\u00b7es les Strasbourgeois\u00b7es"},"content":{"rendered":"<p class=\"wp-block-post-excerpt__excerpt\">Pierre Jakubowicz, candidat macroniste aux \u00e9lections municipales de Strasbourg, a pr\u00e9sent\u00e9 la strat\u00e9gie \u00e9conomique du mouvement qu\u2019il pr\u00e9side, Strasbourg on y croit\u00a0: une bonne dose de volontarisme et d\u2019optimisme. <\/p>\n<p class=\"font-sans\">\n\t\t\tCet article est en acc\u00e8s libre. Pour soutenir Rue89 Strasbourg,<br \/>\n\t\t\t<a class=\"underline\" href=\"https:\/\/www.rue89strasbourg.com\/abonnement\" target=\"_blank\" rel=\"noopener\">abonnez-vous<\/a>.\n\t\t<\/p>\n<p>Pierre France<\/p>\n<p>Publi\u00e9 le 29 mai 2025\u00a0\u00a0\u00b7\u00a0\u00a0<\/p>\n<p>Imprim\u00e9 le 30 mai 2025 \u00e0 05h24\u00a0\u00a0\u00b7\u00a0\u00a0<\/p>\n<p>Modifi\u00e9 le 29 mai 2025\u00a0\u00a0\u00b7\u00a0\u00a0<\/p>\n<p>\t\t\t\t\t3\u00a0minutes\n<\/p>\n<p class=\"has-drop-cap\">Dans les tous nouveaux locaux de l\u2019association qu\u2019il pr\u00e9side, Strasbourg on y croit, situ\u00e9s en plein c\u0153ur du Neudorf, Pierre Jakubowicz, candidat macroniste \u00e0 la mairie de Strasbourg, a pr\u00e9sent\u00e9 mercredi 28 mai sa strat\u00e9gie \u00e9conomique appel\u00e9e \u00ab\u00a0Strasbourg en grand\u00a0\u00bb. <\/p>\n<p>En r\u00e9sum\u00e9, Pierre Jakubowicz a de l\u2019ambition. Il veut plus d\u2019attractivit\u00e9, plus d\u2019emplois, plus de croissance, plus de culture, plus d\u2019aides aux associations et plus d\u2019argent pour les clubs sportifs\u2026 Pour le conseiller municipal d\u2019Horizons, le parti d\u2019<a href=\"https:\/\/fr.wikipedia.org\/wiki\/%C3%89douard_Philippe\" target=\"_blank\" rel=\"noreferrer noopener\">\u00c9douard Philippe<\/a>, Strasbourg n\u2019a \u00e9t\u00e9 que la \u00ab\u00a0capitale des occasions manqu\u00e9es\u00a0\u00bb durant le mandat de Jeanne Barseghian. \u00ab\u00a0La ville ne rayonne plus. M\u00eame <a href=\"https:\/\/www.rue89strasbourg.com\/tag\/capitale-du-livre\" target=\"_blank\" rel=\"noreferrer noopener\">la capitale mondiale du livre<\/a> a \u00e9t\u00e9 pens\u00e9e \u201cpetit\u201d\u00a0!\u00a0\u00bb, plante Pierre Jakubowicz. \u00ab\u00a0Penser Strasbourg en grand c\u2019est aimer Strasbourg\u00a0\u00bb, dit-il. Pour la F\u00eate de l\u2019Europe chaque 9 mai par exemple, Pierre Jakubowicz veut qu\u2019on puisse la voir de toute l\u2019Europe\u00a0:<\/p>\n<blockquote class=\"wp-block-quote is-layout-flow wp-block-quote-is-layout-flow\">\n<p>\u00ab\u00a0Le 14-Juillet \u00e0 Paris, c\u2019est grandiose chaque ann\u00e9e parce que c\u2019est la capitale de la France. Strasbourg \u00e9tant une capitale europ\u00e9enne, le 9-Mai \u00e0 Strasbourg doit \u00eatre \u00e0 la dimension de l\u2019Europe\u00a0\u00bb.<\/p>\n<\/blockquote>\n<p>Pierre Jakubowicz veut aussi renforcer Capitale de No\u00ebl, r\u00e9inventer la Cavalcade du carnaval pour la mettre \u00ab\u00a0au niveau d\u2019une grande ville rh\u00e9nane\u00a0\u00bb et p\u00e9renniser <a href=\"https:\/\/www.rue89strasbourg.com\/tag\/foire-saint-jean\" target=\"_blank\" rel=\"noreferrer noopener\">la Foire Saint-Jean.<\/a> <\/p>\n<p><a href=\"https:\/\/www.rue89strasbourg.com\/abonnement\" target=\"_blank\" rel=\"noopener\"><img loading=\"lazy\" decoding=\"async\" width=\"970\" height=\"250\" src=\"https:\/\/www.europesays.com\/fr\/wp-content\/uploads\/2025\/05\/bannie\u0300re-autopromo-2025-desktop-1.gif\" alt=\"\" class=\"wp-image-343590\" style=\"width:792px\"\/><\/a><\/p>\n<p><a href=\"https:\/\/www.rue89strasbourg.com\/abonnement\" target=\"_blank\" rel=\"noopener\"><img loading=\"lazy\" decoding=\"async\" width=\"300\" height=\"300\" src=\"https:\/\/www.europesays.com\/fr\/wp-content\/uploads\/2025\/05\/bannieres@2x.png\" alt=\"\" class=\"wp-image-341656\"  \/><\/a><\/p>\n<p>Pas de dette, mais des fonds europ\u00e9ens<\/p>\n<p>Mais comment parvenir \u00e0 mettre en \u0153uvre ces grandes ambitions sans alourdir la dette, que Pierre Jakubowicz accuse en outre les \u00e9cologistes d\u2019avoir fait doubler (<a href=\"https:\/\/www.rue89strasbourg.com\/crc-strasbourg-2024-343565\" target=\"_blank\" rel=\"noreferrer noopener\">en r\u00e9alit\u00e9 +72%<\/a>, NDLR), et sans augmenter les imp\u00f4ts\u00a0? Facile\u00a0: attirer les entreprises en ville, afin de produire m\u00e9caniquement plus de rentr\u00e9es fiscales. Il l\u2019assure\u00a0: \u00ab\u00a0Les \u00e9cologistes n\u2019ont rien fait pour attirer les entreprises, elles se sentent rejet\u00e9es et vont s\u2019installer dans les villes alentours, comme Haguenau.\u00a0\u00bb<\/p>\n<p>Mais Pierre Jakubowicz ne compte pas que sur la bonne volont\u00e9 de l\u2019\u00e9conomie, il pense aussi pouvoir aussi tripler les montants des aides europ\u00e9ennes re\u00e7us par la Ville. Ce ne sera pas tr\u00e8s difficile puisque \u00ab\u00a0la Ville n\u2019a m\u00eame pas candidat\u00e9 au <a href=\"https:\/\/www.banquedesterritoires.fr\/bruxelles-devoile-la-liste-des-cent-villes-neutres-pour-le-climat\" target=\"_blank\" rel=\"noreferrer noopener\">fonds des villes neutres en \u00e9missions carbone<\/a> par exemple, ce sont 30 millions qui ont \u00e9t\u00e9 perdus\u00a0\u00bb, assure-t-il. Troisi\u00e8me levier\u00a0: cr\u00e9er un fonds local ayant vocation \u00e0 financer des investissements, aliment\u00e9 par une partie des capitaux des soci\u00e9t\u00e9s priv\u00e9es contr\u00f4l\u00e9es par la Ville (soci\u00e9t\u00e9s publiques locales, soci\u00e9t\u00e9s d\u2019\u00e9conomie mixte\u2026). Il a m\u00eame trouv\u00e9 un nom pour ce fonds\u00a0: Fiert\u00e9 (pour Fonds pour l\u2019innovation, l\u2019\u00e9conomie, le rayonnement, les transitions et l\u2019Europe).<\/p>\n<p>\t\tContre la \u00ab\u00a0vendenheimisation\u00a0\u00bb<\/p>\n<p>Car Pierre Jakubowicz voudrait que \u00ab\u00a0les Strasbourgeois et les Strasbourgeoises soient fi\u00e8res de leur ville\u00a0\u00bb, ce qui aurait pour effet de relancer un cercle vertueux\u00a0:<\/p>\n<blockquote class=\"wp-block-quote is-layout-flow wp-block-quote-is-layout-flow\">\n<p>\u00ab\u00a0Chaque Strasbourgeois devient alors un ambassadeur de sa ville, ce qui am\u00e9liore l\u2019attractivit\u00e9, ce qui fait venir les entreprises, ce qui nous permet de financer de meilleurs services publics pour tous les habitants.\u00a0\u00bb<\/p>\n<\/blockquote>\n<p>Et par services publics, Pierre Jakubowicz pense \u00e0 des agents d\u2019entretien suppl\u00e9mentaires pour que la ville soit propre, et des agents de police pour qu\u2019elle soit plus s\u00fbre. Il pr\u00e9voit aussi un \u00ab\u00a0choc des transports publics\u00a0\u00bb et des parkings sous-terrains aux abords des grandes axes, qui seront plus fluides afin de contrer \u00ab\u00a0ce sentiment que Strasbourg s\u2019est bunkeris\u00e9e\u00a0\u00bb et d\u2019\u00e9viter une \u00ab\u00a0vendenheimisation de l\u2019\u00e9conomie locale\u00a0\u00bb (Vendenheim, au nord de Strasbourg, abrite une importante zone commerciale). <\/p>\n<p>Bien s\u00fbr, ces propositions ne sont pas d\u00e9finitives. \u00ab\u00a0Nous les soumettons au d\u00e9bat public\u00a0\u00bb, pr\u00e9cise Pierre Jakubowicz. Bien qu\u2019il soit parti le premier en campagne \u00e9lectorale, le conseiller municipal doit former des alliances, ne serait-ce qu\u2019avec Renaissance, l\u2019autre parti macroniste pr\u00e9sent \u00e0 Strasbourg et qui r\u00e9serve son choix de t\u00eate de liste au moins jusqu\u2019en septembre. <\/p>\n","protected":false},"excerpt":{"rendered":"Pierre Jakubowicz, candidat macroniste aux \u00e9lections municipales de Strasbourg, a pr\u00e9sent\u00e9 la strat\u00e9gie \u00e9conomique du mouvement qu\u2019il pr\u00e9side,&hellip;\n","protected":false},"author":2,"featured_media":138315,"comment_status":"","ping_status":"","sticky":false,"template":"","format":"standard","meta":{"footnotes":""},"categories":[2820],"tags":[1111,11,33,2761,1777,674,1011,27,775,12,4333,25,640],"class_list":{"0":"post-138314","1":"post","2":"type-post","3":"status-publish","4":"format-standard","5":"has-post-thumbnail","7":"category-strasbourg","8":"tag-actu","9":"tag-actualites","10":"tag-economie","11":"tag-elections-municipales-2026","12":"tag-eu","13":"tag-europe","14":"tag-fr","15":"tag-france","16":"tag-grand-est","17":"tag-news","18":"tag-pierre-jakubowicz","19":"tag-republique-francaise","20":"tag-strasbourg"},"share_on_mastodon":{"url":"https:\/\/pubeurope.com\/@fr\/114594648195570973","error":""},"_links":{"self":[{"href":"https:\/\/www.europesays.com\/fr\/wp-json\/wp\/v2\/posts\/138314","targetHints":{"allow":["GET"]}}],"collection":[{"href":"https:\/\/www.europesays.com\/fr\/wp-json\/wp\/v2\/posts"}],"about":[{"href":"https:\/\/www.europesays.com\/fr\/wp-json\/wp\/v2\/types\/post"}],"author":[{"embeddable":true,"href":"https:\/\/www.europesays.com\/fr\/wp-json\/wp\/v2\/users\/2"}],"replies":[{"embeddable":true,"href":"https:\/\/www.europesays.com\/fr\/wp-json\/wp\/v2\/comments?post=138314"}],"version-history":[{"count":0,"href":"https:\/\/www.europesays.com\/fr\/wp-json\/wp\/v2\/posts\/138314\/revisions"}],"wp:featuredmedia":[{"embeddable":true,"href":"https:\/\/www.europesays.com\/fr\/wp-json\/wp\/v2\/media\/138315"}],"wp:attachment":[{"href":"https:\/\/www.europesays.com\/fr\/wp-json\/wp\/v2\/media?parent=138314"}],"wp:term":[{"taxonomy":"category","embeddable":true,"href":"https:\/\/www.europesays.com\/fr\/wp-json\/wp\/v2\/categories?post=138314"},{"taxonomy":"post_tag","embeddable":true,"href":"https:\/\/www.europesays.com\/fr\/wp-json\/wp\/v2\/tags?post=138314"}],"curies":[{"name":"wp","href":"https:\/\/api.w.org\/{rel}","templated":true}]}}