{"id":138318,"date":"2025-05-30T03:26:14","date_gmt":"2025-05-30T03:26:14","guid":{"rendered":"https:\/\/www.europesays.com\/fr\/138318\/"},"modified":"2025-05-30T03:26:14","modified_gmt":"2025-05-30T03:26:14","slug":"dans-la-plaine-du-var-leclosion-de-la-tour-hana","status":"publish","type":"post","link":"https:\/\/www.europesays.com\/fr\/138318\/","title":{"rendered":"Dans la plaine du Var, l\u2019\u00e9closion de la tour Hana"},"content":{"rendered":"<p>Comme une \u00e9closion. L\u2019exosquelette de l\u2019immeuble Hana (fleur en japonais) est d\u00e9sormais complet. Et il ne passe pas inaper\u00e7u dans l\u2019\u00c9covall\u00e9e (1), en bordure de l\u2019avenue Simone-Veil, aur\u00e9ol\u00e9 de ses p\u00e9tales d\u00e9licatement poin\u00e7onn\u00e9s, aux courbes langoureuses inspir\u00e9es par la Baie des Anges\u2026<\/p>\n<p>Symbole de la \u00ab\u00a0ville nouvelle\u00a0\u00bb voulue par Christian Estrosi \u00e0 l\u2019ouest, dans la plaine du Var, <a href=\"https:\/\/www.nicematin.com\/urbanisme\/l-immeuble-phare-de-la-plaine-du-var-commence-a-se-devoiler-le-quartier-joia-meridia-est-bien-avance-a-nice-909355\" rel=\"nofollow noopener\" target=\"_blank\">la tour Hana (fleur, en japonais), sign\u00e9e de l\u2019architecte japonais Sou Fujimoto,<\/a> a \u00e9t\u00e9 couronn\u00e9e du Grand prix national des Pyramides d\u2019or en 2023. \u00ab\u00a0L\u2019ossature du b\u00e2timent est achev\u00e9e! De grands balcons permettent de profiter pleinement de la chaleur du climat ni\u00e7ois\u00a0\u00bb, s\u2019est enthousiasm\u00e9 l\u2019architecte sur X, vendredi.<\/p>\n<p>\u00ab\u00a0Le quartier M\u00e9ridia prend forme \u00e0 l\u2019ouest avec le projet Joia M\u00e9ridia\u00a0et sa tour iconique sign\u00e9e Sou Fujimoto \u00e0 quelques pas du grand parc paysager de la plaine du Var\u00a0\u00bb, s\u2019est f\u00e9licit\u00e9, sur le m\u00eame r\u00e9seau social, le maire Christian Estrosi, dimanche.<\/p>\n<p>Les commentaires des internautes sont un peu moins enjou\u00e9s: \u00ab\u00a0Christian Estrosi a r\u00e9ussi \u00e0 transformer une plaine au tr\u00e8s gros potentiel agricole en une \u2018\u2018jungle\u2019\u2019 de b\u00e9ton cyniquement nomm\u00e9e \u2018\u2018\u00c9covall\u00e9e\u2019\u2019\u00a0\u00bb; \u00ab\u00a0Quelle horreur\u00a0\u00bb, \u00ab\u00a0Les Moulins 2\u00a0\u00bb; \u00ab\u00a0Vivement le tsunami\u00a0\u00bb\u2026 <\/p>\n<p>Livraison fin 2025<\/p>\n<p>              <img ci-src=\"https:\/\/www.nicematin.com\/urbanisme\/protec\/DATA_ART_15556514-lTNJFhGN.jpg?vh=54e42a&amp;ci_seal=a1eca4db62\" alt=\"\"\/><br \/>\n        La tour Hana fait partie de l\u2019ensemble Joia, au c\u0153ur du quartier M\u00e9ridia situ\u00e9 \u00e0 l\u2019ouest de Nice. <strong>Photo Ro. B..<\/strong> <\/p>\n<p>\u00ab\u00a0Il reste encore six mois de travaux, l\u2019immeuble sera livr\u00e9 fin 2025, s\u2019enthousiasme pour sa part Thomas Defrasne, directeur r\u00e9gional du promoteur Woodeum x Pitch Immo. Mais la derni\u00e8re grue a \u00e9t\u00e9 d\u00e9mont\u00e9e le mois dernier, toutes les terrasses sont en place, preuve que le projet avance!\u00a0\u00bb<\/p>\n<p>Actuellement, les garde-corps sont en train d\u2019\u00eatre install\u00e9s au fur et \u00e0 mesure sur les impressionnantes terrasses. Quant aux trous qui permettront un jeu d\u2019ombres et lumi\u00e8res, pas de panique: ils seront s\u00e9curis\u00e9s. \u00ab\u00a0L\u2019immeuble sera encore plus beau une fois termin\u00e9, tr\u00e8s \u00e9pur\u00e9, poursuit Thomas Defrasne. Et vous pouvez revenir dans cinquante ans, il n\u2019aura pas boug\u00e9!\u00a0\u00bb<\/p>\n<p>\u00c0 l\u2019int\u00e9rieur, plusieurs espaces collectifs seront accessibles aux copropri\u00e9taires via une application: une terrasse de 150m2 au neuvi\u00e8me \u00e9tage, une salle de fitness, et un appartement tout \u00e9quip\u00e9 de 40m2 pour h\u00e9berger d\u2019\u00e9ventuels invit\u00e9s\u2026 Comptez tout de m\u00eame dans les 300.000 euros pour un studio de 40m2, 400.000 pour un deux-pi\u00e8ces ou 700.000 pour un trois-pi\u00e8ces\u2026<\/p>\n<p>1. L\u2019\u00c9covall\u00e9e, vaste projet d\u2019am\u00e9nagement et d\u2019urbanisme qui concerne quinze communes, est g\u00e9r\u00e9 par l\u2019\u00e9tablissement public d\u2019am\u00e9nagement Nice \u00c9covall\u00e9e et poss\u00e8de le statut d\u2019op\u00e9ration d\u2019int\u00e9r\u00eat national.<\/p>\n","protected":false},"excerpt":{"rendered":"Comme une \u00e9closion. L\u2019exosquelette de l\u2019immeuble Hana (fleur en japonais) est d\u00e9sormais complet. Et il ne passe pas&hellip;\n","protected":false},"author":2,"featured_media":138319,"comment_status":"","ping_status":"","sticky":false,"template":"","format":"standard","meta":{"footnotes":""},"categories":[2819],"tags":[1111,11,1777,674,1011,27,12,2401,882,25,1352],"class_list":{"0":"post-138318","1":"post","2":"type-post","3":"status-publish","4":"format-standard","5":"has-post-thumbnail","7":"category-nice","8":"tag-actu","9":"tag-actualites","10":"tag-eu","11":"tag-europe","12":"tag-fr","13":"tag-france","14":"tag-news","15":"tag-nice","16":"tag-provence-alpes-cote-dazur","17":"tag-republique-francaise","18":"tag-urbanisme"},"share_on_mastodon":{"url":"https:\/\/pubeurope.com\/@fr\/114594655964060377","error":""},"_links":{"self":[{"href":"https:\/\/www.europesays.com\/fr\/wp-json\/wp\/v2\/posts\/138318","targetHints":{"allow":["GET"]}}],"collection":[{"href":"https:\/\/www.europesays.com\/fr\/wp-json\/wp\/v2\/posts"}],"about":[{"href":"https:\/\/www.europesays.com\/fr\/wp-json\/wp\/v2\/types\/post"}],"author":[{"embeddable":true,"href":"https:\/\/www.europesays.com\/fr\/wp-json\/wp\/v2\/users\/2"}],"replies":[{"embeddable":true,"href":"https:\/\/www.europesays.com\/fr\/wp-json\/wp\/v2\/comments?post=138318"}],"version-history":[{"count":0,"href":"https:\/\/www.europesays.com\/fr\/wp-json\/wp\/v2\/posts\/138318\/revisions"}],"wp:featuredmedia":[{"embeddable":true,"href":"https:\/\/www.europesays.com\/fr\/wp-json\/wp\/v2\/media\/138319"}],"wp:attachment":[{"href":"https:\/\/www.europesays.com\/fr\/wp-json\/wp\/v2\/media?parent=138318"}],"wp:term":[{"taxonomy":"category","embeddable":true,"href":"https:\/\/www.europesays.com\/fr\/wp-json\/wp\/v2\/categories?post=138318"},{"taxonomy":"post_tag","embeddable":true,"href":"https:\/\/www.europesays.com\/fr\/wp-json\/wp\/v2\/tags?post=138318"}],"curies":[{"name":"wp","href":"https:\/\/api.w.org\/{rel}","templated":true}]}}