{"id":138321,"date":"2025-05-30T03:28:48","date_gmt":"2025-05-30T03:28:48","guid":{"rendered":"https:\/\/www.europesays.com\/fr\/138321\/"},"modified":"2025-05-30T03:28:48","modified_gmt":"2025-05-30T03:28:48","slug":"une-tentative-de-kidnapping-dejouee-pres-de-nantes","status":"publish","type":"post","link":"https:\/\/www.europesays.com\/fr\/138321\/","title":{"rendered":"une tentative de kidnapping d\u00e9jou\u00e9e pr\u00e8s de Nantes"},"content":{"rendered":"<p>            Par<br \/>\n        <strong><br \/>\n            <a href=\"https:\/\/actu.fr\/auteur\/redaction-nantes\" title=\"Consulter tous les articles de R\u00e9daction Nantes\" target=\"_blank\" rel=\"noopener\">R\u00e9daction Nantes<\/a><br \/>\n        <\/strong><\/p>\n<p>        Publi\u00e9 le<\/p>\n<p>            27 mai 2025 \u00e0 15h30        <\/p>\n<p><strong>Plus de vingt interpellations<\/strong> ont eu lieu au total dans le cadre des enqu\u00eates men\u00e9es par la Brigade de r\u00e9pression du banditisme (BRB) sur les tentatives et enl\u00e8vements r\u00e9cents dans le milieu de la cryptomonnaie en France,<strong> a indiqu\u00e9 l\u2019AFP<\/strong>, mardi en citant une source proche du dossier.<\/p>\n<p class=\" wall-content\">Selon cette source, six des personnes interpell\u00e9es l\u2019ont \u00e9t\u00e9 \u00e0 <a href=\"https:\/\/actu.fr\/pays-de-la-loire\/coueron_44047\" target=\"_blank\" rel=\"noopener\"><strong>Cou\u00ebron<\/strong><\/a>, pr\u00e8s de Nantes.\u00a0Ces interpellations sont en lien avec <a href=\"https:\/\/actu.fr\/ile-de-france\/paris_75056\/pere-d-un-entrepreneur-en-cryptomonnaie-enleve-en-pleine-rue-a-paris-cinq-hommes-mis-en-examen_62610795.html\" target=\"_blank\" rel=\"noopener\">l\u2019enl\u00e8vement, le 1er mai dernier \u00e0 Paris du p\u00e8re d\u2019un homme<\/a> ayant fait fortune dans la cryptomonnaie, lib\u00e9r\u00e9 par la police, <a href=\"https:\/\/actu.fr\/ile-de-france\/paris_75056\/tentative-d-enlevement-rue-pache-a-paris-je-ne-travaille-pas-dans-la-cryptomonnaie-mais-j-ai-peur_62630519.html\" target=\"_blank\" rel=\"noopener\">ainsi qu\u2019avec la tentative avort\u00e9e, toujours \u00e0 Paris, visant la fille et le petit-fils du P.-D.G. d\u2019une soci\u00e9t\u00e9 sp\u00e9cialis\u00e9e.<\/a> Il semble aussi qu\u2019elles pr\u00e9paraient une<strong> nouvelle tentative d\u2019enl\u00e8vement.<\/strong><\/p>\n<p>Une ran\u00e7on de plusieurs millions d\u2019euros<\/p>\n<p class=\" wall-content\">Le p\u00e8re de l\u2019entrepreneur en cryptomonnaie a \u00e9t\u00e9 enlev\u00e9 devant des t\u00e9moins par <strong>quatre hommes cagoul\u00e9s<\/strong> qui l\u2019ont emmen\u00e9e \u00e0 bord d\u2019un fourgon de livraison. Il a \u00e9t\u00e9 bless\u00e9 par ses ravisseurs.<\/p>\n<p class=\" wall-content\">La victime, pour laquelle une ran\u00e7on de plusieurs millions d\u2019euros avait \u00e9t\u00e9 r\u00e9clam\u00e9e par ses ravisseurs, a \u00e9t\u00e9 <strong>lib\u00e9r\u00e9e lors d\u2019un assaut des forces<\/strong> <strong>de l\u2019ordre<\/strong> le 3\u00a0mai dans un pavillon pr\u00e8s de Paris, o\u00f9 elle \u00e9tait s\u00e9questr\u00e9e.<\/p>\n<p class=\" wall-content\">Quelques jours plus tard,<strong> le 13\u00a0mai,<\/strong> la fille et le petit-fils du P.-D.G. d\u2019une soci\u00e9t\u00e9 de cryptomonnaie <strong>ont \u00e9chapp\u00e9 \u00e0 un enl\u00e8vement<\/strong> en pleine rue \u00e0 Paris.<\/p>\n<p>Vid\u00e9os : en ce moment sur Actu<\/p>\n<p class=\" wall-content\">Dans cette enqu\u00eate, \u00ab\u2009tout le commando a \u00e9t\u00e9 interpell\u00e9\u2009\u00bb, a indiqu\u00e9 la source proche du dossier sans plus de pr\u00e9cisions sur le nombre de personnes concern\u00e9es.<\/p>\n<p>Une nouvelle tentative d\u2019enl\u00e8vement d\u00e9jou\u00e9e<\/p>\n<p class=\" wall-content\"><strong>Lundi 26\u00a0mai,<\/strong> dans la r\u00e9gion nantaise, une nouvelle tentative d\u2019enl\u00e8vement a \u00e9t\u00e9 d\u00e9jou\u00e9e juste avant sa r\u00e9alisation, a soulign\u00e9 la source, sans plus de d\u00e9tails sur les faits et les victimes.<\/p>\n<p class=\" wall-content\">Les <strong>interpellations<\/strong> des individus soup\u00e7onn\u00e9s de l\u2019enl\u00e8vement \u00e0 Paris se sont d\u00e9roul\u00e9es t\u00f4t le lundi matin, sur un parking situ\u00e9 <strong>boulevard Fran\u00e7ois-Blancho \u00e0 Cou\u00ebron<\/strong>, pr\u00e9cise le <a href=\"https:\/\/www.ouest-france.fr\/economie\/cryptomonnaie\/cryptomonnaies-une-tentative-denlevement-dejouee-lundi-pres-de-nantes-d11fc15e-3aea-11f0-88b0-943c4d024772\" target=\"_blank\" rel=\"noopener\">quotidien Ouest-France.<\/a><\/p>\n<p class=\" wall-content\"><a href=\"https:\/\/actu.fr\/mentions-afp\" target=\"_blank\" rel=\"noopener\">Source\u2009: \u00a9 2025 AFP<\/a><\/p>\n<p class=\" wall-content\">Suivez toute l\u2019actualit\u00e9 de vos villes et m\u00e9dias favoris en vous inscrivant \u00e0 <a href=\"https:\/\/moncompte.actu.fr\" title=\"D\u00e9couvez Mon Actu\" rel=\"nofollow noopener\" data-trk=\"{&quot;cta&quot;:{&quot;action&quot;:&quot;https:\\\/\\\/moncompte.actu.fr&quot;,&quot;category&quot;:&quot;mon compte&quot;,&quot;from&quot;:&quot;article footer&quot;,&quot;name&quot;:&quot;Mon actu&quot;,&quot;type&quot;:&quot;cta&quot;}}\" target=\"_blank\">Mon Actu<\/a>.<\/p>\n","protected":false},"excerpt":{"rendered":"Par R\u00e9daction Nantes Publi\u00e9 le 27 mai 2025 \u00e0 15h30 Plus de vingt interpellations ont eu lieu au&hellip;\n","protected":false},"author":2,"featured_media":138322,"comment_status":"","ping_status":"","sticky":false,"template":"","format":"standard","meta":{"footnotes":""},"categories":[2818],"tags":[1111,11,11250,1777,674,118,1011,27,303,766,12,2636,1072,25],"class_list":{"0":"post-138321","1":"post","2":"type-post","3":"status-publish","4":"format-standard","5":"has-post-thumbnail","7":"category-nantes","8":"tag-actu","9":"tag-actualites","10":"tag-enlevements","11":"tag-eu","12":"tag-europe","13":"tag-faits-divers","14":"tag-fr","15":"tag-france","16":"tag-justice","17":"tag-nantes","18":"tag-news","19":"tag-pays-de-la-loire","20":"tag-police","21":"tag-republique-francaise"},"share_on_mastodon":{"url":"https:\/\/pubeurope.com\/@fr\/114594667922206596","error":""},"_links":{"self":[{"href":"https:\/\/www.europesays.com\/fr\/wp-json\/wp\/v2\/posts\/138321","targetHints":{"allow":["GET"]}}],"collection":[{"href":"https:\/\/www.europesays.com\/fr\/wp-json\/wp\/v2\/posts"}],"about":[{"href":"https:\/\/www.europesays.com\/fr\/wp-json\/wp\/v2\/types\/post"}],"author":[{"embeddable":true,"href":"https:\/\/www.europesays.com\/fr\/wp-json\/wp\/v2\/users\/2"}],"replies":[{"embeddable":true,"href":"https:\/\/www.europesays.com\/fr\/wp-json\/wp\/v2\/comments?post=138321"}],"version-history":[{"count":0,"href":"https:\/\/www.europesays.com\/fr\/wp-json\/wp\/v2\/posts\/138321\/revisions"}],"wp:featuredmedia":[{"embeddable":true,"href":"https:\/\/www.europesays.com\/fr\/wp-json\/wp\/v2\/media\/138322"}],"wp:attachment":[{"href":"https:\/\/www.europesays.com\/fr\/wp-json\/wp\/v2\/media?parent=138321"}],"wp:term":[{"taxonomy":"category","embeddable":true,"href":"https:\/\/www.europesays.com\/fr\/wp-json\/wp\/v2\/categories?post=138321"},{"taxonomy":"post_tag","embeddable":true,"href":"https:\/\/www.europesays.com\/fr\/wp-json\/wp\/v2\/tags?post=138321"}],"curies":[{"name":"wp","href":"https:\/\/api.w.org\/{rel}","templated":true}]}}