{"id":138323,"date":"2025-05-30T03:29:31","date_gmt":"2025-05-30T03:29:31","guid":{"rendered":"https:\/\/www.europesays.com\/fr\/138323\/"},"modified":"2025-05-30T03:29:31","modified_gmt":"2025-05-30T03:29:31","slug":"le-medecin-devoue-de-nantes-juge-par-ses-pairs-pour-avoir-laisse-circuler-un-patient-tuberculeux","status":"publish","type":"post","link":"https:\/\/www.europesays.com\/fr\/138323\/","title":{"rendered":"Le m\u00e9decin d\u00e9vou\u00e9 de Nantes jug\u00e9 par ses pairs pour avoir laiss\u00e9 circuler un patient \u00ab\u00a0tuberculeux\u00a0\u00bb"},"content":{"rendered":"<p class=\"paragraph text_align_left\">Le Dr Sami C. se retrouve \u00e0 nouveau dans le collimateur de ses pairs. Ce m\u00e9decin \u00ab d\u00e9vou\u00e9 \u00bb, connu dans les quartiers nord de Nantes (Loire-Atlantique) pour soigner les patients \u00ab vuln\u00e9rables \u00bb, aurait laiss\u00e9 circuler un patient \u00ab tuberculeux \u00bb sans pr\u00e9venir les autorit\u00e9s ni ses coll\u00e8gues. Il l\u2019avait en fait envoy\u00e9 au <a href=\"https:\/\/www.leparisien.fr\/faits-divers\/chu-de-nantes-inquietudes-apres-la-mort-dune-patiente-sur-un-brancard-11-01-2024-5ILK44MM4ZGOPBHBIIX4BG427E.php\" target=\"_blank\" rel=\"noreferrer noopener\">CHU de Nantes<\/a> pour passer une radio des poumons car il pensait avoir d\u00e9tect\u00e9 une \u00ab pathologie canc\u00e9reuse \u00bb chez ce patient \u00ab alcoolo-tabagique \u00bb. Probl\u00e8me : il n\u2019avait \u00ab pas eu de nouvelles \u00bb de ce \u00ab r\u00e9fugi\u00e9 tch\u00e9tch\u00e8ne \u00bb qui fr\u00e9quente les \u00ab restaurants sociaux \u00bb et a \u00ab voyag\u00e9 en Bi\u00e9lorussie \u00bb car il avait \u00ab disparu \u00bb dans la nature\u2026 Avant de r\u00e9appara\u00eetre, huit mois apr\u00e8s, avec une certaine \u00ab alt\u00e9ration \u00bb de son \u00e9tat de sant\u00e9. Renvoy\u00e9 aux urgences, il lui avait \u00e9t\u00e9 finalement diagnostiqu\u00e9 une \u00ab tuberculose active \u00bb.<\/p>\n<p>Il aurait \u00e9galement sign\u00e9 des ordonnances \u00ab fictives \u00bb<\/p>\n<p class=\"paragraph text_align_left\">\u00ab Peu de confr\u00e8res re\u00e7oivent des SDF, il a ce m\u00e9rite-l\u00e0, mais la prise en charge nous a quand m\u00eame pos\u00e9 question \u00bb, a donc r\u00e9sum\u00e9 le pr\u00e9sident du conseil d\u00e9partemental de <a href=\"https:\/\/www.leparisien.fr\/societe\/sante\/metoo-a-lhopital-le-president-du-conseil-de-lordre-des-medecins-reconnait-un-climat-domerta-28-05-2024-MRXXQJ4HNFG5BOHMN5WGZ4U6EA.php\" target=\"_blank\" rel=\"noreferrer noopener\">l\u2019ordre des m\u00e9decins<\/a> de la Loire-Atlantique devant la chambre disciplinaire de l\u2019ordre r\u00e9gional des Pays de la Loire le 21 mai. Mais ce praticien est confront\u00e9 au \u00ab nomadisme m\u00e9dical \u00bb des patients \u00ab allophones \u00bb et \u00ab tr\u00e8s pr\u00e9caires \u00bb, l\u2019a d\u00e9fendu son avocate. La d\u00e9cision de la chambre disciplinaire sera rendue d\u2019ici six semaines.<\/p>\n<p class=\"paragraph text_align_left\">Entre-temps, le m\u00e9decin aura \u00e9t\u00e9 jug\u00e9 au tribunal correctionnel de Nantes pour \u00ab escroquerie \u00bb au pr\u00e9judice de la S\u00e9curit\u00e9 sociale et pour avoir sign\u00e9 des ordonnances \u00ab fictives \u00bb : il aurait d\u00e9livr\u00e9 de la pr\u00e9gabaline (m\u00e9dicament utilis\u00e9, de mani\u00e8re principale, dans le traitement des douleurs neuropathiques et des crises d\u2019\u00e9pilepsie partielles) sous la \u00ab pression \u00bb de toxicomanes, selon lui.<\/p>\n","protected":false},"excerpt":{"rendered":"Le Dr Sami C. se retrouve \u00e0 nouveau dans le collimateur de ses pairs. Ce m\u00e9decin \u00ab d\u00e9vou\u00e9&hellip;\n","protected":false},"author":2,"featured_media":138324,"comment_status":"","ping_status":"","sticky":false,"template":"","format":"standard","meta":{"footnotes":""},"categories":[2818],"tags":[1111,917,11,459,1777,674,1011,27,19723,766,12,2636,25,104],"class_list":{"0":"post-138323","1":"post","2":"type-post","3":"status-publish","4":"format-standard","5":"has-post-thumbnail","7":"category-nantes","8":"tag-actu","9":"tag-actu-locale","10":"tag-actualites","11":"tag-departements-horsidfo","12":"tag-eu","13":"tag-europe","14":"tag-fr","15":"tag-france","16":"tag-loire-atlantique-44","17":"tag-nantes","18":"tag-news","19":"tag-pays-de-la-loire","20":"tag-republique-francaise","21":"tag-societe"},"share_on_mastodon":{"url":"https:\/\/pubeurope.com\/@fr\/114594668080954216","error":""},"_links":{"self":[{"href":"https:\/\/www.europesays.com\/fr\/wp-json\/wp\/v2\/posts\/138323","targetHints":{"allow":["GET"]}}],"collection":[{"href":"https:\/\/www.europesays.com\/fr\/wp-json\/wp\/v2\/posts"}],"about":[{"href":"https:\/\/www.europesays.com\/fr\/wp-json\/wp\/v2\/types\/post"}],"author":[{"embeddable":true,"href":"https:\/\/www.europesays.com\/fr\/wp-json\/wp\/v2\/users\/2"}],"replies":[{"embeddable":true,"href":"https:\/\/www.europesays.com\/fr\/wp-json\/wp\/v2\/comments?post=138323"}],"version-history":[{"count":0,"href":"https:\/\/www.europesays.com\/fr\/wp-json\/wp\/v2\/posts\/138323\/revisions"}],"wp:featuredmedia":[{"embeddable":true,"href":"https:\/\/www.europesays.com\/fr\/wp-json\/wp\/v2\/media\/138324"}],"wp:attachment":[{"href":"https:\/\/www.europesays.com\/fr\/wp-json\/wp\/v2\/media?parent=138323"}],"wp:term":[{"taxonomy":"category","embeddable":true,"href":"https:\/\/www.europesays.com\/fr\/wp-json\/wp\/v2\/categories?post=138323"},{"taxonomy":"post_tag","embeddable":true,"href":"https:\/\/www.europesays.com\/fr\/wp-json\/wp\/v2\/tags?post=138323"}],"curies":[{"name":"wp","href":"https:\/\/api.w.org\/{rel}","templated":true}]}}