{"id":138339,"date":"2025-05-30T03:39:21","date_gmt":"2025-05-30T03:39:21","guid":{"rendered":"https:\/\/www.europesays.com\/fr\/138339\/"},"modified":"2025-05-30T03:39:21","modified_gmt":"2025-05-30T03:39:21","slug":"lassociation-kafete-o-momes-contrainte-de-fermer-deux-de-ses-sites-a-lyon","status":"publish","type":"post","link":"https:\/\/www.europesays.com\/fr\/138339\/","title":{"rendered":"l\u2019association Ka\u2019f\u00eate \u00f4 m\u00f4mes contrainte de fermer deux de ses sites \u00e0 Lyon"},"content":{"rendered":"<p>L\u2019association Ka\u2019f\u00eate \u00f4 m\u00f4mes contrainte de fermer prochainement deux de ses sites \u00e0 Lyon &#8211; DR<\/p>\n<p itemprop=\"description\"><strong>La Grande Ka\u2019f\u00eate et le LoKal aux ados, sites embl\u00e9matiques de l\u2019association Ka\u2019f\u00eate \u00f4 m\u00f4mes de Lyon, vont fermer leur porte suite \u00e0 des probl\u00e8mes financiers.<\/strong><\/p>\n<p>Dans un communiqu\u00e9, l\u2019association Ka\u2019f\u00eate \u00f4 m\u00f4mes, qui propose des repas \u00e0 base de produits bio et sert de lieu de loisir pour les enfants depuis 2009, a annonc\u00e9 la fermeture de deux de ses sites \u00e0 Lyon.<\/p>\n<p>La Grande Ka\u2019f\u00eate, caf\u00e9 familial historique situ\u00e9 dans les pentes de la Croix-Rousse, et le LoKal aux ados, site d\u00e9di\u00e9 aux enfants, vont dispara\u00eetre respectivement le 21 juin prochain et en juillet apr\u00e8s le dernier s\u00e9jour des ados.<\/p>\n<p><strong>\u00ab\u00a0Ce choix difficile r\u00e9sulte d\u2019un contexte \u00e9conomique d\u00e9grad\u00e9\u00a0\u00bb<\/strong><\/p>\n<p>\u00ab\u00a0Ce choix difficile r\u00e9sulte d\u2019un contexte \u00e9conomique d\u00e9grad\u00e9 et d\u2019un travail de recentrage men\u00e9 en lien avec la Ville de Lyon, pour garantir la p\u00e9rennit\u00e9 de notre action. Nous poursuivons nos activit\u00e9s sur deux sites, dont La P\u2019tite Ka\u2019f\u00eate, avec de nouvelles perspectives entre autres tourn\u00e9es vers l\u2019interg\u00e9n\u00e9rationnel\u00a0\u00bb, explique Julien Bec, directeur de l\u2019association.<\/p>\n<p>Pour continuer de vivre, Ka\u2019f\u00eate \u00f4 m\u00f4mes demande \u00e0 tous les Lyonnais de venir \u00e0 la P\u2019tite Ka\u2019f\u00eate en \u00ab\u00a0proposant des id\u00e9es ou des actions, en faisant un don ou en adh\u00e9rant, ou simplement en relayant ses informations\u00a0\u00bb.<\/p>\n<p>L\u2019association donne rendez-vous le 20 juin prochain, \u00e0 16h45, pour rendre un hommage aux sites qui vont \u00eatre prochainement ferm\u00e9s \u00ab\u00a0et \u00e0 toutes les personnes qui les ont fait vivre depuis 16 ans\u00a0\u00bb.<\/p>\n<p>A noter que la P\u2019tite Ka\u2019f\u00eate se poursuivra elle dans le quartier Serin dans le 4e arrondissement, pour les enfants de 3 \u00e0 11 ans et leurs parents. Ce site deviendra \u00e9galement un espace d\u2019activit\u00e9s interg\u00e9n\u00e9rationnelles \u00ab\u00a0dans la continuit\u00e9 de nos valeurs de vivre ensemble\u00a0\u00bb.<\/p>\n","protected":false},"excerpt":{"rendered":"L\u2019association Ka\u2019f\u00eate \u00f4 m\u00f4mes contrainte de fermer prochainement deux de ses sites \u00e0 Lyon &#8211; DR La Grande&hellip;\n","protected":false},"author":2,"featured_media":138340,"comment_status":"","ping_status":"","sticky":false,"template":"","format":"standard","meta":{"footnotes":""},"categories":[1889],"tags":[1111,11,2813,2190,2430,1109,251,1112,2811,1777,674,118,1011,27,1922,1110,1114,2428,2810,12,241,316,25,2812,517,800],"class_list":{"0":"post-138339","1":"post","2":"type-post","3":"status-publish","4":"format-standard","5":"has-post-thumbnail","7":"category-lyon","8":"tag-actu","9":"tag-actualites","10":"tag-article","11":"tag-asvel","12":"tag-auvergne-rhone-alpes","13":"tag-breves","14":"tag-culture","15":"tag-depeches","16":"tag-economique","17":"tag-eu","18":"tag-europe","19":"tag-faits-divers","20":"tag-fr","21":"tag-france","22":"tag-info","23":"tag-informations","24":"tag-infos","25":"tag-lyon","26":"tag-lyonmag","27":"tag-news","28":"tag-ol","29":"tag-politique","30":"tag-republique-francaise","31":"tag-sociale","32":"tag-sport","33":"tag-transports"},"share_on_mastodon":{"url":"https:\/\/pubeurope.com\/@fr\/114594707203922500","error":""},"_links":{"self":[{"href":"https:\/\/www.europesays.com\/fr\/wp-json\/wp\/v2\/posts\/138339","targetHints":{"allow":["GET"]}}],"collection":[{"href":"https:\/\/www.europesays.com\/fr\/wp-json\/wp\/v2\/posts"}],"about":[{"href":"https:\/\/www.europesays.com\/fr\/wp-json\/wp\/v2\/types\/post"}],"author":[{"embeddable":true,"href":"https:\/\/www.europesays.com\/fr\/wp-json\/wp\/v2\/users\/2"}],"replies":[{"embeddable":true,"href":"https:\/\/www.europesays.com\/fr\/wp-json\/wp\/v2\/comments?post=138339"}],"version-history":[{"count":0,"href":"https:\/\/www.europesays.com\/fr\/wp-json\/wp\/v2\/posts\/138339\/revisions"}],"wp:featuredmedia":[{"embeddable":true,"href":"https:\/\/www.europesays.com\/fr\/wp-json\/wp\/v2\/media\/138340"}],"wp:attachment":[{"href":"https:\/\/www.europesays.com\/fr\/wp-json\/wp\/v2\/media?parent=138339"}],"wp:term":[{"taxonomy":"category","embeddable":true,"href":"https:\/\/www.europesays.com\/fr\/wp-json\/wp\/v2\/categories?post=138339"},{"taxonomy":"post_tag","embeddable":true,"href":"https:\/\/www.europesays.com\/fr\/wp-json\/wp\/v2\/tags?post=138339"}],"curies":[{"name":"wp","href":"https:\/\/api.w.org\/{rel}","templated":true}]}}