{"id":138343,"date":"2025-05-30T03:42:06","date_gmt":"2025-05-30T03:42:06","guid":{"rendered":"https:\/\/www.europesays.com\/fr\/138343\/"},"modified":"2025-05-30T03:42:06","modified_gmt":"2025-05-30T03:42:06","slug":"le-parti-de-raphael-glucksmann-sinvite-dans-les-municipales-parisiennes","status":"publish","type":"post","link":"https:\/\/www.europesays.com\/fr\/138343\/","title":{"rendered":"Le parti de Rapha\u00ebl Glucksmann s\u2019invite dans les municipales parisiennes"},"content":{"rendered":"<p><strong>ANALYSE <\/strong>&#8211; D\u00e9sormais dot\u00e9e d\u2019un chef de file, Place publique compte bien multiplier ses \u00e9lus dans la capitale en mars 2026.<\/p>\n<p class=\"fig-paragraph\">Si Paris avait \u00e9t\u00e9 la France, il aurait gagn\u00e9 haut la main les \u00e9lections europ\u00e9ennes l\u2019an dernier.\u00a0<a href=\"http:\/\/www.lefigaro.fr\/vox\/politique\/quand-raphael-glucksmann-propose-aux-chercheurs-d-outre-atlantique-une-cure-de-desintoxication-au-reve-americain-20250319\" data-fig-type=\"Article\" data-gtm-custom-categorie=\"navigation\" data-gtm-custom-action=\"crossclick\" data-gtm-custom-label=\"Contextuel\" data-gtm-event=\"customEventSPE\" data-fig-domain=\"LEFIGARO\" target=\"_blank\" rel=\"noopener\">Rapha\u00ebl Glucksmann<\/a>\u00a0a recueilli en juin 2024 pr\u00e8s de 23\u00a0% des suffrages dans la capitale (contre 13,8\u00a0% \u00e0 l\u2019\u00e9chelle nationale), arrivant en t\u00eate dans plus de la moiti\u00e9 des arrondissements. \u00c0 croire que la sociologie d\u2019une majeure partie de la ville correspond \u00e0 l\u2019offre politique de cet intellectuel engag\u00e9 en politique, qui se dit r\u00e9solument de gauche mais tr\u00e8s r\u00e9fractaire \u00e0\u00a0<a href=\"http:\/\/www.lefigaro.fr\/politique\/jean-luc-melenchon-s-affiche-avec-une-star-americaine-des-reseaux-sociaux-accusee-d-antisemitisme-20250516\" data-fig-type=\"NewsFlash\" data-gtm-custom-categorie=\"navigation\" data-gtm-custom-action=\"crossclick\" data-gtm-custom-label=\"Contextuel\" data-gtm-event=\"customEventSPE\" data-fig-domain=\"LEFIGARO\" target=\"_blank\" rel=\"noopener\">Jean-Luc M\u00e9lenchon<\/a>. Lui qui r\u00eave de transformer sa formation politique Place publique, nagu\u00e8re lilliputienne, en \u00ab\u00a0parti de masse\u00a0\u00bb mise gros sur les municipales de mars 2026. Et Paris, naturellement, se trouve au c\u0153ur des attentions.<\/p>\n<p class=\"fig-paragraph\">Rapha\u00ebl Glucksmann l\u2019a fait savoir d\u00e8s janvier dernier, lors de l\u2019inauguration du si\u00e8ge du parti dans le 9e\u00a0arrondissement de la\u00a0<a href=\"http:\/\/www.lefigaro.fr\/politique\/municipales-2026-a-paris-un-premier-debat-sans-eclat-entre-les-trois-candidats-a-l-investiture-socialiste-20250507\" data-fig-type=\"Article\" data-gtm-custom-categorie=\"navigation\" data-gtm-custom-action=\"crossclick\" data-gtm-custom-label=\"Contextuel\" data-gtm-event=\"customEventSPE\" data-fig-domain=\"LEFIGARO\" target=\"_blank\" rel=\"noopener\">capitale<\/a>. Lors de l\u2019\u00e9v\u00e9nement, l\u2019eurod\u00e9put\u00e9 a pr\u00e9venu\u00a0: \u00ab\u00a0C\u2019est impossible pour les autres forces de gauche de ne pas nous prendre en compte. La gauche (parisienne)\u2026<\/p>\n<p class=\"fig-premium-paywall__infos\">\n        Cet article est r\u00e9serv\u00e9 aux abonn\u00e9s.        Il vous reste 80% \u00e0 d\u00e9couvrir.\n    <\/p>\n<p>                <img  data- alt=\"Le Figaro\" class=\"fig-img--complete fig-img\"\/><\/p>\n<p class=\"fig-premium-paywall__title\">Vente Flash<\/p>\n<p class=\"fig-premium-paywall__subtitle\">4,99\u20ac par mois pendant 12 mois. Sans engagement.<\/p>\n<p class=\"fig-premium-paywall__connect\">\n                D\u00e9j\u00e0 abonn\u00e9\u00a0?                <a class=\"fig-premium-paywall__connect-link\" href=\"https:\/\/connect.lefigaro.fr\/login?client=horizon_web&amp;type=main&amp;redirect_uri=https%3A%2F%2Fwww.lefigaro.fr%2Fpolitique%2Fle-parti-de-raphael-glucksmann-s-invite-dans-les-municipales-parisiennes-20250529\" data-js-gtm=\"{&quot;customCategorie&quot;: &quot;conversion&quot;, &quot;customAction&quot;: &quot;before_Landing_Connexion_paywall_auto&quot;, &quot;customLabel&quot;: &quot;bGVmaWdhcm8uZnJfXzFmMDI5OTYwLTFiZTMtNjA3Yy1iN2QyLTA3NTkxNzNmNTc0Zl9fQXJ0aWNsZQ==_Le parti de Rapha\u00ebl Glucksmann s\u2019invite dans les municipales parisiennes_286&quot;, &quot;customIDSPE&quot;: &quot;bGVmaWdhcm8uZnJfXzFmMDI5OTYwLTFiZTMtNjA3Yy1iN2QyLTA3NTkxNzNmNTc0Zl9fQXJ0aWNsZQ==&quot;, &quot;event&quot;: &quot;customEventSPE&quot;}\" target=\"_blank\" rel=\"noopener\"><br \/>\n                    Connectez-vous<br \/>\n                <\/a>\n            <\/p>\n","protected":false},"excerpt":{"rendered":"ANALYSE &#8211; D\u00e9sormais dot\u00e9e d\u2019un chef de file, Place publique compte bien multiplier ses \u00e9lus dans la capitale&hellip;\n","protected":false},"author":2,"featured_media":138344,"comment_status":"","ping_status":"","sticky":false,"template":"","format":"standard","meta":{"footnotes":""},"categories":[1888],"tags":[1111,1928,11,1927,426,427,422,423,1777,674,1011,27,418,424,425,420,421,2381,3554,12,1926,419,626,1925,316,429,15923,25,428],"class_list":{"0":"post-138343","1":"post","2":"type-post","3":"status-publish","4":"format-standard","5":"has-post-thumbnail","7":"category-paris","8":"tag-actu","9":"tag-actu-paris","10":"tag-actualites","11":"tag-actualites-paris","12":"tag-candidat","13":"tag-candidats","14":"tag-depute","15":"tag-deputes","16":"tag-eu","17":"tag-europe","18":"tag-fr","19":"tag-france","20":"tag-gouvernement","21":"tag-institution","22":"tag-institutions","23":"tag-loi","24":"tag-lois","25":"tag-mairie-de-paris","26":"tag-municipales","27":"tag-news","28":"tag-news-paris","29":"tag-opposition","30":"tag-paris","31":"tag-paris-news","32":"tag-politique","33":"tag-ps","34":"tag-raphael-glucksmann","35":"tag-republique-francaise","36":"tag-ump"},"share_on_mastodon":{"url":"https:\/\/pubeurope.com\/@fr\/114594718938198254","error":""},"_links":{"self":[{"href":"https:\/\/www.europesays.com\/fr\/wp-json\/wp\/v2\/posts\/138343","targetHints":{"allow":["GET"]}}],"collection":[{"href":"https:\/\/www.europesays.com\/fr\/wp-json\/wp\/v2\/posts"}],"about":[{"href":"https:\/\/www.europesays.com\/fr\/wp-json\/wp\/v2\/types\/post"}],"author":[{"embeddable":true,"href":"https:\/\/www.europesays.com\/fr\/wp-json\/wp\/v2\/users\/2"}],"replies":[{"embeddable":true,"href":"https:\/\/www.europesays.com\/fr\/wp-json\/wp\/v2\/comments?post=138343"}],"version-history":[{"count":0,"href":"https:\/\/www.europesays.com\/fr\/wp-json\/wp\/v2\/posts\/138343\/revisions"}],"wp:featuredmedia":[{"embeddable":true,"href":"https:\/\/www.europesays.com\/fr\/wp-json\/wp\/v2\/media\/138344"}],"wp:attachment":[{"href":"https:\/\/www.europesays.com\/fr\/wp-json\/wp\/v2\/media?parent=138343"}],"wp:term":[{"taxonomy":"category","embeddable":true,"href":"https:\/\/www.europesays.com\/fr\/wp-json\/wp\/v2\/categories?post=138343"},{"taxonomy":"post_tag","embeddable":true,"href":"https:\/\/www.europesays.com\/fr\/wp-json\/wp\/v2\/tags?post=138343"}],"curies":[{"name":"wp","href":"https:\/\/api.w.org\/{rel}","templated":true}]}}