{"id":138345,"date":"2025-05-30T03:43:14","date_gmt":"2025-05-30T03:43:14","guid":{"rendered":"https:\/\/www.europesays.com\/fr\/138345\/"},"modified":"2025-05-30T03:43:14","modified_gmt":"2025-05-30T03:43:14","slug":"une-experience-tres-relax-quand-la-numero-3-mondiale-jessica-pegula-complimente-le-metro-parisien","status":"publish","type":"post","link":"https:\/\/www.europesays.com\/fr\/138345\/","title":{"rendered":"\u00abUne exp\u00e9rience tr\u00e8s relax&#8230;\u00bb Quand la num\u00e9ro 3 mondiale, Jessica Pegula, complimente le m\u00e9tro parisien"},"content":{"rendered":"<p><strong>LE SCAN SPORT &#8211; <\/strong>L\u2019Am\u00e9ricaine, qualifi\u00e9e ce jeudi pour le 3e tour, est revenue sur son trajet dans les transports en commun de la capitale, qu\u2019elle a jug\u00e9 \u00abtr\u00e8s agr\u00e9able et tr\u00e8s propre\u00bb.<\/p>\n<p class=\"fig-paragraph\">Tandis que\u00a0<a href=\"http:\/\/www.lefigaro.fr\/sports\/tennis\/roland-garros\/roland-garros-en-video-la-promenade-a-velo-de-novak-djokovic-autour-du-rond-point-de-l-etoile-20250529\" data-fig-type=\"NewsFlash\" data-gtm-custom-categorie=\"navigation\" data-gtm-custom-action=\"crossclick\" data-gtm-custom-label=\"Contextuel\" data-gtm-event=\"customEventSPE\" data-fig-domain=\"LEFIGARO\" target=\"_blank\" rel=\"noopener\">Novak Djokovic<\/a>\u00a0fait du v\u00e9lo sur la Place de l\u2019\u00c9toile, s\u2019amusant de tourner autour de l\u2019Arc de Triomphe,\u00a0<a href=\"http:\/\/www.lefigaro.fr\/sports\/tennis\/roland-garros\/roland-garros-pegula-passe-tranquillement-au-troisieme-tour-20250529\" data-fig-type=\"NewsFlash\" data-gtm-custom-categorie=\"navigation\" data-gtm-custom-action=\"crossclick\" data-gtm-custom-label=\"Contextuel\" data-gtm-event=\"customEventSPE\" data-fig-domain=\"LEFIGARO\" target=\"_blank\" rel=\"noopener\">Jessica Pegula<\/a>, elle, a choisi une autre option pour se d\u00e9placer. Pour agr\u00e9menter son s\u00e9jour dans la Ville Lumi\u00e8re, l\u2019Am\u00e9ricaine a d\u00e9cid\u00e9, mercredi, de s\u2019offrir une petite aventure dans\u2026 le m\u00e9tro parisien.<\/p>\n<p class=\"fig-paragraph\">\u00abC\u2019\u00e9tait tr\u00e8s bien, tr\u00e8s propre, beaucoup plus d\u00e9tendu que lorsque j\u2019ai pris le m\u00e9tro \u00e0 New York\u00bb, a-t-elle confi\u00e9 ce jeudi, apr\u00e8s sa victoire au 2e tour face \u00e0 sa compatriote\u00a0<a href=\"https:\/\/www.lefigaro.fr\/sports\/tennis\/wta\/fil-info\/ann-li-et-saisai-zheng-passent-le-deuxieme-tour-1037319\" data-fig-type=\"NewsFlash\" data-gtm-custom-categorie=\"navigation\" data-gtm-custom-action=\"crossclick\" data-gtm-custom-label=\"Contextuel\" data-gtm-event=\"customEventSPE\" data-fig-domain=\"LEFIGARO\" target=\"_blank\" rel=\"noopener\">Ann Li<\/a>\u00a0(6-3, 7-6). \u00abC\u2019\u00e9tait vraiment une exp\u00e9rience tr\u00e8s divertissante et tr\u00e8s relax \u00e0 Paris.\u00bb Et pas trop longue puisque l\u2019Am\u00e9ricaine n\u2019a pris la ligne 9 que pour un trajet de douze stations la menant \u00e0 son h\u00f4tel.<\/p>\n<p class=\"fig-paragraph\">Jessica Pegula a \u00e9t\u00e9 tellement conquise par le r\u00e9seau francilien qu\u2019elle aimerait m\u00eame essayer de convertir certains de ses petit(e)s camarades de jeu. \u00abJe vais voir si je peux prendre des joueurs avec moi et faire quelques sorties \u00e0 l\u2019avenir et voir ce qui se passe. Peut-\u00eatre que je pourrais inspirer tout le monde \u00e0 prendre le m\u00e9tro.\u00bb<\/p>\n<p class=\"fig-paragraph\">Peut-\u00eatre sa mani\u00e8re \u00e0 elle de lutter en faveur de l\u2019environnement. En attendant, seul (\u00e9ventuel) petit point n\u00e9gatif pour elle et son ego, sa notori\u00e9t\u00e9 demeure visiblement inexistante aupr\u00e8s du grand public parisien. \u00abPersonne ne m\u2019a reconnue, tout le monde s\u2019en foutait.\u00bb<\/p>\n","protected":false},"excerpt":{"rendered":"LE SCAN SPORT &#8211; L\u2019Am\u00e9ricaine, qualifi\u00e9e ce jeudi pour le 3e tour, est revenue sur son trajet dans&hellip;\n","protected":false},"author":2,"featured_media":138346,"comment_status":"","ping_status":"","sticky":false,"template":"","format":"standard","meta":{"footnotes":""},"categories":[1888],"tags":[1111,1928,11,1927,4169,105,1777,674,2199,1011,27,24473,4977,1960,12,1926,626,1925,25,24472,4171,1467,4170],"class_list":{"0":"post-138345","1":"post","2":"type-post","3":"status-publish","4":"format-standard","5":"has-post-thumbnail","7":"category-paris","8":"tag-actu","9":"tag-actu-paris","10":"tag-actualites","11":"tag-actualites-paris","12":"tag-atp","13":"tag-djokovic","14":"tag-eu","15":"tag-europe","16":"tag-federer","17":"tag-fr","18":"tag-france","19":"tag-internationaux-de-france","20":"tag-le-scan-sport","21":"tag-nadal","22":"tag-news","23":"tag-news-paris","24":"tag-paris","25":"tag-paris-news","26":"tag-republique-francaise","27":"tag-rg","28":"tag-roland-garros","29":"tag-tennis","30":"tag-wta"},"share_on_mastodon":{"url":"https:\/\/pubeurope.com\/@fr\/114594722823519108","error":""},"_links":{"self":[{"href":"https:\/\/www.europesays.com\/fr\/wp-json\/wp\/v2\/posts\/138345","targetHints":{"allow":["GET"]}}],"collection":[{"href":"https:\/\/www.europesays.com\/fr\/wp-json\/wp\/v2\/posts"}],"about":[{"href":"https:\/\/www.europesays.com\/fr\/wp-json\/wp\/v2\/types\/post"}],"author":[{"embeddable":true,"href":"https:\/\/www.europesays.com\/fr\/wp-json\/wp\/v2\/users\/2"}],"replies":[{"embeddable":true,"href":"https:\/\/www.europesays.com\/fr\/wp-json\/wp\/v2\/comments?post=138345"}],"version-history":[{"count":0,"href":"https:\/\/www.europesays.com\/fr\/wp-json\/wp\/v2\/posts\/138345\/revisions"}],"wp:featuredmedia":[{"embeddable":true,"href":"https:\/\/www.europesays.com\/fr\/wp-json\/wp\/v2\/media\/138346"}],"wp:attachment":[{"href":"https:\/\/www.europesays.com\/fr\/wp-json\/wp\/v2\/media?parent=138345"}],"wp:term":[{"taxonomy":"category","embeddable":true,"href":"https:\/\/www.europesays.com\/fr\/wp-json\/wp\/v2\/categories?post=138345"},{"taxonomy":"post_tag","embeddable":true,"href":"https:\/\/www.europesays.com\/fr\/wp-json\/wp\/v2\/tags?post=138345"}],"curies":[{"name":"wp","href":"https:\/\/api.w.org\/{rel}","templated":true}]}}