{"id":138349,"date":"2025-05-30T03:45:09","date_gmt":"2025-05-30T03:45:09","guid":{"rendered":"https:\/\/www.europesays.com\/fr\/138349\/"},"modified":"2025-05-30T03:45:09","modified_gmt":"2025-05-30T03:45:09","slug":"paris-pousse-dans-un-match-dappui-par-dijon-en-quarts-de-finale","status":"publish","type":"post","link":"https:\/\/www.europesays.com\/fr\/138349\/","title":{"rendered":"Paris pouss\u00e9 dans un match d\u2019appui par Dijon en quarts de finale"},"content":{"rendered":"<p>Victorieux mardi, les Parisiens reviendront devant leur public, samedi, pour tenter de se qualifier pour le dernier carr\u00e9.<\/p>\n<p class=\"fig-paragraph\">Dijon a pouss\u00e9 Paris \u00e0 un match d\u2019appui en quarts de finale de l\u2019\u00c9lite en l\u2019emportant jeudi \u00e0 domicile (76-69). Victorieux mardi, les Parisiens reviendront devant leur public, samedi, pour tenter de se qualifier pour le dernier carr\u00e9. Le club de la capitale, malgr\u00e9 le grand match de Maodo L\u00f4 (21 pts \u00e0 5\/8 \u00e0 3 pts), s\u2019est inclin\u00e9 dans une ambiance de feu et au bout d\u2019une fin de match compl\u00e8tement folle, lors de laquelle la JDA a \u00e9t\u00e9 plusieurs fois au bord du pr\u00e9cipice.<\/p>\n<p class=\"fig-paragraph\">Elle ainsi compt\u00e9 huit longueurs de retard \u00e0 7 minutes du terme, puis quatre \u00e0 1 min 23 sec de la fin, avant de repasser devant (79-78) \u00e0 22 secondes du buzzer sur un tir prim\u00e9 de Gregor Hrovat, discret pendant l\u2019essentiel de la rencontre avant de se r\u00e9veiller dans la derni\u00e8re p\u00e9riode (9 de ses 11 points).<\/p>\n<p class=\"fig-paragraph\">TJ Shorts (15 pts) a ensuite manqu\u00e9 un de ses lancers-francs, repla\u00e7ant les deux \u00e9quipes \u00e0 \u00e9galit\u00e9 \u00e0 11 secondes de la sir\u00e8ne, avant de commettre une faute sur Axel Julien \u00e0 1 sec 9\/10e de la fin.<\/p>\n","protected":false},"excerpt":{"rendered":"Victorieux mardi, les Parisiens reviendront devant leur public, samedi, pour tenter de se qualifier pour le dernier carr\u00e9.&hellip;\n","protected":false},"author":2,"featured_media":138350,"comment_status":"","ping_status":"","sticky":false,"template":"","format":"standard","meta":{"footnotes":""},"categories":[1888],"tags":[11,2190,1465,1464,3146,2180,2192,2930,814,64,1777,450,2183,674,1011,27,2191,2193,820,2181,2182,12,626,2179,2189,2186,2184,2185,25,1980,2188,2187],"class_list":{"0":"post-138349","1":"post","2":"type-post","3":"status-publish","4":"format-standard","5":"has-post-thumbnail","7":"category-paris","8":"tag-actualites","9":"tag-asvel","10":"tag-basket","11":"tag-basketball","12":"tag-betclic-elite","13":"tag-championnats-deurope","14":"tag-cholet","15":"tag-dijon","16":"tag-direct","17":"tag-equipe-de-france","18":"tag-eu","19":"tag-euro","20":"tag-euroligue","21":"tag-europe","22":"tag-fr","23":"tag-france","24":"tag-le-mans","25":"tag-limoges","26":"tag-live","27":"tag-mondial","28":"tag-nba","29":"tag-news","30":"tag-paris","31":"tag-paris-basketball","32":"tag-photos","33":"tag-play-offs","34":"tag-pro-a","35":"tag-pro-b","36":"tag-republique-francaise","37":"tag-resultats","38":"tag-statistiques","39":"tag-stats"},"share_on_mastodon":{"url":"https:\/\/pubeurope.com\/@fr\/114594730789070644","error":""},"_links":{"self":[{"href":"https:\/\/www.europesays.com\/fr\/wp-json\/wp\/v2\/posts\/138349","targetHints":{"allow":["GET"]}}],"collection":[{"href":"https:\/\/www.europesays.com\/fr\/wp-json\/wp\/v2\/posts"}],"about":[{"href":"https:\/\/www.europesays.com\/fr\/wp-json\/wp\/v2\/types\/post"}],"author":[{"embeddable":true,"href":"https:\/\/www.europesays.com\/fr\/wp-json\/wp\/v2\/users\/2"}],"replies":[{"embeddable":true,"href":"https:\/\/www.europesays.com\/fr\/wp-json\/wp\/v2\/comments?post=138349"}],"version-history":[{"count":0,"href":"https:\/\/www.europesays.com\/fr\/wp-json\/wp\/v2\/posts\/138349\/revisions"}],"wp:featuredmedia":[{"embeddable":true,"href":"https:\/\/www.europesays.com\/fr\/wp-json\/wp\/v2\/media\/138350"}],"wp:attachment":[{"href":"https:\/\/www.europesays.com\/fr\/wp-json\/wp\/v2\/media?parent=138349"}],"wp:term":[{"taxonomy":"category","embeddable":true,"href":"https:\/\/www.europesays.com\/fr\/wp-json\/wp\/v2\/categories?post=138349"},{"taxonomy":"post_tag","embeddable":true,"href":"https:\/\/www.europesays.com\/fr\/wp-json\/wp\/v2\/tags?post=138349"}],"curies":[{"name":"wp","href":"https:\/\/api.w.org\/{rel}","templated":true}]}}