{"id":138353,"date":"2025-05-30T03:47:11","date_gmt":"2025-05-30T03:47:11","guid":{"rendered":"https:\/\/www.europesays.com\/fr\/138353\/"},"modified":"2025-05-30T03:47:11","modified_gmt":"2025-05-30T03:47:11","slug":"lukraine-sceptique-poutine-absent-les-pourparlers-de-paix-a-istanbul-sont-deja-en-peril","status":"publish","type":"post","link":"https:\/\/www.europesays.com\/fr\/138353\/","title":{"rendered":"L\u2019Ukraine sceptique, Poutine absent&#8230; Les pourparlers de paix \u00e0 Istanbul sont d\u00e9j\u00e0 en p\u00e9ril"},"content":{"rendered":"<p>        <img decoding=\"async\" loading=\"lazy\" src=\"https:\/\/www.europesays.com\/fr\/wp-content\/uploads\/2025\/05\/3225497_sirius-fs-upload-1-xr6d34xbphts-1747055628743-000-468q6cq.jpg\"  width=\"728\" height=\"409\" alt=\" Vladimir Poutine a propos\u00e9 un second cycle de n\u00e9gociations qui doivent d\u00e9buter d\u00e8s lundi 2\u00a0juin \u00e0 Istanbul, mais il ne compte pas s\u2019y rendre.\"\/>  <\/p>\n<p>PAVEL BEDNYAKOV \/ AFP<\/p>\n<p> Vladimir Poutine a propos\u00e9 un second cycle de n\u00e9gociations qui doivent d\u00e9buter d\u00e8s lundi 2\u00a0juin \u00e0 Istanbul, mais il ne compte pas s\u2019y rendre.<\/p>\n<p class=\"asset asset-text\">INUTERNATIONAL &#8211; Le risque d\u2019un deuxi\u00e8me \u00e9chec est immense. Tandis que les premiers <a href=\"https:\/\/www.huffingtonpost.fr\/international\/video\/poutine-propose-des-negociations-directes-avec-l-ukraine-une-premiere-depuis-2022-mais_249852.html\" rel=\"nofollow noopener\" target=\"_blank\">pourparlers russo-ukrainiens<\/a> \u00e0 Istanbul se sont sold\u00e9s par un \u00e9chec cuisant, Moscou a propos\u00e9 un second cycle de n\u00e9gociations qui doivent d\u00e9buter d\u00e8s lundi 2\u00a0juin, de nouveau en Turquie. Probl\u00e8me\u00a0:<a href=\"https:\/\/www.huffingtonpost.fr\/international\/article\/volodymyr-zelensky-invite-vladimir-poutine-a-une-rencontre-trilaterale-avec-donald-trump_250616.html\" rel=\"nofollow noopener\" target=\"_blank\"> l\u2019Ukraine <\/a>est sceptique sur les intentions du Kremlin et la Russie envoie une d\u00e9l\u00e9gation sans Vladimir Poutine.<\/p>\n<p class=\"asset asset-text\">Le chef de l\u2019administration pr\u00e9sidentielle ukrainienne, Andri\u00ef Iermak, a affirm\u00e9, ce jeudi 29\u00a0mai au soir, que son pays \u00e9tait \u00ab\u00a0pr\u00eat\u00a0\u00bb \u00e0 participer aux pourparlers propos\u00e9s par Moscou la semaine prochaine, mais a pos\u00e9 des conditions.<\/p>\n<p class=\"asset asset-text\">\u00ab\u00a0Nous souhaitons engager une discussion constructive\u00a0\u00bb, a-t-il d\u00e9clar\u00e9, dans un communiqu\u00e9, jugeant notamment \u00ab\u00a0important\u00a0\u00bb que la Russie transmette \u00e0 l\u2019Ukraine\u00a0avant cette r\u00e9union pr\u00e9vue lundi le \u00ab\u00a0m\u00e9morandum\u00a0\u00bb qu\u2019elle pr\u00e9pare, et qui est cens\u00e9 exposer ses conditions afin de parvenir \u00e0 un accord de paix durable. Selon lui, la partie russe a, elle, re\u00e7u un texte d\u00e9taillant la position ukrainienne. Mais pour le moment, le Kremlin a rejet\u00e9 cette \u00ab\u00a0exigence\u00a0\u00bb.<\/p>\n<p>    Zelensky craint des discussions \u00ab\u00a0vides de sens\u00a0\u00bb    <\/p>\n<p class=\"asset asset-text\">Pour le porte-parole du minist\u00e8re ukrainien des Affaires \u00e9trang\u00e8res, Gueorgui\u00ef Tykhi\u00ef, la r\u00e9ticence de Moscou \u00e0 envoyer son m\u00e9morandum \u00ab\u00a0sugg\u00e8re qu\u2019il contient vraisemblablement des ultimatums irr\u00e9alistes\u00a0\u00bb.<\/p>\n<p class=\"asset asset-text\">Le pr\u00e9sident ukrainien Volodymyr Zelensky a lui d\u00e9nonc\u00e9 une nouvelle \u00ab\u00a0man\u0153uvre\u00a0\u00bb de la Russie, l\u2019accusant de tout faire pour rendre les pourparlers \u00ab\u00a0vides de sens\u00a0\u00bb. Il a \u00e9galement accus\u00e9 la Russie de vouloir \u00ab\u00a0faire durer la guerre\u00a0\u00bb, et a appel\u00e9 \u00e0 imposer de nouvelles sanctions pour accro\u00eetre la pression.<\/p>\n<p class=\"asset asset-text\">La m\u00e9fiance ukrainienne est d\u2019autant plus grande que la Russie a pr\u00e9vu d\u2019envoyer lundi prochain\u00a0la \u00ab\u00a0m\u00eame\u00a0\u00bb \u00e9quipe qu\u2019au premier cycle de n\u00e9gociations, soit sans Vladimir Poutine. D\u00e9j\u00e0 le 16\u00a0mai, le ma\u00eetre du Kremlin ne s\u2019\u00e9tait pas rendu \u00e0 Istanbul et la composition de la d\u00e9l\u00e9gation russe avait \u00e9t\u00e9 vue par Kiev comme un signe que Moscou ne prenait pas ce processus au s\u00e9rieux.<\/p>\n<p>    Des positions difficilement conciliables    <\/p>\n<p class=\"asset asset-text\">Dans le fond, les positions officielles des deux bellig\u00e9rants semblent difficilement conciliables\u00a0: la Russie exige notamment que l\u2019Ukraine renonce \u00e0 jamais \u00e0 rejoindre l\u2019Otan et lui c\u00e8de les cinq r\u00e9gions dont elle revendique l\u2019annexion.<\/p>\n<p class=\"asset asset-text\">Le pr\u00e9sident turc Recep Tayyip Erdogan a appel\u00e9 Russie et Ukraine \u00e0 ne pas \u00ab\u00a0fermer la porte\u00a0\u00bb au dialogue, disant \u00eatre en contact avec les deux parties et esp\u00e9rer la reprise lundi de pourparlers en Turquie.<\/p>\n<p class=\"asset asset-text\">Le pr\u00e9sident am\u00e9ricain Donald Trump, qui s\u2019est rapproch\u00e9 de Moscou pour faire avancer les n\u00e9gociations, a, de son c\u00f4t\u00e9, adopt\u00e9 ces derniers jours un ton plus dur \u00e0 l\u2019\u00e9gard de son homologue russe. Il a jug\u00e9 Vladimir\u00a0Poutine \u00ab\u00a0compl\u00e8tement fou\u00a0\u00bb de poursuivre les bombardements, avant de pr\u00e9venir qu\u2019il jouait \u00ab\u00a0avec le feu\u00a0\u00bb.<\/p>\n<p class=\"asset asset-text\">Au Conseil de S\u00e9curit\u00e9 de l\u2019ONU, l\u2019ambassadeur am\u00e9ricain int\u00e9rimaire adjoint, John Kelley, a \u00e9t\u00e9 jeudi plus clair encore\u00a0: \u00ab\u00a0Si la Russie prend la mauvaise d\u00e9cision de poursuivre cette guerre catastrophique, les \u00c9tats-Unis devront envisager de se retirer de leurs efforts de n\u00e9gociation\u00a0\u00bb, a-t-il pr\u00e9venu. \u00ab\u00a0Le pr\u00e9sident\u00a0Poutine\u00a0devrait accepter cet accord\u00a0\u00bb, a insist\u00e9 le diplomate am\u00e9ricain. \u00ab\u00a0L\u2019autre solution, qui consisterait \u00e0 poursuivre la guerre, ne serait dans l\u2019int\u00e9r\u00eat de personne, pas m\u00eame dans celui de la Russie\u00a0\u00bb.<\/p>\n<p class=\"asset asset-text\">L\u2019espoir\u00a0de\u00a0n\u00e9gociations\u00a0de paix\u00a0entre\u00a0Moscou et Kiev est \u00ab\u00a0\u00e0 peine\u00a0\u00bb vivant, a r\u00e9sum\u00e9 Rosemary DiCarlo, une haute responsable de l\u2019ONU, d\u00e9non\u00e7ant la r\u00e9cente \u00ab\u00a0pouss\u00e9e brutale\u00a0\u00bb d\u2019attaques russes \u00e0 grande \u00e9chelle contre l\u2019Ukraine \u00ab\u00a0au lieu d\u2019avanc\u00e9es vers la paix\u00a0\u00bb. <\/p>\n","protected":false},"excerpt":{"rendered":"PAVEL BEDNYAKOV \/ AFP Vladimir Poutine a propos\u00e9 un second cycle de n\u00e9gociations qui doivent d\u00e9buter d\u00e8s lundi&hellip;\n","protected":false},"author":2,"featured_media":100836,"comment_status":"","ping_status":"","sticky":false,"template":"","format":"standard","meta":{"footnotes":""},"categories":[1590],"tags":[11,1777,674,131,14,12,132,3496,220,135,134],"class_list":{"0":"post-138353","1":"post","2":"type-post","3":"status-publish","4":"format-standard","5":"has-post-thumbnail","7":"category-ukraine","8":"tag-actualites","9":"tag-eu","10":"tag-europe","11":"tag-guerre-en-ukraine","12":"tag-international","13":"tag-news","14":"tag-russie","15":"tag-turquie","16":"tag-ukraine","17":"tag-vladimir-poutine","18":"tag-volodymyr-zelensky"},"share_on_mastodon":{"url":"https:\/\/pubeurope.com\/@fr\/114594739198065149","error":""},"_links":{"self":[{"href":"https:\/\/www.europesays.com\/fr\/wp-json\/wp\/v2\/posts\/138353","targetHints":{"allow":["GET"]}}],"collection":[{"href":"https:\/\/www.europesays.com\/fr\/wp-json\/wp\/v2\/posts"}],"about":[{"href":"https:\/\/www.europesays.com\/fr\/wp-json\/wp\/v2\/types\/post"}],"author":[{"embeddable":true,"href":"https:\/\/www.europesays.com\/fr\/wp-json\/wp\/v2\/users\/2"}],"replies":[{"embeddable":true,"href":"https:\/\/www.europesays.com\/fr\/wp-json\/wp\/v2\/comments?post=138353"}],"version-history":[{"count":0,"href":"https:\/\/www.europesays.com\/fr\/wp-json\/wp\/v2\/posts\/138353\/revisions"}],"wp:featuredmedia":[{"embeddable":true,"href":"https:\/\/www.europesays.com\/fr\/wp-json\/wp\/v2\/media\/100836"}],"wp:attachment":[{"href":"https:\/\/www.europesays.com\/fr\/wp-json\/wp\/v2\/media?parent=138353"}],"wp:term":[{"taxonomy":"category","embeddable":true,"href":"https:\/\/www.europesays.com\/fr\/wp-json\/wp\/v2\/categories?post=138353"},{"taxonomy":"post_tag","embeddable":true,"href":"https:\/\/www.europesays.com\/fr\/wp-json\/wp\/v2\/tags?post=138353"}],"curies":[{"name":"wp","href":"https:\/\/api.w.org\/{rel}","templated":true}]}}