{"id":138356,"date":"2025-05-30T03:49:09","date_gmt":"2025-05-30T03:49:09","guid":{"rendered":"https:\/\/www.europesays.com\/fr\/138356\/"},"modified":"2025-05-30T03:49:09","modified_gmt":"2025-05-30T03:49:09","slug":"shawn-mendes-annonce-des-dates-de-tournee-2025-royaume-uni-europeenne-et-nord-americaine","status":"publish","type":"post","link":"https:\/\/www.europesays.com\/fr\/138356\/","title":{"rendered":"Shawn Mendes annonce des dates de tourn\u00e9e 2025 Royaume-Uni, europ\u00e9enne et nord-am\u00e9ricaine"},"content":{"rendered":"<p>Shawn Mendes a annonc\u00e9 une nouvelle tourn\u00e9e \u00e0 travers le Royaume-Uni, l&rsquo;Europe et l&rsquo;Am\u00e9rique du Nord \u2013 d\u00e9couvrez tous les d\u00e9tails ci-dessous.<\/p>\n<p>L&rsquo;auteur-compositeur-interpr\u00e8te-interpr\u00e8te hier (29 mai) a annonc\u00e9 sa tourn\u00e9e \u00e0 nouveau sur la route, ce qui devrait d\u00e9marrer en ao\u00fbt et se terminer en octobre. Il comprendra un petit nombre d&rsquo;apparitions au festival, bien que la majorit\u00e9 de ses dates de tourn\u00e9e soient des spectacles.<\/p>\n<p>La tourn\u00e9e commencera par des spectacles \u00e0 Pristina, Cracovie, Budapest, Skanderborg, Cologne et St. Polten. Il reprendra ensuite l&rsquo;O2 \u00e0 Londres, avant un spectacle au Ziggo Dome \u00e0 Amsterdam.<\/p>\n<p>Apr\u00e8s quelques autres arr\u00eats \u00e0 travers l&rsquo;Europe, Shawn Mendes visitera ensuite l&rsquo;Am\u00e9rique du Nord, qui comprend des arr\u00eats \u00e0 Boston, Toronto, Montr\u00e9al, New York, San Francisco et Los Angeles.<\/p>\n<p>Les billets de pr\u00e9vente seront mis en vente le 4 juin, avec des billets g\u00e9n\u00e9raux en ligne le 6 juin. Vous pouvez trouver des billets pour ses dates britanniques et europ\u00e9ennes ici, et des billets pour son passage nord-am\u00e9ricain ici.<\/p>\n<p><strong>Les dates de la tourn\u00e9e de Shawn Mendes 2025 Royaume-Uni, UE et NA sont:<\/strong><\/p>\n<p><strong>AO\u00dbT<\/strong><br \/><strong>02 \u2013 Pristina, XK \u2013 Sunny Hill Festival<\/strong><br \/><strong>05 \u2013 Cracovie, PL \u2013 Tauron Arena (<\/strong><br \/><strong>07 \u2013 Budapest, Hu \u2013 Sziget Festival<\/strong><br \/><strong>09 \u2013 Skanderborg, DK \u2013 Smukfest<\/strong><br \/><strong>12 \u2013 Cologne, de \u2013 Lanxess Arena (<\/strong><br \/><strong>14 \u2013 St. P\u00f6lten, \u00e0 \u2013 Festival de fr\u00e9quence<\/strong><br \/><strong>16 \u2013 Londres, Royaume-Uni \u2013 L&rsquo;O2 (<\/strong><br \/><strong>20 \u2013 Amsterdam, NL \u2013 Ziggo Dome (<\/strong><br \/><strong>22 \u2013 Zurich, Ch \u2013 Zurich OpenAir<\/strong><br \/><strong>26 \u2013 Madrid, es \u2013 Movistar Arena (<\/strong><br \/><strong>28 \u2013 Lisbonne, PT \u2013 Meo Arena (<\/strong><br \/><strong>31 \u2013 Munich, DE \u2013 Festival super-flolo<\/strong><\/p>\n<p><strong>SEPTEMBRE<\/strong><br \/><strong>25 \u2013 Boston, MA \u2013 TD Garden *<\/strong><br \/><strong>28 \u2013 Toronto, ON \u2013 Budweiser Stage *<\/strong><\/p>\n<p><strong>OCTOBRE<\/strong><br \/><strong>01 \u2013 Montr\u00e9al, QC \u2013 Bell Center *<\/strong><br \/><strong>03 \u2013 New York, NY \u2013 Forest Hills Stadium *<\/strong><br \/><strong>08 \u2013 Chicago, IL \u2013 Huntington Bank Pavilion<\/strong><br \/><strong>12 \u2013 Vancouver, BC \u2013 Rogers Arena *<\/strong><br \/><strong>14 \u2013 San Francisco, CA \u2013 Amphith\u00e9\u00e2tre de gel *<\/strong><br \/><strong>17 \u2013 Los Angeles, CA \u2013 Hollywood Bowl *<\/strong><\/p>\n<p><strong>* \u2013 Avec Eddie Benjamin<\/strong><br \/><strong>(- avec Maro et Lubiana<\/strong><\/p>\n<blockquote class=\"instagram-media\" data-instgrm-captioned=\"\" data-instgrm-permalink=\"https:\/\/www.instagram.com\/p\/DKPm6dVJOTH\/?utm_source=ig_embed&amp;utm_campaign=loading\" data-instgrm-version=\"14\" style=\" background:#FFF; border:0; border-radius:3px; box-shadow:0 0 1px 0 rgba(0,0,0,0.5),0 1px 10px 0 rgba(0,0,0,0.15); margin: 1px; max-width:658px; min-width:326px; padding:0; width:99.375%; width:-webkit-calc(100% - 2px); width:calc(100% - 2px);\"><\/blockquote>\n<p>Mendes sera rejoint par les actes de soutien Eddie Benjamin, Maro et Lubiana. \u00ab\u00a0Je suis compl\u00e8tement amoureux de ces 3 humains\u00a0\u00bb, a-t-il d\u00e9clar\u00e9 dans une publication Instagram annon\u00e7ant la tourn\u00e9e. \u00abTellement heureux et reconnaissant de les avoir.\u00bb<\/p>\n<p>La tourn\u00e9e co\u00efncidera avec le 10e anniversaire de son premier album, \u00abHandwritten\u00bb, et marquera \u00e9galement sa premi\u00e8re tourn\u00e9e approfondie depuis 2022 apr\u00e8s avoir abandonn\u00e9 le trek \u00e0 mi-chemin pour se concentrer sur sa sant\u00e9 mentale.<\/p>\n<p>Il a \u00e9crit \u00e0 propos de la prochaine tourn\u00e9e: \u00ab\u00a0J&rsquo;ai l&rsquo;impression que Time Aft m&rsquo;a permis de revenir et de reconna\u00eetre et de me rappeler \u00e0 quel point il est incroyablement sp\u00e9cial de jouer \u00e0 des spectacles en direct. C&rsquo;est un honneur et je suis juste au-del\u00e0 de reconna\u00eetre que vous continuez \u00e0 vous pr\u00e9senter apr\u00e8s 10 ans avec tant d&rsquo;amour. J&rsquo;ai presque oubli\u00e9 que j&rsquo;ai l&rsquo;un des meilleurs emplois dans ce monde.\u00a0\u00bb<\/p>\n<blockquote class=\"instagram-media\" data-instgrm-captioned=\"\" data-instgrm-permalink=\"https:\/\/www.instagram.com\/reel\/DKPkX-TxlMM\/?utm_source=ig_embed&amp;utm_campaign=loading\" data-instgrm-version=\"14\" style=\" background:#FFF; border:0; border-radius:3px; box-shadow:0 0 1px 0 rgba(0,0,0,0.5),0 1px 10px 0 rgba(0,0,0,0.15); margin: 1px; max-width:658px; min-width:326px; padding:0; width:99.375%; width:-webkit-calc(100% - 2px); width:calc(100% - 2px);\"><\/blockquote>\n<p>En novembre, le musicien canadien a sorti son cinqui\u00e8me album, \u00abShawn\u00bb. Dans une conversation avec ZikNationIl a discut\u00e9 des discussions sur la r\u00e9daction de son nouvel album de \u00ab\u00a0A Place of Authenticit\u00e9\u00a0\u00bb, la perspective de se lancer dans une autre tourn\u00e9e Arena, et comment il mesure le succ\u00e8s \u00e0 ce stade de sa carri\u00e8re.<\/p>\n<p><a href=\"https:\/\/www.youtube.com\/watch?v=VQTHVQ6E9JM\" rel=\"nofollow noopener\" target=\"_blank\">https:\/\/www.youtube.com\/watch?v=VQTHVQ6E9JM<\/a><\/p>\n<p>D\u00e9couvrez le chat complet et complet ci-dessus.<\/p>\n<p><script async src=\"\/\/www.instagram.com\/embed.js\"><\/script><\/p>\n","protected":false},"excerpt":{"rendered":"Shawn Mendes a annonc\u00e9 une nouvelle tourn\u00e9e \u00e0 travers le Royaume-Uni, l&rsquo;Europe et l&rsquo;Am\u00e9rique du Nord \u2013 d\u00e9couvrez&hellip;\n","protected":false},"author":2,"featured_media":6228,"comment_status":"","ping_status":"","sticky":false,"template":"","format":"standard","meta":{"footnotes":""},"categories":[1588],"tags":[11,2562,13799,154,1777,674,4538,5209,12,6050,473,1853,1873,26482,4441,1851,1850,1852],"class_list":{"0":"post-138356","1":"post","2":"type-post","3":"status-publish","4":"format-standard","5":"has-post-thumbnail","7":"category-royaume-uni","8":"tag-actualites","9":"tag-annonce","10":"tag-dates","11":"tag-des","12":"tag-eu","13":"tag-europe","14":"tag-europeenne","15":"tag-mendes","16":"tag-news","17":"tag-nordamericaine","18":"tag-royaume-uni","19":"tag-royaume-uni-de-grande-bretagne-et-dirlande-du-nord","20":"tag-royaumeuni","21":"tag-shawn","22":"tag-tournee","23":"tag-uk","24":"tag-united-kingdom","25":"tag-united-kingdom-of-great-britain-and-northern-ireland"},"share_on_mastodon":{"url":"","error":""},"_links":{"self":[{"href":"https:\/\/www.europesays.com\/fr\/wp-json\/wp\/v2\/posts\/138356","targetHints":{"allow":["GET"]}}],"collection":[{"href":"https:\/\/www.europesays.com\/fr\/wp-json\/wp\/v2\/posts"}],"about":[{"href":"https:\/\/www.europesays.com\/fr\/wp-json\/wp\/v2\/types\/post"}],"author":[{"embeddable":true,"href":"https:\/\/www.europesays.com\/fr\/wp-json\/wp\/v2\/users\/2"}],"replies":[{"embeddable":true,"href":"https:\/\/www.europesays.com\/fr\/wp-json\/wp\/v2\/comments?post=138356"}],"version-history":[{"count":0,"href":"https:\/\/www.europesays.com\/fr\/wp-json\/wp\/v2\/posts\/138356\/revisions"}],"wp:featuredmedia":[{"embeddable":true,"href":"https:\/\/www.europesays.com\/fr\/wp-json\/wp\/v2\/media\/6228"}],"wp:attachment":[{"href":"https:\/\/www.europesays.com\/fr\/wp-json\/wp\/v2\/media?parent=138356"}],"wp:term":[{"taxonomy":"category","embeddable":true,"href":"https:\/\/www.europesays.com\/fr\/wp-json\/wp\/v2\/categories?post=138356"},{"taxonomy":"post_tag","embeddable":true,"href":"https:\/\/www.europesays.com\/fr\/wp-json\/wp\/v2\/tags?post=138356"}],"curies":[{"name":"wp","href":"https:\/\/api.w.org\/{rel}","templated":true}]}}