{"id":138365,"date":"2025-05-30T03:54:12","date_gmt":"2025-05-30T03:54:12","guid":{"rendered":"https:\/\/www.europesays.com\/fr\/138365\/"},"modified":"2025-05-30T03:54:12","modified_gmt":"2025-05-30T03:54:12","slug":"apres-leffondrement-du-glacier-en-suisse-les-autorites-sinquietent-de-la-formation-dun-lac","status":"publish","type":"post","link":"https:\/\/www.europesays.com\/fr\/138365\/","title":{"rendered":"Apr\u00e8s l\u2019effondrement du glacier en Suisse, les autorit\u00e9s s\u2019inqui\u00e8tent de la formation d\u2019un lac"},"content":{"rendered":"<p>        <img decoding=\"async\" loading=\"lazy\" src=\"https:\/\/www.europesays.com\/fr\/wp-content\/uploads\/2025\/05\/3881f5b_sirius-fs-upload-1-6huag0knwrd4-1748543182722-000-48k32nt.jpg\"  width=\"728\" height=\"410\" alt=\"Le petit village de Blatten en partie inond\u00e9 dans le massif du Bietschhorn, dans les Alpes suisses, le 29\u00a0mai 2025.\"\/>  <\/p>\n<p>HANDOUT \/ AFP<\/p>\n<p>Le petit village de Blatten en partie inond\u00e9 dans le massif du Bietschhorn, dans les Alpes suisses, le 29\u00a0mai 2025.<\/p>\n<p class=\"asset asset-text\">ENVIRONNEMENT &#8211; Les autorit\u00e9s surveillent comme le lait sur le feu cette \u00e9tendue d\u2019eau. Les millions de tonnes de glace et de roche qui ont d\u00e9truit en un instant le petit village de<a href=\"https:\/\/www.huffingtonpost.fr\/international\/video\/en-suisse-les-images-effroyables-de-l-effondrement-d-un-glacier-detruisant-une-partie-de-ce-village_250649.html\" rel=\"nofollow noopener\" target=\"_blank\"> Blatten dans les Alpes suisses <\/a>ce mercredi 28\u00a0mai ont donn\u00e9 naissance \u00e0 un<a href=\"https:\/\/www.huffingtonpost.fr\/international\/video\/en-californie-un-enorme-incendie-au-dessus-d-un-lac-de-santa-barbara-met-les-pompiers-en-difficulte_236567.html\" rel=\"nofollow noopener\" target=\"_blank\">\u00a0lac\u00a0artificiel<\/a> qui ne cesse de gonfler. Les autorit\u00e9s avaient pr\u00e9venu qu\u2019il risquait d\u2019inonder une partie de la vall\u00e9e en contrebas. Ce \u00ab\u00a0sc\u00e9nario du pire\u00a0\u00bb est pour l\u2019heure \u00e9cart\u00e9, mais les experts restent extr\u00eamement vigilants.<\/p>\n<p class=\"asset asset-text\">Les conditions tr\u00e8s instables de la montagne et le risque de nouveaux \u00e9boulements et coul\u00e9es de boue emp\u00eachent les secours d\u2019intervenir sur le site.<\/p>\n<p class=\"asset asset-text\">Les recherches pour la seule personne port\u00e9e disparue, un homme de la r\u00e9gion \u00e2g\u00e9 de 64\u00a0ans, dans cet \u00e9v\u00e9nement aux proportions hors du commun ont \u00e9t\u00e9 suspendues jeudi pour les m\u00eames raisons de s\u00e9curit\u00e9, a indiqu\u00e9 la police du canton du Valais dans un communiqu\u00e9.<\/p>\n<p>    Un barrage artificiel    <\/p>\n<p class=\"asset asset-text\">La rivi\u00e8re Lonza qui coule dans le secteur est bloqu\u00e9e sur 2 kilom\u00e8tres par les trois millions de m3 de roche et de glace.\u00a0Une quantit\u00e9 tellement \u00e9norme qu\u2019elle fait para\u00eetre plus petites les cimes qui surplombent la vall\u00e9e. \u00c0 la place du glacier, entra\u00een\u00e9 par les soudaines chutes des roches qui le surplombaient, on voit un trou b\u00e9ant sur le flanc de la montagne.<\/p>\n<p class=\"asset asset-text\">\u00ab\u00a0Le d\u00e9p\u00f4t, compos\u00e9 de roche, de glace et d\u2019eau, situ\u00e9 en fond de vall\u00e9e, est peu stable et des laves torrentielles sont possibles dans le d\u00e9p\u00f4t lui-m\u00eame. Ce qui rend pour l\u2019heure toute intervention impossible sur la zone sinistr\u00e9e\u00a0\u00bb, \u00e9crivent les autorit\u00e9s cantonales dans un communiqu\u00e9 de presse. Un barrage artificiel a \u00e9t\u00e9 pr\u00e9ventivement vid\u00e9 pour contenir l\u2019eau refoul\u00e9e par le mur de glace, de terre et de gravats.<\/p>\n<p class=\"asset asset-text\">Cependant, si l\u2019eau venait \u00e0 d\u00e9border de ce barrage artificiel, il faudrait \u00e9vacuer toute la vall\u00e9e. St\u00e9phane Ganzer, le chef du d\u00e9partement de la s\u00e9curit\u00e9 du canton du Valais, o\u00f9 s\u2019est produite la catastrophe, rassure ce jeudi soir\u00a0: \u00ab\u00a0Nous avons eu des informations de la part des g\u00e9ologues, des sp\u00e9cialistes qui tendent \u00e0 nous dire qu\u2019un tel \u00e9v\u00e8nement aurait peu de chances de se produire\u00a0\u00bb.<\/p>\n<p>    L\u2019eau monte \u00ab\u00a0de 80 centim\u00e8tres par heure\u00a0\u00bb    <\/p>\n<p class=\"asset asset-text\">\u00ab\u00a0Le niveau de l\u2019eau, aliment\u00e9 par la Lonza et un ruisseau, ne cesse de monter. Jeudi apr\u00e8s-midi, il grimpait de 80 centim\u00e8tres par heure\u00a0\u00bb, explique un article du m\u00e9dia local la <a href=\"https:\/\/www.tdg.ch\/blatten-leau-monte-de-80-cm-par-heure-et-menace-la-vallee-110890830178\" target=\"_blank\" rel=\"noopener nofollow\" title=\"Nouvelle fen\u00eatre\">Tribune de Gen\u00e8ve. <\/a>Si ce \u00ab\u00a0lac\u00a0\u00bb venait \u00e0 d\u00e9border, il pourrait entra\u00eener avec lui des roches, et ainsi provoquer des crues et des coul\u00e9es de boue qui se d\u00e9verseraient sur la vall\u00e9e.<\/p>\n<p class=\"asset asset-text\">Comme le pointent nos confr\u00e8res, il reste toutefois le barrage de Ferden en contrebas du village qui permettrait de retenir les amas rocheux et la boue.<\/p>\n<p class=\"asset asset-text\">\u00ab\u00a0Il semble peu probable que le lac fasse se casser soudainement, brutalement cette \u00e9norme masse de d\u00e9tritus qui r\u00e9sulte de l\u2019\u00e9boulement d\u2019hier (mercredi). C\u2019est peu probable, mais on n\u2019aime pas tellement ce mot peu probable ici depuis hier, parce qu\u2019on sait que peu probable peut devenir probable\u00a0\u00bb , a insist\u00e9 le responsable St\u00e9phane Ganzer.\u00a0De ce fait, des plans d\u2019\u00e9vacuation sont \u00e0 l\u2019\u00e9tude, et des communes et les populations ont \u00e9t\u00e9 inform\u00e9es de se tenir pr\u00eates \u00e0 toute \u00e9ventualit\u00e9, a-t-il d\u00e9taill\u00e9.<\/p>\n<p class=\"asset asset-text\">\u00c9vacu\u00e9s pr\u00e9ventivement il y a neuf jours, les 300 habitants du village sont sains et saufs m\u00eame s\u2019ils ont perdu leur maison. En aval du sinistre, les autorit\u00e9s ont aussi d\u00e9cid\u00e9 d\u2019\u00e9vacuer pr\u00e9ventivement 16 personnes dans deux autres villages de la vall\u00e9e du L\u00f6tschental, Wiler et Kippel.<\/p>\n<p>                     L\u2019arm\u00e9e est \u00ab\u00a0pr\u00eate\u00a0\u00bb    <\/p>\n<p class=\"asset asset-text\">De son c\u00f4t\u00e9, \u00ab\u00a0l\u2019arm\u00e9e a effectu\u00e9 une reconnaissance sur place afin de pr\u00e9ciser les besoins\u00a0\u00bb, selon le communiqu\u00e9 du canton de Ferden.<\/p>\n<p class=\"asset asset-text\">Pour pouvoir intervenir rapidement, l\u2019arm\u00e9e pr\u00e9pare depuis mercredi \u00e0 Turtmann -une ville qui se trouve \u00e0 quelque 23\u00a0km de Blatten &#8211; des pompes \u00e0 eau, des excavatrices et d\u2019autres engins de d\u00e9blaiement lourds ainsi que du mat\u00e9riel d\u2019\u00e9clairage. Des h\u00e9licopt\u00e8res sont \u00e9galement pr\u00eats \u00e0 transporter du mat\u00e9riel et des personnes, selon un communiqu\u00e9 de l\u2019arm\u00e9e.<\/p>\n<p class=\"asset asset-text\">\u00ab\u00a0L\u2019arm\u00e9e se tient pr\u00eate \u00e0 engager rapidement ses forces selon les directives des autorit\u00e9s civiles, d\u00e8s que la situation le permettra et que des t\u00e2ches lui auront \u00e9t\u00e9 assign\u00e9es\u00a0\u00bb, souligne-t-elle.<\/p>\n<p class=\"asset asset-text\">L\u2019effondrement du glacier \u00e9tait attendu depuis plusieurs jours, de nombreux \u00e9boulements de roche s\u2019\u00e9tant d\u00e9j\u00e0 produits dans la partie montagneuse qui le surplombe.<\/p>\n","protected":false},"excerpt":{"rendered":"HANDOUT \/ AFP Le petit village de Blatten en partie inond\u00e9 dans le massif du Bietschhorn, dans les&hellip;\n","protected":false},"author":2,"featured_media":138366,"comment_status":"","ping_status":"","sticky":false,"template":"","format":"standard","meta":{"footnotes":""},"categories":[2],"tags":[11,4732,436,1011,27,12,25,3067],"class_list":{"0":"post-138365","1":"post","2":"type-post","3":"status-publish","4":"format-standard","5":"has-post-thumbnail","7":"category-actualites","8":"tag-actualites","9":"tag-catastrophe-naturelle","10":"tag-environnement","11":"tag-fr","12":"tag-france","13":"tag-news","14":"tag-republique-francaise","15":"tag-suisse"},"share_on_mastodon":{"url":"https:\/\/pubeurope.com\/@fr\/114594766118274495","error":""},"_links":{"self":[{"href":"https:\/\/www.europesays.com\/fr\/wp-json\/wp\/v2\/posts\/138365","targetHints":{"allow":["GET"]}}],"collection":[{"href":"https:\/\/www.europesays.com\/fr\/wp-json\/wp\/v2\/posts"}],"about":[{"href":"https:\/\/www.europesays.com\/fr\/wp-json\/wp\/v2\/types\/post"}],"author":[{"embeddable":true,"href":"https:\/\/www.europesays.com\/fr\/wp-json\/wp\/v2\/users\/2"}],"replies":[{"embeddable":true,"href":"https:\/\/www.europesays.com\/fr\/wp-json\/wp\/v2\/comments?post=138365"}],"version-history":[{"count":0,"href":"https:\/\/www.europesays.com\/fr\/wp-json\/wp\/v2\/posts\/138365\/revisions"}],"wp:featuredmedia":[{"embeddable":true,"href":"https:\/\/www.europesays.com\/fr\/wp-json\/wp\/v2\/media\/138366"}],"wp:attachment":[{"href":"https:\/\/www.europesays.com\/fr\/wp-json\/wp\/v2\/media?parent=138365"}],"wp:term":[{"taxonomy":"category","embeddable":true,"href":"https:\/\/www.europesays.com\/fr\/wp-json\/wp\/v2\/categories?post=138365"},{"taxonomy":"post_tag","embeddable":true,"href":"https:\/\/www.europesays.com\/fr\/wp-json\/wp\/v2\/tags?post=138365"}],"curies":[{"name":"wp","href":"https:\/\/api.w.org\/{rel}","templated":true}]}}