{"id":138374,"date":"2025-05-30T04:02:09","date_gmt":"2025-05-30T04:02:09","guid":{"rendered":"https:\/\/www.europesays.com\/fr\/138374\/"},"modified":"2025-05-30T04:02:09","modified_gmt":"2025-05-30T04:02:09","slug":"largent-chez-honda-netait-pas-suffisant-pour-attirer-marc-marquez-cetait-un-cauchemar-jai-dit-non-a-beaucoup-de-choses-pour-me-prouver-que-jetais-rapide","status":"publish","type":"post","link":"https:\/\/www.europesays.com\/fr\/138374\/","title":{"rendered":"L&rsquo;argent chez Honda n&rsquo;\u00e9tait pas suffisant pour \u00ab\u00a0attirer\u00a0\u00bb Marc M\u00e1rquez : \u00ab\u00a0C&rsquo;\u00e9tait un cauchemar ; j&rsquo;ai dit non \u00e0 beaucoup de choses pour me prouver que j&rsquo;\u00e9tais rapide.\u00a0\u00bb"},"content":{"rendered":"<p>Marc M\u00e1rquez vit actuellement l\u2019une des phases les plus remarquables de sa carri\u00e8re : il m\u00e8ne le Championnat du Monde MotoGP avec l\u2019\u00e9quipe Ducati Lenovo, apr\u00e8s des ann\u00e9es marqu\u00e9es par des blessures, des op\u00e9rations et de l\u2019incertitude. Ce qui semblait autrefois \u00eatre une fin in\u00e9vitable est devenu un retour \u00e9pique.<\/p>\n<p>\u2018Il y a deux ans, j\u2019\u00e9tais peut-\u00eatre au moment le plus profond de ma carri\u00e8re parce qu\u2019en 2020, \u00e7a a commenc\u00e9 \u2014 le cauchemar,\u2019 a d\u00e9clar\u00e9 le champion du monde \u00e0 huit reprises. Ce furent des ann\u00e9es d\u2019incertitude, remplies de d\u00e9cisions difficiles et de douleur physique.<\/p>\n<p>\u2018Je ne savais pas ce que [l\u2019avenir] serait, mais j\u2019ai d\u00fb prendre des d\u00e9cisions difficiles \u2014 des d\u00e9cisions risqu\u00e9es,\u2019 a admis le pilote espagnol, qui a d\u00fb faire face \u00e0 de multiples fractures et op\u00e9rations, y compris une grave blessure au bras et une commotion c\u00e9r\u00e9brale.<\/p>\n<p>Malgr\u00e9 une connexion de 11 ans avec Honda, M\u00e1rquez a pris la d\u00e9cision audacieuse de se s\u00e9parer en 2023. \u2018Honda \u00e9tait mes amis et avec un tr\u00e8s bon salaire \u2014 j\u2019ai dit non \u00e0 toutes ces choses, juste pour prouver \u00e0 moi-m\u00eame si j\u2019\u00e9tais capable d\u2019\u00eatre rapide,\u2019 a-t-il expliqu\u00e9.<\/p>\n<p>Son retour au sommet est maintenant une r\u00e9alit\u00e9. Apr\u00e8s trois victoires en 2024 et son passage \u00e0 l\u2019\u00e9quipe d\u2019usine Ducati, Marc affirme avec confiance : \u2018Le d\u00e9fi le plus difficile de ma carri\u00e8re\u2026 Je l\u2019ai d\u00e9j\u00e0 r\u00e9alis\u00e9 \u2014 revenir de beaucoup de blessures. J\u2019ai cass\u00e9 beaucoup, beaucoup de choses juste en essayant d\u2019am\u00e9liorer mes comp\u00e9tences.\u2019<\/p>\n","protected":false},"excerpt":{"rendered":"Marc M\u00e1rquez vit actuellement l\u2019une des phases les plus remarquables de sa carri\u00e8re : il m\u00e8ne le Championnat&hellip;\n","protected":false},"author":2,"featured_media":138375,"comment_status":"","ping_status":"","sticky":false,"template":"","format":"standard","meta":{"footnotes":""},"categories":[1413],"tags":[1011,27,1461,1457,1456,1458,60],"class_list":{"0":"post-138374","1":"post","2":"type-post","3":"status-publish","4":"format-standard","5":"has-post-thumbnail","7":"category-moto","8":"tag-fr","9":"tag-france","10":"tag-marc-marquez","11":"tag-moto","12":"tag-motocycle","13":"tag-motogp","14":"tag-sports"},"share_on_mastodon":{"url":"https:\/\/pubeurope.com\/@fr\/114594797555060818","error":""},"_links":{"self":[{"href":"https:\/\/www.europesays.com\/fr\/wp-json\/wp\/v2\/posts\/138374","targetHints":{"allow":["GET"]}}],"collection":[{"href":"https:\/\/www.europesays.com\/fr\/wp-json\/wp\/v2\/posts"}],"about":[{"href":"https:\/\/www.europesays.com\/fr\/wp-json\/wp\/v2\/types\/post"}],"author":[{"embeddable":true,"href":"https:\/\/www.europesays.com\/fr\/wp-json\/wp\/v2\/users\/2"}],"replies":[{"embeddable":true,"href":"https:\/\/www.europesays.com\/fr\/wp-json\/wp\/v2\/comments?post=138374"}],"version-history":[{"count":0,"href":"https:\/\/www.europesays.com\/fr\/wp-json\/wp\/v2\/posts\/138374\/revisions"}],"wp:featuredmedia":[{"embeddable":true,"href":"https:\/\/www.europesays.com\/fr\/wp-json\/wp\/v2\/media\/138375"}],"wp:attachment":[{"href":"https:\/\/www.europesays.com\/fr\/wp-json\/wp\/v2\/media?parent=138374"}],"wp:term":[{"taxonomy":"category","embeddable":true,"href":"https:\/\/www.europesays.com\/fr\/wp-json\/wp\/v2\/categories?post=138374"},{"taxonomy":"post_tag","embeddable":true,"href":"https:\/\/www.europesays.com\/fr\/wp-json\/wp\/v2\/tags?post=138374"}],"curies":[{"name":"wp","href":"https:\/\/api.w.org\/{rel}","templated":true}]}}