{"id":138384,"date":"2025-05-30T04:07:22","date_gmt":"2025-05-30T04:07:22","guid":{"rendered":"https:\/\/www.europesays.com\/fr\/138384\/"},"modified":"2025-05-30T04:07:22","modified_gmt":"2025-05-30T04:07:22","slug":"king-kong-geant-ou-lion-monumental-les-oeuvres-de-richard-orlinski-de-retour","status":"publish","type":"post","link":"https:\/\/www.europesays.com\/fr\/138384\/","title":{"rendered":"King Kong g\u00e9ant ou lion monumental, les \u0153uvres de Richard Orlinski de retour"},"content":{"rendered":"<p>Un King Kong rouge sur le Vieux-Port de Bastia, un cheval qui se cabre sur Pietranera, un ours qui fait face \u00e0 la mer \u00e0 Santa-Maria-di-Lota. Depuis quelques jours, impossible de passer \u00e0 c\u00f4t\u00e9 ces \u0153uvres de l&rsquo;artiste contemporain Richard Orlinski, qui font leur retour dans le paysage de l&rsquo;agglom\u00e9ration bastiaise.<\/p>\n<p>Un festival aux allures de \u00ab\u00a0galerie d&rsquo;art \u00e0 ciel ouvert\u00a0\u00bb<\/p>\n<p>Apr\u00e8s une premi\u00e8re collaboration tr\u00e8s remarqu\u00e9e en 2024, l&rsquo;artiste fran\u00e7ais le plus vendu dans le monde, et aux 10 millions de d&rsquo;abonn\u00e9s sur les r\u00e9seaux sociaux, participe \u00e0 la deuxi\u00e8me \u00e9dition de l&rsquo;itin\u00e9raire artistique \u00ab\u00a0In Giru\u00a0\u00bb.<\/p>\n","protected":false},"excerpt":{"rendered":"Un King Kong rouge sur le Vieux-Port de Bastia, un cheval qui se cabre sur Pietranera, un ours&hellip;\n","protected":false},"author":2,"featured_media":138385,"comment_status":"","ping_status":"","sticky":false,"template":"","format":"standard","meta":{"footnotes":""},"categories":[1358],"tags":[17,1348,1384,1385,5621,1687,1386,58,59,1011,27,13702,7375,26483,151,21835,26484],"class_list":{"0":"post-138384","1":"post","2":"type-post","3":"status-publish","4":"format-standard","5":"has-post-thumbnail","7":"category-arts-et-design","8":"tag-17","9":"tag-arts","10":"tag-arts-and-design","11":"tag-arts-et-design","12":"tag-bastia","13":"tag-culture-loisirs","14":"tag-design","15":"tag-divertissement","16":"tag-entertainment","17":"tag-fr","18":"tag-france","19":"tag-geant","20":"tag-king","21":"tag-kong","22":"tag-les","23":"tag-lion","24":"tag-monumental"},"share_on_mastodon":{"url":"https:\/\/pubeurope.com\/@fr\/114594817315199626","error":""},"_links":{"self":[{"href":"https:\/\/www.europesays.com\/fr\/wp-json\/wp\/v2\/posts\/138384","targetHints":{"allow":["GET"]}}],"collection":[{"href":"https:\/\/www.europesays.com\/fr\/wp-json\/wp\/v2\/posts"}],"about":[{"href":"https:\/\/www.europesays.com\/fr\/wp-json\/wp\/v2\/types\/post"}],"author":[{"embeddable":true,"href":"https:\/\/www.europesays.com\/fr\/wp-json\/wp\/v2\/users\/2"}],"replies":[{"embeddable":true,"href":"https:\/\/www.europesays.com\/fr\/wp-json\/wp\/v2\/comments?post=138384"}],"version-history":[{"count":0,"href":"https:\/\/www.europesays.com\/fr\/wp-json\/wp\/v2\/posts\/138384\/revisions"}],"wp:featuredmedia":[{"embeddable":true,"href":"https:\/\/www.europesays.com\/fr\/wp-json\/wp\/v2\/media\/138385"}],"wp:attachment":[{"href":"https:\/\/www.europesays.com\/fr\/wp-json\/wp\/v2\/media?parent=138384"}],"wp:term":[{"taxonomy":"category","embeddable":true,"href":"https:\/\/www.europesays.com\/fr\/wp-json\/wp\/v2\/categories?post=138384"},{"taxonomy":"post_tag","embeddable":true,"href":"https:\/\/www.europesays.com\/fr\/wp-json\/wp\/v2\/tags?post=138384"}],"curies":[{"name":"wp","href":"https:\/\/api.w.org\/{rel}","templated":true}]}}