{"id":138386,"date":"2025-05-30T04:08:12","date_gmt":"2025-05-30T04:08:12","guid":{"rendered":"https:\/\/www.europesays.com\/fr\/138386\/"},"modified":"2025-05-30T04:08:12","modified_gmt":"2025-05-30T04:08:12","slug":"les-heritieres-de-lart-abstrait-gardiennes-dune-memoire-a-contre-courant-liberation","status":"publish","type":"post","link":"https:\/\/www.europesays.com\/fr\/138386\/","title":{"rendered":"\u00abLes H\u00e9riti\u00e8res de l\u2019art abstrait\u00bb, gardiennes d\u2019une m\u00e9moire \u00e0 contre-courant \u2013 Lib\u00e9ration"},"content":{"rendered":"<p class=\"sc-ksZaOG ehjQrN text-element\">Parfois, la mort d\u2019un grand homme sort son \u00e9pouse de l\u2019ombre d\u2019o\u00f9 elle l\u2019avait soutenu. C\u2019est le cas de ces veuves de l\u2019apr\u00e8s-Seconde Guerre que ce livre brillant, \u00e0 la crois\u00e9e de l\u2019histoire des femmes et de celle de l\u2019art abstrait, qualifie d\u2019h\u00e9riti\u00e8res. Prot\u00e9g\u00e9es par la l\u00e9gislation, elles deviennent propri\u00e9taires ou usufruiti\u00e8res des biens du d\u00e9funt \u2013 de l\u2019atelier qu\u2019elles s\u2019appliqueront \u00e0 sanctuariser \u2013 et des droits moraux sur les \u0153uvres du disparu dont elles portent le nom, parfois rajout\u00e9 au leur, afin d\u2019afficher leur statut. Lorsque \u00e0 l\u2019instar de <a href=\"https:\/\/www.liberation.fr\/arts\/2014\/12\/26\/sonia-delaunay-abstraction-fete_1170418\/\" target=\"_blank\" rel=\"noopener\">la peintre Sonia Delaunay<\/a> ou de la plasticienne Jeanne Kosnick-Kloss, elles sont artistes, elles s\u2019effacent pour se mettre au service de la gloire de leur conjoint. <\/p>\n<p class=\"sc-ksZaOG ehjQrN text-element\">Si la hi\u00e9rarchisation genr\u00e9e, pratiqu\u00e9e par les galeristes, conservateurs et collectionneurs aux d\u00e9pens des cr\u00e9ations f\u00e9minines, participe de cette discr\u00e9tion, elle rel\u00e8ve aussi de leur volont\u00e9 : la preuve en est le choix identique de<a href=\"https:\/\/www.liberation.fr\/culture\/arts\/sophie-taueber-arp-sa-maison-detre-20230701_7L2J2FK67RA3HK7IQ5OR7IEVU4\/\" target=\"_blank\" rel=\"noopener\"> Jean Arp, le veuf de Sophie Taeuber<\/a>. Se vouer \u00e0 leur devoir m\u00e9moriel cr\u00e9e entre ces h\u00e9riti\u00e8res une forme de sororit\u00e9, une \u00abentre-aide\u00bb pour imposer dans le monde de l\u2019art leur mission, avec pour ambition de faire reconna\u00eetre la puissance de ce courant artistique dont l\u2019ascension a \u00e9t\u00e9<\/p>\n","protected":false},"excerpt":{"rendered":"Parfois, la mort d\u2019un grand homme sort son \u00e9pouse de l\u2019ombre d\u2019o\u00f9 elle l\u2019avait soutenu. C\u2019est le cas&hellip;\n","protected":false},"author":2,"featured_media":138387,"comment_status":"","ping_status":"","sticky":false,"template":"","format":"standard","meta":{"footnotes":""},"categories":[1357],"tags":[1379,10488,58,59,1011,27,1380],"class_list":{"0":"post-138386","1":"post","2":"type-post","3":"status-publish","4":"format-standard","5":"has-post-thumbnail","7":"category-livres","8":"tag-books","9":"tag-cahier-livres","10":"tag-divertissement","11":"tag-entertainment","12":"tag-fr","13":"tag-france","14":"tag-livres"},"share_on_mastodon":{"url":"https:\/\/pubeurope.com\/@fr\/114594821319162981","error":""},"_links":{"self":[{"href":"https:\/\/www.europesays.com\/fr\/wp-json\/wp\/v2\/posts\/138386","targetHints":{"allow":["GET"]}}],"collection":[{"href":"https:\/\/www.europesays.com\/fr\/wp-json\/wp\/v2\/posts"}],"about":[{"href":"https:\/\/www.europesays.com\/fr\/wp-json\/wp\/v2\/types\/post"}],"author":[{"embeddable":true,"href":"https:\/\/www.europesays.com\/fr\/wp-json\/wp\/v2\/users\/2"}],"replies":[{"embeddable":true,"href":"https:\/\/www.europesays.com\/fr\/wp-json\/wp\/v2\/comments?post=138386"}],"version-history":[{"count":0,"href":"https:\/\/www.europesays.com\/fr\/wp-json\/wp\/v2\/posts\/138386\/revisions"}],"wp:featuredmedia":[{"embeddable":true,"href":"https:\/\/www.europesays.com\/fr\/wp-json\/wp\/v2\/media\/138387"}],"wp:attachment":[{"href":"https:\/\/www.europesays.com\/fr\/wp-json\/wp\/v2\/media?parent=138386"}],"wp:term":[{"taxonomy":"category","embeddable":true,"href":"https:\/\/www.europesays.com\/fr\/wp-json\/wp\/v2\/categories?post=138386"},{"taxonomy":"post_tag","embeddable":true,"href":"https:\/\/www.europesays.com\/fr\/wp-json\/wp\/v2\/tags?post=138386"}],"curies":[{"name":"wp","href":"https:\/\/api.w.org\/{rel}","templated":true}]}}