{"id":13839,"date":"2025-04-10T00:16:10","date_gmt":"2025-04-10T00:16:10","guid":{"rendered":"https:\/\/www.europesays.com\/fr\/13839\/"},"modified":"2025-04-10T00:16:10","modified_gmt":"2025-04-10T00:16:10","slug":"avec-passion-anne-elisabeth-lemoine-semballe-un-peu-trop-face-a-son-invite-elle-se-reprend-vite","status":"publish","type":"post","link":"https:\/\/www.europesays.com\/fr\/13839\/","title":{"rendered":"\u201cAvec passion\u201d : Anne-Elisabeth Lemoine s\u2019emballe un peu trop face \u00e0 son invit\u00e9, elle se reprend vite"},"content":{"rendered":"<p>Les discussions sur Trump et l&rsquo;impact de ses d\u00e9cisions sur la<br \/>\nbourse et les exportations ont domin\u00e9 l\u2019\u00e9mission C \u00e0 vous du 7 avril pr\u00e9sent\u00e9e par<br \/>\nAnne-\u00c9lisabeth Lemoine. Parmi les invit\u00e9s, Dominique Seux,<br \/>\njournaliste \u00e9conomique, a pu commenter la situation.<\/p>\n<p>Celui-ci a dress\u00e9 un bilan assez n\u00e9gatif des effets de ses choix<br \/>\nsur l&rsquo;\u00e9conomie mondiale, notamment sur les march\u00e9s financiers et le<br \/>\ncommerce international. Il a ensuite r\u00e9pondu aux questions<br \/>\nd&rsquo;<a href=\"https:\/\/www.closermag.fr\/politique\/vous-me-posez-cette-question-a-moi-bernard-cazeneuve-prend-la-mouche-apres-une-question-cash-danne-elisabeth-lemoine-3535271\" target=\"_blank\" rel=\"noopener\">Anne-\u00c9lisabeth<br \/>\nLemoine<\/a>, qui a abord\u00e9 les enjeux de cette dynamique<br \/>\ncomplexe.<\/p>\n<p>L&rsquo;animatrice d\u00e9j\u00e0 \u00e9pingl\u00e9e pour ses gaffes et moqueries<\/p>\n<p>Le 24 mars, la chronique de <a href=\"https:\/\/www.closermag.fr\/people\/bertrand-chameroy-ce-bebe-qui-joue-avec-ses-nerfs-votre-femme-netait-pas-censee-3535000\" target=\"_blank\" rel=\"noopener\"><br \/>\nBertrand Chameroy<\/a> a pris une tournure inattendue en pleine<br \/>\n\u00e9mission. Alors qu\u2019il d\u00e9marre son billet d\u2019actualit\u00e9, le<br \/>\njournaliste se perd dans ses notes : bafouillages, h\u00e9sitations,<br \/>\nerreurs de prononciation\u2026 jusqu\u2019\u00e0 l\u00e2cher un involontaire<br \/>\n\u00ab\u00a0z\u2019\u00eatre\u00a0\u00bb au lieu de \u00ab\u00a0\u00eatre\u00a0\u00bb. Anne-\u00c9lisabeth<br \/>\nLemoine, <strong>hilare<\/strong> face \u00e0 ce moment de flottement,<br \/>\nn\u2019a pas pu retenir son rire.<\/p>\n<p>De son c\u00f4t\u00e9, Bertrand Chameroy a choisi l\u2019autod\u00e9rision pour<br \/>\nestomper ce moment de g\u00eane : \u00ab\u00a0C&rsquo;est pour toutes les personnes<br \/>\ndont je me moque ! Pour la Terre enti\u00e8re. Une fin de carri\u00e8re en<br \/>\ndirect\u00a0\u00bb, a-t-il lanc\u00e9, d\u00e9clenchant un nouveau fou rire<br \/>\ng\u00e9n\u00e9ral. Une s\u00e9quence aussi spontan\u00e9e que fid\u00e8le \u00e0 l\u2019esprit de<br \/>\nl\u2019\u00e9mission.<\/p>\n<p>Anne-\u00c9lisabeth Lemoine cr\u00e9e le malaise<br \/>\nsur le plateau de C \u00e0 vous<\/p>\n<p>Alors que le d\u00e9bat anim\u00e9 sur la bourse et le risque de r\u00e9cession<br \/>\nmondiale li\u00e9s aux d\u00e9cisions de Donald Trump touchait \u00e0 sa fin,<br \/>\n\u00a0<a href=\"https:\/\/www.closermag.fr\/politique\/vous-me-prenez-pour-une-imbecile-rachida-dati-na-que-peu-goute-a-cette-remarque-dun-journaliste-de-france-2-3500164\" target=\"_blank\" rel=\"noopener\">Dominique<br \/>\nSeux<\/a> a donn\u00e9 son avis en pointant une lacune majeure : \u00ab\u00a0Il<br \/>\nne prend pas en compte les \u00e9changes. Dans toutes ces<br \/>\nd\u00e9monstrations, il ne prend en compte que les biens, les<br \/>\nmarchandises\u00a0\u00bb.<\/p>\n<p>Ce \u00e0 quoi l\u2019animatrice a r\u00e9pondu : \u00ab\u00a0Merci beaucoup Dominique<br \/>\nd&rsquo;\u00eatre venu ce soir sur le plateau de C \u00e0 vous. On \u00e9coute avec<br \/>\n<strong>passion<\/strong> vos&#8230; avec passion&#8230; avec int\u00e9r\u00eat Vos<br \/>\n\u00e9ditos sur France Inter\u00a0\u00bb, provoquant ainsi un l\u00e9ger moment de<br \/>\n<strong>g\u00eane<\/strong> sur le plateau. Elle a aussit\u00f4t su d\u00e9samorcer<br \/>\navec son naturel et son sens de la r\u00e9partie et de l&rsquo;humour.<\/p>\n","protected":false},"excerpt":{"rendered":"Les discussions sur Trump et l&rsquo;impact de ses d\u00e9cisions sur la bourse et les exportations ont domin\u00e9 l\u2019\u00e9mission&hellip;\n","protected":false},"author":2,"featured_media":13840,"comment_status":"","ping_status":"","sticky":false,"template":"","format":"standard","meta":{"footnotes":""},"categories":[1359],"tags":[5631,548,5632,58,59,1011,27,973],"class_list":{"0":"post-13839","1":"post","2":"type-post","3":"status-publish","4":"format-standard","5":"has-post-thumbnail","7":"category-people","8":"tag-anne-elisabeth-lemoine","9":"tag-article-simple","10":"tag-c-a-vous","11":"tag-divertissement","12":"tag-entertainment","13":"tag-fr","14":"tag-france","15":"tag-people"},"share_on_mastodon":{"url":"https:\/\/pubeurope.com\/@fr\/114310793406557586","error":""},"_links":{"self":[{"href":"https:\/\/www.europesays.com\/fr\/wp-json\/wp\/v2\/posts\/13839","targetHints":{"allow":["GET"]}}],"collection":[{"href":"https:\/\/www.europesays.com\/fr\/wp-json\/wp\/v2\/posts"}],"about":[{"href":"https:\/\/www.europesays.com\/fr\/wp-json\/wp\/v2\/types\/post"}],"author":[{"embeddable":true,"href":"https:\/\/www.europesays.com\/fr\/wp-json\/wp\/v2\/users\/2"}],"replies":[{"embeddable":true,"href":"https:\/\/www.europesays.com\/fr\/wp-json\/wp\/v2\/comments?post=13839"}],"version-history":[{"count":0,"href":"https:\/\/www.europesays.com\/fr\/wp-json\/wp\/v2\/posts\/13839\/revisions"}],"wp:featuredmedia":[{"embeddable":true,"href":"https:\/\/www.europesays.com\/fr\/wp-json\/wp\/v2\/media\/13840"}],"wp:attachment":[{"href":"https:\/\/www.europesays.com\/fr\/wp-json\/wp\/v2\/media?parent=13839"}],"wp:term":[{"taxonomy":"category","embeddable":true,"href":"https:\/\/www.europesays.com\/fr\/wp-json\/wp\/v2\/categories?post=13839"},{"taxonomy":"post_tag","embeddable":true,"href":"https:\/\/www.europesays.com\/fr\/wp-json\/wp\/v2\/tags?post=13839"}],"curies":[{"name":"wp","href":"https:\/\/api.w.org\/{rel}","templated":true}]}}