{"id":138390,"date":"2025-05-30T04:10:10","date_gmt":"2025-05-30T04:10:10","guid":{"rendered":"https:\/\/www.europesays.com\/fr\/138390\/"},"modified":"2025-05-30T04:10:10","modified_gmt":"2025-05-30T04:10:10","slug":"travailler-pour-le-roi-p-diddy-le-reve-devenu-cauchemar-dune-ex-assistante-orange","status":"publish","type":"post","link":"https:\/\/www.europesays.com\/fr\/138390\/","title":{"rendered":"Travailler pour le &quot;roi&quot; P. Diddy: le r\u00eave devenu &quot;cauchemar&quot; d&#039;une ex-assistante &#8211; Orange"},"content":{"rendered":"<ol>\n<li><a href=\"https:\/\/news.google.com\/rss\/articles\/CBMi6AFBVV95cUxNSXl0TG5KeElNSWNoVll5eW1Ock1vSmkwRWlCbXc0TFZ6aWFBZ08tYWlhZTJ0WXlFd2QtZWp1b0lpQy1pSXl3bjlvMGNkX1pJNldCSS1tQTJ4VnB3cHZSNWFUSHpTdjNGVVdiVkxXeG5JYk02UlVtUk8tUkN3NS0tbS1YSm9BeVY2ODhzYUVaaU01Q0RMekxrcmMtQnNZc0ZLTUhZNVVrRlJFRHJBaEZraF8wVVlLWFNibU9RWmctUjczS2FGVFgzeHpfZkh2VXNYSDVvbkc3RHRDemRXRk1qN0VPQlhYTWZ5?oc=5\" target=\"_blank\" rel=\"nofollow noopener\">Travailler pour le \u00ab\u00a0roi\u00a0\u00bb P. Diddy: le r\u00eave devenu \u00ab\u00a0cauchemar\u00a0\u00bb d&rsquo;une ex-assistante<\/a>&nbsp;&nbsp;Orange<\/li>\n<li><a href=\"https:\/\/news.google.com\/rss\/articles\/CBMi2gFBVV95cUxNN1VubEJjMDlla3pINzI3QXNnS0h6cmpxc3JuOTJnOUJyTXlvMUprVERwZmQ0ZFFRRXpTUVRhLUlsY2Q2UmdQeHJHNnJrUHpZMkRWU1ZxaXZyZkE3elJwRF9MYllKdHZCNlEwOTNCMTBxdG1mY214VkRXZkVtYWRDZlo0TWl2Mm56OWdKVkZIWHRCRVpkdjRLVm9kb240SXV6MEhDa0swUVRmUEFIU2doLWpWX3k2Rzh4eDExMzQzaXFLRnZZV2lxQWJaX2FHRVNHemkzbTFWNlluZw?oc=5\" target=\"_blank\" rel=\"nofollow noopener\">L\u2019ex-assistante de P. Diddy parle d\u2019ann\u00e9es d\u2019abus psychologiques et sexuels<\/a>&nbsp;&nbsp;20 Minutes<\/li>\n<li><a href=\"https:\/\/news.google.com\/rss\/articles\/CBMitAFBVV95cUxNa0F4aGNkSHdZWG1mUWZKLTJEYU44Rnc4YlJrMUdVQl9TTkRxQ1NUYjA3cDhjcTliVjlyMDNodjVfbHZoZWh1QjVCQTVSejJ0U3lWTFFtRG9RT2N3YWQzdzdpdTFOMXlRVmFWeGpfTUlMWUNibTZXdXN3bGdkeldlZUNONkh3SGRtZ1NfUzJMU1o4MWRuR1JqN0NNOVNVT0tla0NXME5UUkVOaVdaOHFoT0V1NmU?oc=5\" target=\"_blank\" rel=\"nofollow noopener\">Proc\u00e8s P. Diddy : la justice, machine \u00e0 s\u00e9ries am\u00e9ricaines<\/a>&nbsp;&nbsp;L&rsquo;Express<\/li>\n<li><a href=\"https:\/\/news.google.com\/rss\/articles\/CBMi7AFBVV95cUxQTDNjb3BrVEE0cHRYVWxyMHo0SmZlUVdOUW5GdjF4TTg3QVFDanY1aGF1ajhJSVpSQU01OVNEeW0wd0p5QmhLdlJRV3RaaEN4M2JsamEwenU1cF95czF0ZjRmX1Vjcl9NVTBuT2ZfYkpYU2ZSQVVOWEJtcUdCSGlqVUpObGx3c3E5WVFtVXh4OFZPa21Kc3JIMVU4Z0paRXgzTkVmRmlPQ21NOGpDakZnelJoTXB2QzQ3cFQxZk1Rb0FyaUE2WUc1V0h2NXdXc1VJemxBbi1TV2NUVXVxRmdycEZETjlDY3VuSHNuNw?oc=5\" target=\"_blank\" rel=\"nofollow noopener\">\u00abOn va aller le tuer\u00bb : au proc\u00e8s de P. Diddy, son ex-assistante l\u2019accuse de violences, kidnapping et menace de mort<\/a>&nbsp;&nbsp;Le Figaro<\/li>\n<li><a href=\"https:\/\/news.google.com\/rss\/articles\/CBMiekFVX3lxTE1wRGhkMXQ0N0VVUlNsbnNRamk0akp2UUlJXzFiczdRTEJSdkVuSFBfSmdMTU9Kc0pzQkFZY2JlQzR5M0dabXNlNHVabzR5b0JDUEN6S2k0N2pOQ2hDRDJYQmpPbUpLVlp1LVZ0Xy1CckNwT1lyc0ZfRE5B?oc=5\" target=\"_blank\" rel=\"nofollow noopener\">\u00ab\u00a0On va aller le tuer\u00a0\u00bb : au proc\u00e8s de P. Diddy, les t\u00e9moignages gla\u00e7ants des proches de Cassie et de Kid Cudi<\/a>&nbsp;&nbsp;Yahoo Life France<\/li>\n<\/ol>\n","protected":false},"excerpt":{"rendered":"Travailler pour le \u00ab\u00a0roi\u00a0\u00bb P. Diddy: le r\u00eave devenu \u00ab\u00a0cauchemar\u00a0\u00bb d&rsquo;une ex-assistante&nbsp;&nbsp;Orange L\u2019ex-assistante de P. Diddy parle d\u2019ann\u00e9es&hellip;\n","protected":false},"author":2,"featured_media":138391,"comment_status":"","ping_status":"","sticky":false,"template":"","format":"standard","meta":{"footnotes":""},"categories":[1355],"tags":[271,58,59,1011,27,303,1361,873,308],"class_list":{"0":"post-138390","1":"post","2":"type-post","3":"status-publish","4":"format-standard","5":"has-post-thumbnail","7":"category-musique","8":"tag-crime","9":"tag-divertissement","10":"tag-entertainment","11":"tag-fr","12":"tag-france","13":"tag-justice","14":"tag-music","15":"tag-musique","16":"tag-usa"},"share_on_mastodon":{"url":"https:\/\/pubeurope.com\/@fr\/114594829259877475","error":""},"_links":{"self":[{"href":"https:\/\/www.europesays.com\/fr\/wp-json\/wp\/v2\/posts\/138390","targetHints":{"allow":["GET"]}}],"collection":[{"href":"https:\/\/www.europesays.com\/fr\/wp-json\/wp\/v2\/posts"}],"about":[{"href":"https:\/\/www.europesays.com\/fr\/wp-json\/wp\/v2\/types\/post"}],"author":[{"embeddable":true,"href":"https:\/\/www.europesays.com\/fr\/wp-json\/wp\/v2\/users\/2"}],"replies":[{"embeddable":true,"href":"https:\/\/www.europesays.com\/fr\/wp-json\/wp\/v2\/comments?post=138390"}],"version-history":[{"count":0,"href":"https:\/\/www.europesays.com\/fr\/wp-json\/wp\/v2\/posts\/138390\/revisions"}],"wp:featuredmedia":[{"embeddable":true,"href":"https:\/\/www.europesays.com\/fr\/wp-json\/wp\/v2\/media\/138391"}],"wp:attachment":[{"href":"https:\/\/www.europesays.com\/fr\/wp-json\/wp\/v2\/media?parent=138390"}],"wp:term":[{"taxonomy":"category","embeddable":true,"href":"https:\/\/www.europesays.com\/fr\/wp-json\/wp\/v2\/categories?post=138390"},{"taxonomy":"post_tag","embeddable":true,"href":"https:\/\/www.europesays.com\/fr\/wp-json\/wp\/v2\/tags?post=138390"}],"curies":[{"name":"wp","href":"https:\/\/api.w.org\/{rel}","templated":true}]}}