{"id":138406,"date":"2025-05-30T04:19:10","date_gmt":"2025-05-30T04:19:10","guid":{"rendered":"https:\/\/www.europesays.com\/fr\/138406\/"},"modified":"2025-05-30T04:19:10","modified_gmt":"2025-05-30T04:19:10","slug":"un-rapport-de-ladministration-trump-sur-la-sante-des-jeunes-se-base-sur-des-sources-inexistantes","status":"publish","type":"post","link":"https:\/\/www.europesays.com\/fr\/138406\/","title":{"rendered":"Un rapport de l\u2019administration Trump sur la sant\u00e9 des jeunes se base sur des sources inexistantes"},"content":{"rendered":"<p>Un rapport controvers\u00e9 de l\u2019<a href=\"https:\/\/www.20minutes.fr\/dossier\/donald_trump\" target=\"_blank\" class=\"color-ultramarine c-link\" rel=\"noopener\">administration Trump<\/a> sur la sant\u00e9 des jeunes Am\u00e9ricains est mis \u00e0 mal. Plusieurs \u00e9tudes scientifiques qu\u2019il cite sont tout simplement introuvables. Publi\u00e9 le 22\u00a0mai sous le titre \u00ab\u00a0Make America Healthy Again\u00a0\u00bb et pilot\u00e9 par <a href=\"https:\/\/www.20minutes.fr\/monde\/robert-kennedy-jr\/\" target=\"_blank\" class=\"color-ultramarine c-link\" rel=\"noopener\">Robert Kennedy Jr<\/a>, le document lie les <a href=\"https:\/\/www.20minutes.fr\/dossier\/maladie\" target=\"_blank\" class=\"color-ultramarine c-link\" rel=\"noopener\">maladies<\/a> chroniques chez les enfants \u00e0 l\u2019alimentation ultra-transform\u00e9e, aux <a href=\"https:\/\/www.20minutes.fr\/planete\/pesticides\/\" target=\"_blank\" class=\"color-ultramarine c-link\" rel=\"noopener\">pesticides<\/a>, \u00e0 l\u2019usage des \u00e9crans\u2026 et insinue des doutes sur les <a href=\"https:\/\/www.20minutes.fr\/dossier\/vaccin\" target=\"_blank\" class=\"color-ultramarine c-link\" rel=\"noopener\">vaccins<\/a>.<\/p>\n<p>Mais l\u2019int\u00e9grit\u00e9 scientifique du rapport s\u2019est effondr\u00e9e car au moins quatre des \u00e9tudes mentionn\u00e9es sont inexistantes, selon leurs pr\u00e9tendus auteurs. L\u2019enqu\u00eate, r\u00e9v\u00e9l\u00e9e jeudi par le m\u00e9dia ind\u00e9pendant <a href=\"https:\/\/www.notus.org\/health-science\/white-house-maha-report-citation-formatting-issues\" rel=\"nofollow noopener\" target=\"_blank\" class=\"color-ultramarine c-link\">Notus<\/a>, a mis en lumi\u00e8re des citations falsifi\u00e9es et des sources erron\u00e9es. Noah Kreski, chercheur \u00e0 l\u2019universit\u00e9 Columbia, a ainsi d\u00e9menti avoir \u00e9crit le passage qui lui est attribu\u00e9. \u00ab\u00a0Cette citation ne vient d\u2019aucune de mes \u00e9tudes\u00a0\u00bb, a-t-il assur\u00e9. Le lien cens\u00e9 renvoyer vers un article du <a href=\"https:\/\/jamanetwork.com\" rel=\"nofollow noopener\" target=\"_blank\" class=\"color-ultramarine c-link\">Journal of the American Medical Association<\/a> (JAMA) est en r\u00e9alit\u00e9 invalide. Contact\u00e9, le porte-parole de la revue, Jim Michalski, a confirm\u00e9 que \u00ab\u00a0cet article n\u2019a jamais \u00e9t\u00e9 publi\u00e9\u00a0\u00bb.<\/p>\n<\/p>\n<p>Les autorit\u00e9s se renvoient la balle<\/p>\n<p>Autre exemple\u00a0: Harold Farber, professeur de p\u00e9diatrie au Baylor College of Medicine, a affirm\u00e9 que l\u2019article cit\u00e9 sous son nom \u00ab\u00a0n\u2019existe pas\u00a0\u00bb. L\u2019universit\u00e9 du Commonwealth de Virginie a \u00e9galement d\u00e9menti toute implication de Robert Findling, professeur dans ses rangs, dans un texte vantant les psychotropes pour enfants. Quant \u00e0 un article r\u00e9f\u00e9renc\u00e9 dans la revue Pediatrics en\u00a02008 sur le trouble du d\u00e9ficit de l\u2019attention, il est introuvable. \u00ab\u00a0Nous n\u2019avons pas trouv\u00e9 ce titre sur notre site\u00a0\u00bb, a d\u00e9clar\u00e9 Alex Hulvalchick, attach\u00e9 de presse de l\u2019American Academy of Pediatrics.<\/p>\n<p><a href=\"https:\/\/www.20minutes.fr\/monde\/etats-unis\/\" target=\"_blank\" class=\"c-link c-btn c-btn--primary\" rel=\"noopener\">Tous nos articles sur les Etats-Unis<\/a><\/p>\n<p>Face \u00e0 la pol\u00e9mique, le minist\u00e8re de la Sant\u00e9 a renvoy\u00e9 les questions vers la <a href=\"https:\/\/www.20minutes.fr\/dossier\/maison_blanche\" target=\"_blank\" class=\"color-ultramarine c-link\" rel=\"noopener\">Maison-Blanche<\/a> et refus\u00e9 tout commentaire. Suite \u00e0 cela, la porte-parole Karoline Leavitt a d\u00e9clar\u00e9 jeudi que la Maison-Blanche avait \u00ab\u00a0une confiance totale\u00a0\u00bb en Robert Kennedy Jr. ainsi qu\u2019en sa commission \u00ab\u00a0Make America Healthy Again\u00a0\u00bb, en d\u00e9pit des nombreuses incoh\u00e9rences relev\u00e9es dans les sources de son rapport phare. Karoline Leavitt a par ailleurs chercher \u00e0 minimiser les probl\u00e8mes de citations.<\/p>\n","protected":false},"excerpt":{"rendered":"Un rapport controvers\u00e9 de l\u2019administration Trump sur la sant\u00e9 des jeunes Am\u00e9ricains est mis \u00e0 mal. Plusieurs \u00e9tudes&hellip;\n","protected":false},"author":2,"featured_media":138407,"comment_status":"","ping_status":"","sticky":false,"template":"","format":"standard","meta":{"footnotes":""},"categories":[2],"tags":[47,11,1084,75,847,73,1011,27,226,125,74,12,13973,71,773],"class_list":{"0":"post-138406","1":"post","2":"type-post","3":"status-publish","4":"format-standard","5":"has-post-thumbnail","7":"category-actualites","8":"tag-actualite","9":"tag-actualites","10":"tag-adolescent","11":"tag-donald-trump","12":"tag-enfant","13":"tag-etats-unis","14":"tag-fr","15":"tag-france","16":"tag-maladie","17":"tag-ministere-de-la-sante","18":"tag-monde","19":"tag-news","20":"tag-robert-kennedy-jr","21":"tag-sante","22":"tag-vaccin"},"share_on_mastodon":{"url":"https:\/\/pubeurope.com\/@fr\/114594864426530555","error":""},"_links":{"self":[{"href":"https:\/\/www.europesays.com\/fr\/wp-json\/wp\/v2\/posts\/138406","targetHints":{"allow":["GET"]}}],"collection":[{"href":"https:\/\/www.europesays.com\/fr\/wp-json\/wp\/v2\/posts"}],"about":[{"href":"https:\/\/www.europesays.com\/fr\/wp-json\/wp\/v2\/types\/post"}],"author":[{"embeddable":true,"href":"https:\/\/www.europesays.com\/fr\/wp-json\/wp\/v2\/users\/2"}],"replies":[{"embeddable":true,"href":"https:\/\/www.europesays.com\/fr\/wp-json\/wp\/v2\/comments?post=138406"}],"version-history":[{"count":0,"href":"https:\/\/www.europesays.com\/fr\/wp-json\/wp\/v2\/posts\/138406\/revisions"}],"wp:featuredmedia":[{"embeddable":true,"href":"https:\/\/www.europesays.com\/fr\/wp-json\/wp\/v2\/media\/138407"}],"wp:attachment":[{"href":"https:\/\/www.europesays.com\/fr\/wp-json\/wp\/v2\/media?parent=138406"}],"wp:term":[{"taxonomy":"category","embeddable":true,"href":"https:\/\/www.europesays.com\/fr\/wp-json\/wp\/v2\/categories?post=138406"},{"taxonomy":"post_tag","embeddable":true,"href":"https:\/\/www.europesays.com\/fr\/wp-json\/wp\/v2\/tags?post=138406"}],"curies":[{"name":"wp","href":"https:\/\/api.w.org\/{rel}","templated":true}]}}