{"id":138408,"date":"2025-05-30T04:20:17","date_gmt":"2025-05-30T04:20:17","guid":{"rendered":"https:\/\/www.europesays.com\/fr\/138408\/"},"modified":"2025-05-30T04:20:17","modified_gmt":"2025-05-30T04:20:17","slug":"les-jeunes-femmes-avaient-derobe-pour-1-620-euros-de-marchandises","status":"publish","type":"post","link":"https:\/\/www.europesays.com\/fr\/138408\/","title":{"rendered":"les jeunes femmes avaient d\u00e9rob\u00e9 pour 1 620 euros de marchandises"},"content":{"rendered":"<p>Le stratag\u00e8me semblait bien au point et elles avaient fait des ravages dans diff\u00e9rentes enseignes du centre commercial Steel \u00e0 Saint-\u00c9tienne ce lundi 26\u00a0mai, vers 17 heures. Mais leur plan a connu un accroc quand ces jeunes femmes ont \u00e9t\u00e9 rep\u00e9r\u00e9es par un vigile, intrigu\u00e9 par leur comportement suspect.<\/p>\n<p>Pr\u00e9venu et rapidement sur place, un \u00e9quipage de la police nationale a entrepris une surveillance de leur v\u00e9hicule stationn\u00e9 sur le parking dans lequel elles venaient de d\u00e9poser le butin de leurs vols.<\/p>\n<p>  Interpell\u00e9es \u00e0 leur retour pr\u00e8s du v\u00e9hicule<\/p>\n<p>Quand les jeunes femmes sont revenues sur place, quelques minutes plus tard, elles ont pu \u00eatre interpell\u00e9es. Au total, le pr\u00e9judice a \u00e9t\u00e9 estim\u00e9 \u00e0 quelque 1\u00a0620\u00a0euros pour des boutiques de mode pour femmes et de sport.<\/p>\n<p>L\u2019une des membres du trio a \u00e9t\u00e9 jug\u00e9e ce mercredi 28 mai dans le cadre d\u2019une comparution imm\u00e9diate devant le tribunal correctionnel de Saint-\u00c9tienne.<strong><\/strong><strong><\/strong><\/p>\n<p>Lyna Guezati, \u00e2g\u00e9e de 23 ans, avait d\u00e9j\u00e0 \u00e9t\u00e9 condamn\u00e9e six fois pour des vols commis en\u00a02021 et\u00a02023. Elle a \u00e9t\u00e9 condamn\u00e9e \u00e0 vingt-et-un mois de prison (avec mandat de d\u00e9p\u00f4t), dont quinze mois de sursis r\u00e9voqu\u00e9s pour les pr\u00e9c\u00e9dentes affaires.<\/p>\n<p>La deuxi\u00e8me, \u00e2g\u00e9e de 21 ans, sera auditionn\u00e9e dans le cadre d\u2019une comparution sur reconnaissance pr\u00e9alable de culpabilit\u00e9 (CRPC). Quant \u00e0 la troisi\u00e8me, elle ne fait l\u2019objet d\u2019aucune poursuite.<\/p>\n<p class=\"note\">Conform\u00e9ment \u00e0 notre charte (disponible <a href=\"https:\/\/www.leprogres.fr\/societe\/2023\/02\/09\/faits-divers-et-justice-notre-charte-editoriale\" target=\"_blank\" rel=\"nofollow noopener\">ici<\/a>), nous mentionnons l\u2019identit\u00e9 des personnes condamn\u00e9es \u00e0 partir d\u2019un an de prison ferme avec mandat de d\u00e9p\u00f4t, ou de deux ans de prison (ferme ou avec sursis).<\/p>\n","protected":false},"excerpt":{"rendered":"Le stratag\u00e8me semblait bien au point et elles avaient fait des ravages dans diff\u00e9rentes enseignes du centre commercial&hellip;\n","protected":false},"author":2,"featured_media":138409,"comment_status":"","ping_status":"","sticky":false,"template":"","format":"standard","meta":{"footnotes":""},"categories":[9653],"tags":[1111,11,2430,4406,271,272,7539,1777,674,274,107,1011,27,3367,12,25,4001,7538],"class_list":{"0":"post-138408","1":"post","2":"type-post","3":"status-publish","4":"format-standard","5":"has-post-thumbnail","7":"category-saint-etienne","8":"tag-actu","9":"tag-actualites","10":"tag-auvergne-rhone-alpes","11":"tag-commerce-et-services","12":"tag-crime","13":"tag-delit-et-contravention","14":"tag-edition-loire-sud","15":"tag-eu","16":"tag-europe","17":"tag-faits-divers-justice","18":"tag-fil-info","19":"tag-fr","20":"tag-france","21":"tag-loire","22":"tag-news","23":"tag-republique-francaise","24":"tag-saint-etienne","25":"tag-saint-etienne-ville"},"share_on_mastodon":{"url":"https:\/\/pubeurope.com\/@fr\/114594868507352570","error":""},"_links":{"self":[{"href":"https:\/\/www.europesays.com\/fr\/wp-json\/wp\/v2\/posts\/138408","targetHints":{"allow":["GET"]}}],"collection":[{"href":"https:\/\/www.europesays.com\/fr\/wp-json\/wp\/v2\/posts"}],"about":[{"href":"https:\/\/www.europesays.com\/fr\/wp-json\/wp\/v2\/types\/post"}],"author":[{"embeddable":true,"href":"https:\/\/www.europesays.com\/fr\/wp-json\/wp\/v2\/users\/2"}],"replies":[{"embeddable":true,"href":"https:\/\/www.europesays.com\/fr\/wp-json\/wp\/v2\/comments?post=138408"}],"version-history":[{"count":0,"href":"https:\/\/www.europesays.com\/fr\/wp-json\/wp\/v2\/posts\/138408\/revisions"}],"wp:featuredmedia":[{"embeddable":true,"href":"https:\/\/www.europesays.com\/fr\/wp-json\/wp\/v2\/media\/138409"}],"wp:attachment":[{"href":"https:\/\/www.europesays.com\/fr\/wp-json\/wp\/v2\/media?parent=138408"}],"wp:term":[{"taxonomy":"category","embeddable":true,"href":"https:\/\/www.europesays.com\/fr\/wp-json\/wp\/v2\/categories?post=138408"},{"taxonomy":"post_tag","embeddable":true,"href":"https:\/\/www.europesays.com\/fr\/wp-json\/wp\/v2\/tags?post=138408"}],"curies":[{"name":"wp","href":"https:\/\/api.w.org\/{rel}","templated":true}]}}