{"id":138410,"date":"2025-05-30T04:21:26","date_gmt":"2025-05-30T04:21:26","guid":{"rendered":"https:\/\/www.europesays.com\/fr\/138410\/"},"modified":"2025-05-30T04:21:26","modified_gmt":"2025-05-30T04:21:26","slug":"deux-offres-pour-sauver-larmurier-verney-carron-dernier-fabricant-francais-darmes-de-petit-calibre-2","status":"publish","type":"post","link":"https:\/\/www.europesays.com\/fr\/138410\/","title":{"rendered":"Deux offres pour sauver l\u2019armurier Verney-Carron, dernier fabricant fran\u00e7ais d\u2019armes de petit calibre"},"content":{"rendered":"<p>Le tribunal de commerce de <a href=\"https:\/\/www.20minutes.fr\/dossier\/saint-etienne\" class=\"color-ultramarine c-link\" target=\"_blank\" rel=\"noopener\">Saint-Etienne<\/a> a examin\u00e9 mercredi les deux offres de reprise toujours en lice pour reprendre l\u2019<a href=\"https:\/\/www.20minutes.fr\/faits_divers\/4098461-20240628-toul-cambrioleurs-armurerie-repartent-58-armes-dont-fusil-assaut\" class=\"color-ultramarine c-link\" target=\"_blank\" rel=\"noopener\">armurier<\/a> fran\u00e7ais Verney-Carron, en <a href=\"https:\/\/www.20minutes.fr\/dossier\/redressement_judiciaire\" class=\"color-ultramarine c-link\" target=\"_blank\" rel=\"noopener\">redressement judiciaire<\/a>. Le tribunal s\u2019est pench\u00e9 sur les offres du groupe Rivolier, importateur\/distributeur d\u2019armes bas\u00e9 \u00e0 Saint-Just-Saint-Rambert en Loire-Atlantique (350 salari\u00e9s et 150\u00a0millions d\u2019euros de chiffre d\u2019affaires) et de l\u2019industriel belge FN Browning (3.000 salari\u00e9s, environ 90\u00a0millions d\u2019euros de chiffre d\u2019affaires).<\/p>\n<p><a href=\"https:\/\/c.leprogres.fr\/economie\/2025\/05\/28\/verney-carron-le-nom-du-repreneur-sera-connu-le-4-juin-prochain\" rel=\"nofollow noopener\" target=\"_blank\" class=\"color-ultramarine c-link\">Selon Le Progr\u00e8s<\/a>, Rivolier a propos\u00e9 de reprendre 55 des 67 salari\u00e9s de Verney-Carron, et d\u2019investir plusieurs millions d\u2019euros dans un nouveau b\u00e2timent de 10.000 m\u00b2. Le groupe belge a propos\u00e9 quant \u00e0 lui une reprise de 50 salari\u00e9s, ainsi que des investissements industriels \u00e0 Saint-Etienne. FN Browning met en avant son partenariat avec l\u2019\u00c9tat fran\u00e7ais sur le <a href=\"https:\/\/www.20minutes.fr\/politique\/4142350-20250307-rearmement-emprunt-national-aupres-francais-possibilite-selon-francois-bayrou\" class=\"color-ultramarine c-link\" target=\"_blank\" rel=\"noopener\">r\u00e9armement de la France<\/a>.<\/p>\n<p>Recul des ventes de fusils et de carabines de chasse et de tir<\/p>\n<p>Le tribunal de commerce avait prononc\u00e9 l\u2019ouverture d\u2019une proc\u00e9dure de redressement judiciaire de Verney-Carron le 12\u00a0f\u00e9vrier dernier, et d\u00e9sign\u00e9 un administrateur judiciaire pour accompagner la gestion de l\u2019entreprise d\u00e9tenue majoritairement par le groupe fran\u00e7ais Cybergun (65\u00a0%) depuis mi-2022.<\/p>\n<\/p>\n<p>Les ventes de Verney-Carron ont continu\u00e9 \u00e0 chuter l\u2019an dernier, avec de lourdes pertes et un chiffre d\u2019affaires pass\u00e9 sous la barre des 4\u00a0millions d\u2019euros, contre 5,45\u00a0millions en\u00a02023, selon une source proche du dossier. Le passif cumul\u00e9 d\u00e9clar\u00e9 par la direction est de pr\u00e8s de 20,4\u00a0millions d\u2019euros. Le Progr\u00e8s ajoute qu\u2019un contrat majeur avec <a href=\"https:\/\/www.20minutes.fr\/monde\/ukraine\/\" class=\"color-ultramarine c-link\" target=\"_blank\" rel=\"noopener\">l\u2019Ukraine<\/a> ne s\u2019\u00e9tait pas concr\u00e9tis\u00e9, et n\u2019avait pas permis de redresser la barre.<\/p>\n<p><a href=\"https:\/\/www.20minutes.fr\/dossier\/armes\" class=\"c-link c-btn c-btn--primary\" target=\"_blank\" rel=\"noopener\">Notre dossie sur les armes<\/a><\/p>\n<p>Cr\u00e9\u00e9 en\u00a01820, Verney-Carron est le dernier fabricant fran\u00e7ais d\u2019armes de petit calibre. Longtemps sp\u00e9cialis\u00e9e dans les armes de chasse, la manufacture a invent\u00e9 et commercialis\u00e9 \u00e0 partir de\u00a01990 les \u00ab\u00a0Flash-balls\u00a0\u00bb, des armes d\u00e9fensives notamment utilis\u00e9es par la police nationale fran\u00e7aise pendant une vingtaine d\u2019ann\u00e9es. La r\u00e9cente orientation vers la fabrication d\u2019armes de guerre de petit calibre n\u2019a pas r\u00e9ussi \u00e0 compenser la perte du march\u00e9 avec le minist\u00e8re de l\u2019Int\u00e9rieur, et le recul des ventes de fusils et de carabines de chasse et de tir. Le tribunal de commerce a mis sa d\u00e9cision en d\u00e9lib\u00e9r\u00e9 au 4\u00a0juin.<\/p>\n","protected":false},"excerpt":{"rendered":"Le tribunal de commerce de Saint-Etienne a examin\u00e9 mercredi les deux offres de reprise toujours en lice pour&hellip;\n","protected":false},"author":2,"featured_media":138411,"comment_status":"","ping_status":"","sticky":false,"template":"","format":"standard","meta":{"footnotes":""},"categories":[9653],"tags":[1111,47,11,6376,2430,33,1777,674,1011,27,19456,693,3367,12,3730,25,2431,4001,26463],"class_list":{"0":"post-138410","1":"post","2":"type-post","3":"status-publish","4":"format-standard","5":"has-post-thumbnail","7":"category-saint-etienne","8":"tag-actu","9":"tag-actualite","10":"tag-actualites","11":"tag-armes","12":"tag-auvergne-rhone-alpes","13":"tag-economie","14":"tag-eu","15":"tag-europe","16":"tag-fr","17":"tag-france","18":"tag-fusil","19":"tag-industrie","20":"tag-loire","21":"tag-news","22":"tag-redressement-judiciaire","23":"tag-republique-francaise","24":"tag-rhone-alpes","25":"tag-saint-etienne","26":"tag-tribunal-de-commerce"},"share_on_mastodon":{"url":"https:\/\/pubeurope.com\/@fr\/114594872236856916","error":""},"_links":{"self":[{"href":"https:\/\/www.europesays.com\/fr\/wp-json\/wp\/v2\/posts\/138410","targetHints":{"allow":["GET"]}}],"collection":[{"href":"https:\/\/www.europesays.com\/fr\/wp-json\/wp\/v2\/posts"}],"about":[{"href":"https:\/\/www.europesays.com\/fr\/wp-json\/wp\/v2\/types\/post"}],"author":[{"embeddable":true,"href":"https:\/\/www.europesays.com\/fr\/wp-json\/wp\/v2\/users\/2"}],"replies":[{"embeddable":true,"href":"https:\/\/www.europesays.com\/fr\/wp-json\/wp\/v2\/comments?post=138410"}],"version-history":[{"count":0,"href":"https:\/\/www.europesays.com\/fr\/wp-json\/wp\/v2\/posts\/138410\/revisions"}],"wp:featuredmedia":[{"embeddable":true,"href":"https:\/\/www.europesays.com\/fr\/wp-json\/wp\/v2\/media\/138411"}],"wp:attachment":[{"href":"https:\/\/www.europesays.com\/fr\/wp-json\/wp\/v2\/media?parent=138410"}],"wp:term":[{"taxonomy":"category","embeddable":true,"href":"https:\/\/www.europesays.com\/fr\/wp-json\/wp\/v2\/categories?post=138410"},{"taxonomy":"post_tag","embeddable":true,"href":"https:\/\/www.europesays.com\/fr\/wp-json\/wp\/v2\/tags?post=138410"}],"curies":[{"name":"wp","href":"https:\/\/api.w.org\/{rel}","templated":true}]}}