{"id":138426,"date":"2025-05-30T04:34:09","date_gmt":"2025-05-30T04:34:09","guid":{"rendered":"https:\/\/www.europesays.com\/fr\/138426\/"},"modified":"2025-05-30T04:34:09","modified_gmt":"2025-05-30T04:34:09","slug":"que-faire-a-rennes-ce-week-end-du-31-mai-au-01-juin-2025","status":"publish","type":"post","link":"https:\/\/www.europesays.com\/fr\/138426\/","title":{"rendered":"Que faire \u00e0 Rennes ce week-end du 31 mai au 01 juin 2025 ?"},"content":{"rendered":"<p>\n        De et avec Julie Villiers. Que celui qui n\u2019a jamais eu envie de buter sa m\u00e8re lui jette la premi\u00e8re pierre ? Trois femmes, trois g\u00e9n\u00e9rations, une histoire peu banale. De la mamy un brin collabo mais amoureuse \u00e0 la fille d\u00e9jant\u00e9e et attachante, Julie Villers propose un voyage th\u00e9rapeutique loin de l\u2019univers Girly et des clich\u00e9s habituels. R\u00e9servations sur le site ou par t\u00e9l\u00e9phone.\n        <\/p>\n<p><a href=\"https:\/\/www.letelegramme.fr\/api\/gotourl\/bevt\/2760713\/\" target=\"_blank\" rel=\"noopener\"><br \/>\n        Exposition\u00a0: \u00ab\u00a0S\u00e9isme\u00a0\u00bb<br \/>\n        <\/a><\/p>\n<p>\n        Brankica \u017dilovi\u0107, artiste serbe form\u00e9e aux Beaux-Arts de Paris, explore m\u00e9moire, territoire et transmission via le textile, la broderie et des mat\u00e9riaux hybrides. Son \u0153uvre interroge fronti\u00e8res, vestiges et identit\u00e9s, m\u00ealant traditions artisanales, conflits des Balkans et pens\u00e9e de la cr\u00e9olisation. Elle transforme archives et ruines en cartographies sensibles, entre r\u00e9paration et r\u00e9silience, vers une approche plus durable et vivante de l\u2019art.\n        <\/p>\n<p><a href=\"https:\/\/www.letelegramme.fr\/api\/gotourl\/bevt\/2768173\/\" target=\"_blank\" rel=\"noopener\"><br \/>\n        Exposition \u00ab\u00a0Organon\u00a0\u00bb de Sambuko<br \/>\n        <\/a><\/p>\n<p>\n        Une s\u00e9rie de peintures et dessins cyberpunk qui explore la fusion entre corps, musique et technologie. L\u2019artiste questionne l\u2019impact de l\u2019intelligence artificielle et des mutations technologiques sur la cr\u00e9ation musicale. Vernissage le 13 mai, \u00e0 18 h. Goodies sur place. Une exposition percutante pour les amateurs d\u2019art, de musique et de visions cyberpunk, cybergoth, steampunk.\n        <\/p>\n<p><a href=\"https:\/\/www.letelegramme.fr\/api\/gotourl\/bevt\/2799565\/\" target=\"_blank\" rel=\"noopener\"><br \/>\n        13e F\u00eate de l\u2019estampe\u00a0: \u00ab\u00a0L\u2019estampe dans tous ses \u00e9tats\u00a0!\u00a0\u00bb<br \/>\n        <\/a><\/p>\n<p>\n        Au LA atelier d\u2019artistes On estampe Messieurs Mesdames, taille-douce et taille d\u2019\u00e9pargne, Monotypes et polygrammes, Pique et pique et colegram, Amstramgram tadaaam ! Au programme : exposition, d\u00e9monstrations\u2026 Et sur demande par e-mail, des sessions d\u00e9couverte en gravure sur pl\u00e2tre, gravure sur carton, gaufrage au pochoir, peuvent \u00eatre mises en place \u00e0 prix libre et conscient.\n        <\/p>\n<p>L&rsquo;agenda des loisirs<\/p>\n<p class=\"moveInBrittany__text\" style=\"color:#fff\">\n            Festivals, expositions, visites, conf\u00e9rences, &#8230;\n          <\/p>\n<p>Sortir \u00e0 Rennes le dimanche 01 juin<\/p>\n","protected":false},"excerpt":{"rendered":"De et avec Julie Villiers. Que celui qui n\u2019a jamais eu envie de buter sa m\u00e8re lui jette&hellip;\n","protected":false},"author":2,"featured_media":6963,"comment_status":"","ping_status":"","sticky":false,"template":"","format":"standard","meta":{"footnotes":""},"categories":[2821],"tags":[1111,11,829,1777,674,1011,27,12,3907,584,25],"class_list":{"0":"post-138426","1":"post","2":"type-post","3":"status-publish","4":"format-standard","5":"has-post-thumbnail","7":"category-rennes","8":"tag-actu","9":"tag-actualites","10":"tag-bretagne","11":"tag-eu","12":"tag-europe","13":"tag-fr","14":"tag-france","15":"tag-news","16":"tag-que-faire","17":"tag-rennes","18":"tag-republique-francaise"},"share_on_mastodon":{"url":"https:\/\/pubeurope.com\/@fr\/114594923416163016","error":""},"_links":{"self":[{"href":"https:\/\/www.europesays.com\/fr\/wp-json\/wp\/v2\/posts\/138426","targetHints":{"allow":["GET"]}}],"collection":[{"href":"https:\/\/www.europesays.com\/fr\/wp-json\/wp\/v2\/posts"}],"about":[{"href":"https:\/\/www.europesays.com\/fr\/wp-json\/wp\/v2\/types\/post"}],"author":[{"embeddable":true,"href":"https:\/\/www.europesays.com\/fr\/wp-json\/wp\/v2\/users\/2"}],"replies":[{"embeddable":true,"href":"https:\/\/www.europesays.com\/fr\/wp-json\/wp\/v2\/comments?post=138426"}],"version-history":[{"count":0,"href":"https:\/\/www.europesays.com\/fr\/wp-json\/wp\/v2\/posts\/138426\/revisions"}],"wp:featuredmedia":[{"embeddable":true,"href":"https:\/\/www.europesays.com\/fr\/wp-json\/wp\/v2\/media\/6963"}],"wp:attachment":[{"href":"https:\/\/www.europesays.com\/fr\/wp-json\/wp\/v2\/media?parent=138426"}],"wp:term":[{"taxonomy":"category","embeddable":true,"href":"https:\/\/www.europesays.com\/fr\/wp-json\/wp\/v2\/categories?post=138426"},{"taxonomy":"post_tag","embeddable":true,"href":"https:\/\/www.europesays.com\/fr\/wp-json\/wp\/v2\/tags?post=138426"}],"curies":[{"name":"wp","href":"https:\/\/api.w.org\/{rel}","templated":true}]}}