{"id":138429,"date":"2025-05-30T04:37:12","date_gmt":"2025-05-30T04:37:12","guid":{"rendered":"https:\/\/www.europesays.com\/fr\/138429\/"},"modified":"2025-05-30T04:37:12","modified_gmt":"2025-05-30T04:37:12","slug":"hoenheim-la-ville-fait-appel-a-des-agents-de-securite-prives-pour-lutter-contre-les-incivilites-avec-succes","status":"publish","type":"post","link":"https:\/\/www.europesays.com\/fr\/138429\/","title":{"rendered":"H\u0153nheim. La Ville fait appel \u00e0 des agents de s\u00e9curit\u00e9 priv\u00e9s pour lutter contre les incivilit\u00e9s, avec succ\u00e8s"},"content":{"rendered":"<p>\u00ab\u00a0Oh\u00a0! Vous allez o\u00f9 comme \u00e7a\u00a0?\u00a0\u00bb Du bout de la rue, Iounous Souleimanov interpelle s\u00e8chement un groupe de jeunes. Torse nu et short de bain, ces derniers se baladent dans le quartier du Ried avec une barri\u00e8re en m\u00e9tal sur l\u2019\u00e9paule. Pourtant, Iounous ne porte pas d\u2019uniforme ni d\u2019armes. Il n\u2019est pas non plus de leur famille. Ce dernier est \u00e0 la t\u00eate d\u2019une soci\u00e9t\u00e9 de gardiennage, qui a remport\u00e9 l\u2019an dernier un march\u00e9 public de <a href=\"https:\/\/www.dna.fr\/economie\/2025\/04\/28\/maison-de-sante-les-travaux-sont-lances-pour-deux-generalistes-et-un-infirmier-en-2026\" target=\"_blank\" rel=\"noopener\">la Ville de Hoenheim<\/a>. Sa mission\u00a0: lutter contre les incivilit\u00e9s, en faisant des rondes plusieurs jours dans la semaine dans le quartier du Ried. Ou ailleurs, quand le besoin se fait sentir.<\/p>\n<p>Mission dissuasion<\/p>\n<p>La t\u00e2che ressemble \u00e0 s\u2019y m\u00e9prendre \u00e0 celle de la police municipale. D\u00e8s lors, pourquoi avoir recours au priv\u00e9\u00a0? Ce n\u2019est pas \u00ab\u00a0une question&#8230;<\/p>\n","protected":false},"excerpt":{"rendered":"\u00ab\u00a0Oh\u00a0! Vous allez o\u00f9 comme \u00e7a\u00a0?\u00a0\u00bb Du bout de la rue, Iounous Souleimanov interpelle s\u00e8chement un groupe de&hellip;\n","protected":false},"author":2,"featured_media":138430,"comment_status":"","ping_status":"","sticky":false,"template":"","format":"standard","meta":{"footnotes":""},"categories":[2820],"tags":[1111,11,2880,1777,674,274,107,1011,27,775,15899,1908,12,25,104,640,3265],"class_list":{"0":"post-138429","1":"post","2":"type-post","3":"status-publish","4":"format-standard","5":"has-post-thumbnail","7":"category-strasbourg","8":"tag-actu","9":"tag-actualites","10":"tag-edition-strasbourg","11":"tag-eu","12":"tag-europe","13":"tag-faits-divers-justice","14":"tag-fil-info","15":"tag-fr","16":"tag-france","17":"tag-grand-est","18":"tag-hoenheim","19":"tag-logement","20":"tag-news","21":"tag-republique-francaise","22":"tag-societe","23":"tag-strasbourg","24":"tag-strasbourg-nord"},"share_on_mastodon":{"url":"https:\/\/pubeurope.com\/@fr\/114594935460926660","error":""},"_links":{"self":[{"href":"https:\/\/www.europesays.com\/fr\/wp-json\/wp\/v2\/posts\/138429","targetHints":{"allow":["GET"]}}],"collection":[{"href":"https:\/\/www.europesays.com\/fr\/wp-json\/wp\/v2\/posts"}],"about":[{"href":"https:\/\/www.europesays.com\/fr\/wp-json\/wp\/v2\/types\/post"}],"author":[{"embeddable":true,"href":"https:\/\/www.europesays.com\/fr\/wp-json\/wp\/v2\/users\/2"}],"replies":[{"embeddable":true,"href":"https:\/\/www.europesays.com\/fr\/wp-json\/wp\/v2\/comments?post=138429"}],"version-history":[{"count":0,"href":"https:\/\/www.europesays.com\/fr\/wp-json\/wp\/v2\/posts\/138429\/revisions"}],"wp:featuredmedia":[{"embeddable":true,"href":"https:\/\/www.europesays.com\/fr\/wp-json\/wp\/v2\/media\/138430"}],"wp:attachment":[{"href":"https:\/\/www.europesays.com\/fr\/wp-json\/wp\/v2\/media?parent=138429"}],"wp:term":[{"taxonomy":"category","embeddable":true,"href":"https:\/\/www.europesays.com\/fr\/wp-json\/wp\/v2\/categories?post=138429"},{"taxonomy":"post_tag","embeddable":true,"href":"https:\/\/www.europesays.com\/fr\/wp-json\/wp\/v2\/tags?post=138429"}],"curies":[{"name":"wp","href":"https:\/\/api.w.org\/{rel}","templated":true}]}}