{"id":138433,"date":"2025-05-30T04:39:18","date_gmt":"2025-05-30T04:39:18","guid":{"rendered":"https:\/\/www.europesays.com\/fr\/138433\/"},"modified":"2025-05-30T04:39:18","modified_gmt":"2025-05-30T04:39:18","slug":"il-y-aura-du-bleu-partout-terre-air-mer-le-sommet-de-la-conference-des-nations-unies-sur-locean-sous-haute-surveillance-a-nice","status":"publish","type":"post","link":"https:\/\/www.europesays.com\/fr\/138433\/","title":{"rendered":"\u00ab\u00a0Il y aura du bleu partout\u00a0\u00bb: Terre, air, mer&#8230; le sommet de la Conf\u00e9rence des Nations unies sur l\u2019oc\u00e9an sous haute surveillance \u00e0 Nice"},"content":{"rendered":"<p>Compte \u00e0 rebours enclench\u00e9. \u00c0 moins de deux semaines de la troisi\u00e8me conf\u00e9rence onusienne sur l\u2019Oc\u00e9an (Unoc, du 9 au 13 juin), la pression vient subitement de monter d\u2019un cran. Il aura suffi d\u2019une poign\u00e9e d\u2019anarchistes sciant les pieds d\u2019un pyl\u00f4ne isol\u00e9 pour mettre en tension les services de s\u00e9curit\u00e9. Dans notre \u00e9dition d\u2019hier, le pr\u00e9fet des Alpes-Maritimes, Laurent Hottiaux, annon\u00e7ait que la liste des infrastructures \u00ab\u00a0d\u2019importance vitale\u00a0\u00bb avait \u00e9t\u00e9 r\u00e9\u00e9valu\u00e9e et \u00e9largie \u00e0 la suite des sabotages du week-end. Des points \u00ab\u00a0chauds\u00a0\u00bb qui avaient pourtant d\u00e9j\u00e0 \u00e9t\u00e9 inventori\u00e9s \u00ab\u00a0dans le cadre des pr\u00e9paratifs de l\u2019Unoc\u00a0\u00bb.<\/p>\n<p>Tenir \u00e0 la fois la terre, les airs et la mer<\/p>\n<p>Cela n\u2019aura pas suffi \u00e0 emp\u00eacher le passage \u00e0 l\u2019acte de deux groupes d\u2019activistes.<\/p>\n<p>Ce type d\u2019actions revendicatives est une des deux principales menaces identifi\u00e9es. L\u2019autre \u00e9tant le risque d\u2019attentat auquel la France fait face&#8230; \u00ab\u00a0De mani\u00e8re permanente\u00a0\u00bb, rappelle le pr\u00e9fet. Particuli\u00e8rement dans une ville meurtrie en 2016 par une des attaques terroristes les plus sanglantes de l\u2019histoire de la nation (86 morts le soir du 14 juillet sur la promenade des Anglais).<\/p>\n<p>Alors que la plan\u00e8te enti\u00e8re aura les yeux braqu\u00e9s sur Nice du 9 au 13 juin, un dispositif de s\u00e9curit\u00e9 hors norme sera d\u00e9ploy\u00e9 sur la capitale azur\u00e9enne. \u00ab\u00a0Il y aura du bleu partout\u00a0\u00bb, annon\u00e7ait sans ambages Hugues Moutouh, le pr\u00e9d\u00e9cesseur du pr\u00e9fet Hottiaux. Entre 30 et 40 unit\u00e9s de forces mobiles vont prendre leurs quartiers dans le d\u00e9partement. Pr\u00e8s de 3.000 gendarmes mobiles et CRS. Ils ne seront toutefois que la partie visible du bloc s\u00e9curitaire pr\u00e9vu pour tenir \u00e0 la fois la terre, les airs et la mer. Un dispositif de s\u00e9curit\u00e9 hors normes<\/p>\n<p>3.000 CRS et gendarmes mobiles sont appel\u00e9s en renfort. Mais aussi des centaines d\u2019effectifs appartenant \u00e0 des unit\u00e9s plus sp\u00e9cialis\u00e9es. Voire aux forces tr\u00e8s sp\u00e9ciales sur lesquelles la France peut compter pour assurer sa s\u00e9curit\u00e9: des tireurs d\u2019\u00e9lite du Raid et du GIGN jusqu\u2019aux \u00e9quipes de d\u00e9mineurs, en passant par des services plus discrets.<\/p>\n<p>Ceux du renseignement ont \u00e9videmment \u00e9t\u00e9 mobilis\u00e9s. \u00ab\u00a0Bien en amont de cette rencontre au sommet et au-del\u00e0 des fronti\u00e8res nationales\u00a0\u00bb, assure une source s\u00e9curitaire qui a assist\u00e9 \u00e0 tous les Copil (comit\u00e9s de pilotage) qui, depuis des mois, se tiennent quasi hebdomadairement.<\/p>\n<p>Les services de renseignement de tous les pays frontaliers avec la France seraient \u00e9galement sur le coup. Pour identifier tous les individus pouvant pr\u00e9senter une menace. Fich\u00e9s S et activistes violents.<\/p>\n<p>Des r\u00e9servations pass\u00e9es au crible des services de renseignement<\/p>\n<p>              <img ci-src=\"https:\/\/www.varmatin.com\/securite\/protec\/DATA_ART_15606621-iNFQPiZO.jpg?vh=f078fd&amp;ci_seal=de161c14ab\" alt=\"\"\/><br \/>\n         <strong> Photos cyril dodergny et Richard ray.<\/strong> <\/p>\n<p>\u00a0<\/p>\n<p>Au-del\u00e0 de ce travail d\u2019identification des \u00ab\u00a0menaces\u00a0\u00bb potentielles, un dispositif de criblage a \u00e9t\u00e9 mis en place pour \u00e9viter qu\u2019elles ne se rapprochent de l\u2019\u00e9picentre de l\u2019Unoc. Une attention toute particuli\u00e8re est ainsi port\u00e9e depuis des semaines sur les r\u00e9servations durant le sommet. Que ce soit dans les lieux d\u2019h\u00e9bergement, jusqu\u2019aux plus insolites, mais aussi sur les potentiels points de regroupement contestataires. Salles, th\u00e9\u00e2tres, gymnases et autres \u00e9quipements collectifs sont \u00e9galement surveill\u00e9s de pr\u00e8s.<\/p>\n<p>Tous les bateaux du port inspect\u00e9s par les services de d\u00e9minage<\/p>\n<p>\u00c0 compter du jeudi 5 juin, du pointu jusqu\u2019au yacht, toutes les embarcations amarr\u00e9es dans le port vont recevoir la visite des \u00e9quipes de d\u00e9minage et de leurs chiens renifleurs. Une fois \u00ab\u00a0d\u00e9contamin\u00e9s\u00a0\u00bb, les bateaux ne pourront plus larguer les amarres. \u00c0 moins de ne revenir \u00e0 quai qu\u2019\u00e0 l\u2019issue du sommet.<\/p>\n<p>Sous-marin au fond de la baie et filet \u00e0 l\u2019entr\u00e9e du port<\/p>\n<p>La menace d\u2019une attaque par voie maritime est manifestement prise tr\u00e8s au s\u00e9rieux. Parmi les moyens les plus spectaculaires \u2013 mais aussi les plus discrets \u2013 du dispositif de s\u00e9curit\u00e9 arr\u00eat\u00e9 pour l\u2019Unoc figure un sous-marin! Celui-ci va prendre (ou a d\u00e9j\u00e0 pris) position au fond de la baie. Ses sonars ont pour mission de d\u00e9tecter toute tentative d\u2019intrusion sous-marine. Pour s\u2019en pr\u00e9munir, un filet anti-intrusion sera \u00e9galement tendu \u00e0 l\u2019entr\u00e9e du port.<\/p>\n<p>Deux avions espions dans le ciel azur\u00e9en<\/p>\n<p>Tr\u00e8s haut dans le ciel azur\u00e9en, deux Awacs se relaieront en permanence. Ces avions radars, reconnaissables \u00e0 leur rotod\u00f4me arrim\u00e9 \u00e0 la carlingue, sont capables de d\u00e9tecter la pr\u00e9sence de cibles a\u00e9riennes ou maritimes en approche dans un rayon de plus de 400 kilom\u00e8tres.<\/p>\n<p>Des batteries de missiles pr\u00e9positionn\u00e9es et des chasseurs pr\u00eats \u00e0 d\u00e9coller<\/p>\n<p>Si une menace venait \u00e0 se concr\u00e9tiser, il faudrait l\u2019intercepter. Pour cela, des chasseurs positionn\u00e9s dans le Var seront pr\u00eats \u00e0 d\u00e9coller. \u00c0 la vitesse du son, il ne leur faudra que quelques minutes pour rejoindre le ciel ni\u00e7ois. Pour compl\u00e9ter ce dispositif d\u2019interception a\u00e9rien, l\u2019arm\u00e9e va d\u00e9ployer deux batteries de missiles et leur radar mobile, une sur les collines ni\u00e7oises, l\u2019autre dans une commune de la rive droite du Var. Afin de prot\u00e9ger \u00e0 la fois le port et l\u2019a\u00e9roport.<\/p>\n<p>Un d\u00f4me \u00e9lectronique anti-drone d\u00e9ploy\u00e9 sur Nice<\/p>\n<p>Dans les airs, la menace la plus cr\u00e9dible est sans doute plus petite. C\u2019est celle que constituerait une attaque par drone, qu&rsquo;elle soit terroriste ou revendicative.<\/p>\n<p>L\u00e0 encore, l\u2019arm\u00e9e fran\u00e7aise a la parade. Une fr\u00e9gate de la Marine tr\u00e8s particuli\u00e8re a \u00e9t\u00e9 int\u00e9gr\u00e9e au dispositif de s\u00e9curit\u00e9. Elle va se positionner en baie des Anges et d\u00e9ploiera samedi 7 juin un d\u00f4me \u00e9lectrique au-dessus de Nice. \u00c0 l\u2019int\u00e9rieur de cette bulle invisible le moindre engin volant automatis\u00e9 verra son signal de commande brouill\u00e9.<\/p>\n<p>Militaires sur les points de passage et force de l\u2019ordre sur les points hauts<\/p>\n<p>Ce d\u00e9ploiement de technologies n\u2019exclut en rien la surveillance terrestre. Au plus pr\u00e8s de l\u2019\u00e9picentre du sommet, des forces de l\u2019ordre tiendront 24h\/24 tous les points hauts.<\/p>\n<p>Notamment les collines environnantes comme les monts Boron et Alban. Mais le p\u00e9rim\u00e8tre de ce dispositif terrestre est bien plus large. Il inclut tous les points de passage frontaliers, m\u00eame les plus escarp\u00e9s. Les sentiers entre l\u2019Italie et la France seront eux aussi gard\u00e9s en permanence, cette fois-ci par des militaires.<\/p>\n<p>              <img ci-src=\"https:\/\/www.varmatin.com\/securite\/protec\/DATA_ART_15606619-UAClwm2M.jpg?vh=016089&amp;ci_seal=36447cb9e3\" alt=\"\"\/><br \/>\n        \u00e0 gauche, le port de Nice plac\u00e9 sous tr\u00e8s haute surveillance va devenir un territoire onusien le temps du sommet. \u00e0 droite, 30 \u00e0 40 unit\u00e9s de forces mobiles sont attendues en renfort, \u00e0 l\u2019instar du dispositif d\u00e9di\u00e9 au G20 \u00e0 Cannes en 2011. <strong> Photos cyril dodergny et Richard ray.<\/strong> <\/p>\n<p>            S\u00e9curit\u00e9 sanitaire tr\u00e8s rapproch\u00e9e<\/p>\n<p>C\u2019est une autre facette du dispositif s\u00e9curitaire: la protection m\u00e9dicale et sanitaire du sommet et de ses participants. L\u00e0 encore, les services de secours seront sur le pont. Pour veiller au grain.<\/p>\n<p>Le Sdis (service d\u00e9partemental d\u2019incendie et de secours) a pr\u00e9vu d\u2019affecter 110 sapeurs-pompiers au sommet onusien, en plus des \u00e9quipes qui assurent les urgences quotidiennes. Objectif: \u00ab\u00a0R\u00e9pondre aux risques courants et \u00eatre capable d\u2019intervenir en cas d\u2019attentat avec de nombreuses victimes\u00a0\u00bb, annon\u00e7ait le mois dernier le contr\u00f4leur g\u00e9n\u00e9ral Ren\u00e9 Dies, directeur du Sdis. Les services de secours azur\u00e9ens gardent en t\u00eate ce sinistre soir du 14 juillet 2016 o\u00f9 des dizaines de gyrophares avaient illumin\u00e9 de bleu la promenade des Anglais.<\/p>\n<p>Le Samu, lui aussi, affectera plusieurs v\u00e9hicules d\u2019urgence \u00e0 l\u2019Unoc, comme \u00e0 chaque \u00e9v\u00e9nement de ce type. Un \u00e9quipage Smur (service mobile d\u2019urgence et de r\u00e9animation) devrait prendre la roue du convoi pr\u00e9sidentiel fran\u00e7ais. D\u2019autres devraient se tenir pr\u00eats \u00e0 intervenir en cas d\u2019urgence sanitaire durant le sommet, ainsi que plusieurs m\u00e9decins et infirmiers mobilis\u00e9s pour l\u2019occasion. D\u2019autres encore continueront \u00e0 sillonner Nice et ses environs comme d\u2019habitude.<\/p>\n<p>L\u2019h\u00f4pital autonome m\u00eame en cas de coupure \u00e9nerg\u00e9tique<\/p>\n<p>Le centre hospitalier Pasteur 2 devrait \u00e9galement parer \u00e0 toute \u00e9ventualit\u00e9 en sanctuarisant un bloc op\u00e9ratoire. Mais les r\u00e9cents sabotages sur les lignes \u00e0 haute tension ont rappel\u00e9 sa potentielle vuln\u00e9rabilit\u00e9 \u00e9nerg\u00e9tique.<\/p>\n<p>Sond\u00e9 sur ce sujet sensible, le centre hospitalier universitaire (CHU) rappelle qu\u2019il a \u00ab\u00a0pour priorit\u00e9 d\u2019assurer la continuit\u00e9 des soins et la s\u00e9curit\u00e9 de ses patients. Pour cela, il dispose d\u2019un syst\u00e8me de s\u00e9curisation \u00e9lectrique fiable, con\u00e7u pour garantir l\u2019alimentation \u00e9lectrique en cas de panne, y compris lors d\u2019incidents externes comme celui survenu ce week-end.\u00a0\u00bb<\/p>\n<p>Ce dispositif, \u00ab\u00a0homog\u00e8ne sur tous les sites\u00a0\u00bb, permet \u00e0 des groupes \u00e9lectrog\u00e8nes de \u00ab\u00a0prendre imm\u00e9diatement le relais sans interruption ni coupure\u00a0\u00bb. De quoi garantir une autonomie \u00e9nerg\u00e9tique durant plusieurs jours en cas d\u2019incident majeur. \u00ab\u00a0Les h\u00f4pitaux de Pasteur, Cimiez et l\u2019Archet sont class\u00e9s prioritaires de niveau 1 aupr\u00e8s de la pr\u00e9fecture\u00a0\u00bb, rappelle le CHU. Il travaille en lien avec les autres \u00e9tablissements de sant\u00e9 \u00ab\u00a0afin d\u2019assurer une coordination efficace et la continuit\u00e9 des soins.\u00a0\u00bb<\/p>\n<p>              <img ci-src=\"https:\/\/www.varmatin.com\/securite\/protec\/DATA_ART_15606618-bhxNTnKl.jpg?vh=e642ab&amp;ci_seal=eba977b3dc\" alt=\"\"\/><br \/>\n        Pendant l\u2019Unoc, \u00ab\u00a0il y aura du bleu partout\u00a0\u00bb, avait annonc\u00e9 l\u2019ex-pr\u00e9fet  des Alpes-Maritimes, Hugues Moutouh. Cannes a connu \u00e7a lors du G20 de 2011.&#13;<br \/>\nPhoto a. b.-j. <strong>Cr\u00e9dit photo Web uniquement..<\/strong> <\/p>\n<p>            Les grandes man\u0153uvres ont-elles commenc\u00e9?<\/p>\n<p>Quatre h\u00e9licopt\u00e8res militaires ont survol\u00e9 \u00e0 basse altitude la vall\u00e9e du Paillon hier. Ces dr\u00f4les d\u2019oiseaux ne sont pas pass\u00e9s inaper\u00e7us. Leur pr\u00e9sence a affol\u00e9 les r\u00e9seaux sociaux. D\u2019autant que deux de ces engins avaient une envergure impressionnante. Sur des vid\u00e9os capt\u00e9es par des internautes, on distingue deux gros porteurs qui ont tout l\u2019air d\u2019\u00eatre des Chinook, identifiables \u00e0 leur forme allong\u00e9e et leurs deux rotors.<\/p>\n<p>Les grandes man\u0153uvres en pr\u00e9vision du sommet de l\u2019oc\u00e9an ont-elles d\u00e9but\u00e9? La pr\u00e9fecture maritime de Toulon assure qu\u2019elle n\u2019avait pas de vol pr\u00e9vu dans cette zone. La d\u00e9l\u00e9gation militaire d\u00e9partementale des Alpes-Maritimes affirme ne pas d\u00e9tenir \u00ab\u00a0\u00e0 son niveau\u00a0\u00bb d\u2019information relative \u00e0 ces quatre h\u00e9licopt\u00e8res. Et pour cause, selon un ancien pilote varois, la France ne poss\u00e8de pas de Chinook: ce type d\u2019engin \u00e9quipe en r\u00e9alit\u00e9 les forces am\u00e9ricaines et britanniques. Leur pr\u00e9sence dans le ciel azur\u00e9en reste donc un myst\u00e8re. Tout comme le survol effectu\u00e9 jeudi soir par des avions de chasse aper\u00e7us d\u2019abord au-dessus de Nice puis de Toulon. Ceux-l\u00e0 appartenaient bien \u00e0 l\u2019arm\u00e9e de l\u2019air fran\u00e7aise qui a expliqu\u00e9, on ne peut plus laconiquement, qu\u2019elle proc\u00e9dait \u00a0\u00bb \u00e0 un exercice \u00ab\u00a0.<\/p>\n","protected":false},"excerpt":{"rendered":"Compte \u00e0 rebours enclench\u00e9. \u00c0 moins de deux semaines de la troisi\u00e8me conf\u00e9rence onusienne sur l\u2019Oc\u00e9an (Unoc, du&hellip;\n","protected":false},"author":2,"featured_media":138434,"comment_status":"","ping_status":"","sticky":false,"template":"","format":"standard","meta":{"footnotes":""},"categories":[2819],"tags":[1111,11,1777,674,1011,27,12,2401,882,25,656],"class_list":{"0":"post-138433","1":"post","2":"type-post","3":"status-publish","4":"format-standard","5":"has-post-thumbnail","7":"category-nice","8":"tag-actu","9":"tag-actualites","10":"tag-eu","11":"tag-europe","12":"tag-fr","13":"tag-france","14":"tag-news","15":"tag-nice","16":"tag-provence-alpes-cote-dazur","17":"tag-republique-francaise","18":"tag-securite"},"share_on_mastodon":{"url":"https:\/\/pubeurope.com\/@fr\/114594943127925635","error":""},"_links":{"self":[{"href":"https:\/\/www.europesays.com\/fr\/wp-json\/wp\/v2\/posts\/138433","targetHints":{"allow":["GET"]}}],"collection":[{"href":"https:\/\/www.europesays.com\/fr\/wp-json\/wp\/v2\/posts"}],"about":[{"href":"https:\/\/www.europesays.com\/fr\/wp-json\/wp\/v2\/types\/post"}],"author":[{"embeddable":true,"href":"https:\/\/www.europesays.com\/fr\/wp-json\/wp\/v2\/users\/2"}],"replies":[{"embeddable":true,"href":"https:\/\/www.europesays.com\/fr\/wp-json\/wp\/v2\/comments?post=138433"}],"version-history":[{"count":0,"href":"https:\/\/www.europesays.com\/fr\/wp-json\/wp\/v2\/posts\/138433\/revisions"}],"wp:featuredmedia":[{"embeddable":true,"href":"https:\/\/www.europesays.com\/fr\/wp-json\/wp\/v2\/media\/138434"}],"wp:attachment":[{"href":"https:\/\/www.europesays.com\/fr\/wp-json\/wp\/v2\/media?parent=138433"}],"wp:term":[{"taxonomy":"category","embeddable":true,"href":"https:\/\/www.europesays.com\/fr\/wp-json\/wp\/v2\/categories?post=138433"},{"taxonomy":"post_tag","embeddable":true,"href":"https:\/\/www.europesays.com\/fr\/wp-json\/wp\/v2\/tags?post=138433"}],"curies":[{"name":"wp","href":"https:\/\/api.w.org\/{rel}","templated":true}]}}