{"id":138437,"date":"2025-05-30T04:42:48","date_gmt":"2025-05-30T04:42:48","guid":{"rendered":"https:\/\/www.europesays.com\/fr\/138437\/"},"modified":"2025-05-30T04:42:48","modified_gmt":"2025-05-30T04:42:48","slug":"fc-nantes-ou-en-est-le-dossier-de-lentraineur-chez-les-canaris-sport","status":"publish","type":"post","link":"https:\/\/www.europesays.com\/fr\/138437\/","title":{"rendered":"FC Nantes. O\u00f9 en est le dossier de l\u2019entra\u00eeneur chez les Canaris\u00a0? . Sport"},"content":{"rendered":"<p>Le nom du futur entra\u00eeneur du <a href=\"https:\/\/www.ouest-france.fr\/sport\/football\/fc-nantes\/\" target=\"_self\" rel=\"noopener\">FC Nantes<\/a> ne devrait pas tarder \u00e0 \u00eatre d\u00e9voil\u00e9. Une dizaine de jours apr\u00e8s avoir cong\u00e9di\u00e9 <a href=\"https:\/\/nantes.maville.com\/sport\/detail_-fc-nantes.-c-est-encore-fini-pour-kombouare-_8-6815834_actu.Htm\" target=\"_self\" rel=\"noopener\">Antoine Kombouar\u00e9<\/a> et son staff, la direction du FCN prend son temps, mais semble avancer sur le successeur du Kanak.<\/p>\n<p>Mardi matin 28\u00a0mai, \u00e0 Paris, elle a rencontr\u00e9 une premi\u00e8re fois le technicien de Dunkerque, Luis Castro (45\u00a0ans). Le Portugais a des partisans en interne mais il est sous contrat jusqu\u2019en juin\u00a02027. Le club nordiste en voudrait 2\u00a0millions d\u2019euros selon nos informations. Une indemnit\u00e9 qui refroidirait forc\u00e9ment le pr\u00e9sident Kita, qui a d\u00e9j\u00e0 d\u00fb provisionner beaucoup d\u2019argent pour \u00ab\u00a0couper\u00a0\u00bb les contrats d\u2019Antoine Kombouar\u00e9 et ses adjoints.<\/p>\n<p>Castro vraiment en pole\u00a0?<\/p>\n<p>Luis Castro, pist\u00e9 aussi par le RC Lens, surfe sur la tr\u00e8s belle saison r\u00e9alis\u00e9e par l\u2019USDK, demi-finaliste de la Coupe de France et \u00e9limin\u00e9 seulement en barrages pour la mont\u00e9e en Ligue 1. La qualit\u00e9 de jeu des Nordistes a souvent \u00e9t\u00e9 lou\u00e9e tout au long de la saison. <strong>\u00ab\u00a0C\u2019est celui qui se rapproche le plus du jeu \u00e0 la nantaise dans ses id\u00e9es et son identit\u00e9 de jeu\u00a0\u00bb<\/strong>, souffle un proche du coach nordiste. Selon  <a href=\"https:\/\/www.lequipe.fr\/Football\/Actualites\/Mercato-l-entraineur-de-dunkerque-luis-castro-convoite-par-nantes-et-lens\/1565717\" target=\"_self\" rel=\"noopener\">L\u2019Equipe<\/a> , Luis Castro serait en pole et Nantes aurait la pr\u00e9f\u00e9rence du Portugais.<\/p>\n<p><strong>Lire aussi<\/strong>\u00a0: <a href=\"https:\/\/nantes.maville.com\/sport\/detail_-fc-nantes.-les-derniers-jours-d-antoine-kombouare-_8-6816218_actu.Htm\" target=\"_self\" rel=\"noopener\">Les derniers jours d\u2019Antoine Kombouar\u00e9<\/a><\/p>\n<p>Selon nos informations, un autre entra\u00eeneur aurait \u00e9t\u00e9 vu ces derni\u00e8res heures, mais son identit\u00e9 n\u2019a pas filtr\u00e9. <strong>\u00ab\u00a0Il y a d\u2019autres pistes\u00a0\u00bb<\/strong>, nous indique-t-on sobrement en interne. Il ne s\u2019agirait pas en tout cas d\u2019Ahmed Kantari, qui n\u2019a pas cach\u00e9 il y a dix jours \u00e0 la famille Kita que le poste l\u2019int\u00e9ressait. L\u2019ancien adjoint de Kombouar\u00e9, qui n\u2019est plus sous contrat avec le FCN, a en plus les faveurs de nombreux joueurs. Cependant, il ne semblerait pas \u00eatre privil\u00e9gi\u00e9 par la direction du FCN.<\/p>\n<p>Mercredi 28\u00a0mai, un autre nom a surgi, celui de Christophe Galtier, qui a quitt\u00e9 officiellement Al-Duhail. L\u2019ancien entra\u00eeneur du PSG est tr\u00e8s appr\u00e9ci\u00e9 par la famille Kita, mais <strong>\u00ab\u00a0c\u2019est un dossier pas r\u00e9alisable<\/strong> (financi\u00e8rement)<strong>\u00a0\u00bb<\/strong>, selon une source proche de la direction nantaise.<\/p>\n<p>\u00a0<\/p>\n","protected":false},"excerpt":{"rendered":"Le nom du futur entra\u00eeneur du FC Nantes ne devrait pas tarder \u00e0 \u00eatre d\u00e9voil\u00e9. Une dizaine de&hellip;\n","protected":false},"author":2,"featured_media":138438,"comment_status":"","ping_status":"","sticky":false,"template":"","format":"standard","meta":{"footnotes":""},"categories":[2818],"tags":[1111,11,3809,1465,1777,674,63,1011,27,1792,1922,2693,766,12,2636,25,479,517,1470],"class_list":{"0":"post-138437","1":"post","2":"type-post","3":"status-publish","4":"format-standard","5":"has-post-thumbnail","7":"category-nantes","8":"tag-actu","9":"tag-actualites","10":"tag-ball","11":"tag-basket","12":"tag-eu","13":"tag-europe","14":"tag-football","15":"tag-fr","16":"tag-france","17":"tag-handball","18":"tag-info","19":"tag-laval","20":"tag-nantes","21":"tag-news","22":"tag-pays-de-la-loire","23":"tag-republique-francaise","24":"tag-rugby","25":"tag-sport","26":"tag-volley"},"share_on_mastodon":{"url":"https:\/\/pubeurope.com\/@fr\/114594958710539100","error":""},"_links":{"self":[{"href":"https:\/\/www.europesays.com\/fr\/wp-json\/wp\/v2\/posts\/138437","targetHints":{"allow":["GET"]}}],"collection":[{"href":"https:\/\/www.europesays.com\/fr\/wp-json\/wp\/v2\/posts"}],"about":[{"href":"https:\/\/www.europesays.com\/fr\/wp-json\/wp\/v2\/types\/post"}],"author":[{"embeddable":true,"href":"https:\/\/www.europesays.com\/fr\/wp-json\/wp\/v2\/users\/2"}],"replies":[{"embeddable":true,"href":"https:\/\/www.europesays.com\/fr\/wp-json\/wp\/v2\/comments?post=138437"}],"version-history":[{"count":0,"href":"https:\/\/www.europesays.com\/fr\/wp-json\/wp\/v2\/posts\/138437\/revisions"}],"wp:featuredmedia":[{"embeddable":true,"href":"https:\/\/www.europesays.com\/fr\/wp-json\/wp\/v2\/media\/138438"}],"wp:attachment":[{"href":"https:\/\/www.europesays.com\/fr\/wp-json\/wp\/v2\/media?parent=138437"}],"wp:term":[{"taxonomy":"category","embeddable":true,"href":"https:\/\/www.europesays.com\/fr\/wp-json\/wp\/v2\/categories?post=138437"},{"taxonomy":"post_tag","embeddable":true,"href":"https:\/\/www.europesays.com\/fr\/wp-json\/wp\/v2\/tags?post=138437"}],"curies":[{"name":"wp","href":"https:\/\/api.w.org\/{rel}","templated":true}]}}