{"id":138439,"date":"2025-05-30T04:43:13","date_gmt":"2025-05-30T04:43:13","guid":{"rendered":"https:\/\/www.europesays.com\/fr\/138439\/"},"modified":"2025-05-30T04:43:13","modified_gmt":"2025-05-30T04:43:13","slug":"en-plein-essor-a-bordeaux-les-hostels-relookent-lauberge-de-jeunesse-pour-seduire-le-marche-hotelier","status":"publish","type":"post","link":"https:\/\/www.europesays.com\/fr\/138439\/","title":{"rendered":"En plein essor \u00e0 Bordeaux, les hostels relookent l\u2019auberge de jeunesse pour s\u00e9duire le march\u00e9 h\u00f4telier"},"content":{"rendered":"<p class=\"wp-block-post-excerpt__excerpt\">Jost, Whoo, Eklo, Central Hostel, Meininger, Hostel 20\u2026 Bordeaux voit fleurir une nouvelle g\u00e9n\u00e9ration d\u2019auberges de jeunesse, sous la d\u00e9nomination de \u00ab\u00a0hostel\u00a0\u00bb. Ces \u00e9tablissements, m\u00ealant design \u00e9pur\u00e9, confort et services multiples, tranchent avec l\u2019image simple et sans pr\u00e9tention des auberges de jeunesse classiques, et s\u2019imposent comme de s\u00e9rieux concurrents pour l\u2019h\u00f4tellerie classique, bien que l\u2019impact sur le nombre de nuit\u00e9es touristiques reste faible. <\/p>\n<p><a href=\"https:\/\/rue89bordeaux.com\/category\/analyse\/\" rel=\"tag nofollow noopener\" target=\"_blank\">Analyse<\/a>, <a href=\"https:\/\/rue89bordeaux.com\/category\/kiosque-abonne\/\" rel=\"tag nofollow noopener\" target=\"_blank\">\u00c9dition abonn\u00e9s<\/a><\/p>\n<p>Samuel Clauzier<\/p>\n<p>Publi\u00e9 le 30 mai 2025\u00a0\u00a0\u00b7\u00a0\u00a0<\/p>\n<p>Imprim\u00e9 le 30 mai 2025 \u00e0 06h43\u00a0\u00a0\u00b7\u00a0\u00a0<\/p>\n<p>\t\t\t\t\t8\u00a0minutes\n<\/p>\n<p>Surplombant la gare Saint-Jean, le Jost Hostel mise sur son rooftop avec vue panoramique sur la ville. Ouvert en 2022, l\u2019\u00e9tablissement casse les codes de l\u2019h\u00e9bergement collectif en proposant la location d\u2019une salle \u00e9v\u00e9nementielle, le Lieu Ch\u00e9ri, pris\u00e9 du <a href=\"https:\/\/rue89bordeaux.com\/2025\/03\/on-oeuvre-pour-lemancipation-des-femmes-a-bordeaux-les-musiques-electroniques-et-urbaines-pulsent-au-feminin\/\" target=\"_blank\" rel=\"noreferrer noopener nofollow\">milieu alternatif bordelais<\/a>. Dans le quartier de Nansouty, le Bloom surprend avec son jardin int\u00e9rieur, petit \u00e9crin de tranquillit\u00e9 \u00e0 deux pas des sentiers touristiques les plus courus. Le Central Hostel, sur la <a href=\"https:\/\/rue89bordeaux.com\/2020\/11\/le-reseau-paul-bert-demenage-a-cauderan-et-se-met-au-vert\/\" target=\"_blank\" rel=\"noreferrer noopener nofollow\">place Saint-Projet<\/a>, dispose d\u2019une terrasse et d\u2019un restaurant au c\u0153ur de la ville.<\/p>\n<p>Ces success-stories bordelaises essaiment partout en France. Apr\u00e8s un premier Jost ouvert \u00e0 Bordeaux en 2022, la soci\u00e9t\u00e9 Meltgroup, fond\u00e9e par Alban Ruggiero en 2018, a ouvert des \u00e9tablissements similaires \u00e0 Montpellier, Le Havre et \u00e0 Lille. M\u00eame dynamique pour le Central Hostel. Inaugur\u00e9 en 2018, l\u2019hostel de la place Saint-Projet appartient au groupe bordelais Nessence, fond\u00e9 par Clarence Grosdidier. Et le jeu semble en valoir la chandelle : avec un plan d\u2019investissement de 70 millions d\u2019euros sur les <a href=\"https:\/\/www.leprogres.fr\/economie\/2022\/06\/08\/central-hostel-un-nouveau-concept-d-auberge-de-jeunesse-a-lyon-en-2024\" target=\"_blank\" rel=\"noreferrer noopener nofollow\">5 prochaines ann\u00e9es<\/a>, l\u2019entreprise duplique son mod\u00e8le \u00e0 La Rochelle, Lille, et pr\u00e9voit des ouvertures prochaines \u00e0 Lille et Montpellier.<\/p>\n<p>Tous ces \u00e9tablissements \u00ab\u00a0nouvelle g\u00e9n\u00e9ration\u00a0\u00bb proposent pl\u00e9thore de services, dans un mod\u00e8le qui n\u2019a plus rien \u00e0 envier \u00e0 l\u2019h\u00f4tellerie traditionnelle. Depuis plusieurs ann\u00e9es, ces \u00ab\u00a0hostels\u00a0\u00bb poussent comme des champignons dans la capitale girondine : assiste-t-on \u00e0 un simple effet de mode ou \u00e0 une vraie mutation du secteur touristique ?<\/p>\n<p>\t\tLes hostels, apr\u00e8s l\u2019auberge bordelaise<\/p>\n<p>Auberges ou hostels : la nuance est subtile, mais pourtant de taille. L\u2019auberge de jeunesse d\u00e9signe avant tout une structure associative \u00e0 but non lucratif. \u00c0 Bordeaux, c\u2019est l\u2019auberge municipale Barbey, situ\u00e9e \u00e0 deux pas de la gare Saint-Jean, qui accueille voyageurs et voyageuses dans une ambiance simple et conviviale.<\/p>\n<p><img loading=\"lazy\" decoding=\"async\" width=\"480\" height=\"480\" src=\"https:\/\/www.europesays.com\/fr\/wp-content\/uploads\/2025\/04\/23-paywall.png\" alt=\"Abonnez-vous\" class=\"wp-image-128439\" style=\"aspect-ratio:1;width:210px;height:auto\"  \/><\/p>\n<p>Cet article fait partie de l\u2019\u00e9dition abonn\u00e9s. Pour lire la suite, profitez d\u2019une offre d\u00e9couverte \u00e0 1\u20ac.<\/p>\n<p class=\"has-gray-700-color has-text-color has-medium-font-size\">Contribuez \u00e0 consolider un m\u00e9dia ind\u00e9pendant \u00e0 Bordeaux, en capacit\u00e9 d\u2019enqu\u00eater sur les enjeux locaux.<\/p>\n<p>\t\t\t<a href=\"https:\/\/rue89bordeaux.com\/\" class=\"custom-logo-link\" rel=\"home nofollow noopener\" target=\"_blank\"><img loading=\"lazy\" decoding=\"async\" width=\"290\" height=\"49\" src=\"https:\/\/www.europesays.com\/fr\/wp-content\/uploads\/2025\/04\/logo.png\" class=\"custom-logo\" alt=\"Rue89Bordeaux Enqu\u00eates et informations de proximit\u00e9\"  \/><\/a><\/p>\n<p>\n\t\t\t\tAbonnez-vous maintenant pour suivre l\u2019actualit\u00e9 locale.\t\t\t<\/p>\n<p class=\"font-bold font-serif-heading mb-2 text-4xl\">\n\t\t\t\t\t\tL\u2019investigation locale \u00e0 port\u00e9e de main.\n\t\t\t\t\t<\/p>\n<p>\n\t\t\t\t\t\tAbonnez-vous et profitez d\u2019un acc\u00e8s illimit\u00e9 \u00e0 Rue89Bordeaux. Annulez quand vous voulez.\n\t\t\t\t\t<\/p>\n<p class=\"xl:text-sm\">\n\t\t\t\t\tD\u00e9j\u00e0 abonn\u00e9\u00a0?<br \/>\n\t\t\t\t\t<a class=\"border border-transparent text-center transition-colors duration-instant focus:border-info focus:rounded focus:shadow-focus cursor-pointer text-black hover:text-gray-700 active:bg-black-700 font-semibold inline-block\" href=\"https:\/\/rue89bordeaux.com\/user\/login\/?redirect=\/2025\/05\/en-plein-essor-a-bordeaux-les-hostels-relookent-lauberge-de-jeunesse-pour-seduire-le-marche-hotelier\/\" rel=\"nofollow noopener\" target=\"_blank\">Connectez-vous<\/a>\t\t\t\t<\/p>\n<p>\n\t\t\t\tChoisissez votre formule\u00a0:\n\t\t\t<\/p>\n<p>\t\t\t\tFermer<\/p>\n","protected":false},"excerpt":{"rendered":"Jost, Whoo, Eklo, Central Hostel, Meininger, Hostel 20\u2026 Bordeaux voit fleurir une nouvelle g\u00e9n\u00e9ration d\u2019auberges de jeunesse, sous&hellip;\n","protected":false},"author":2,"featured_media":138440,"comment_status":"","ping_status":"","sticky":false,"template":"","format":"standard","meta":{"footnotes":""},"categories":[2817],"tags":[1111,11,1997,1777,674,1011,27,2519,12,2219,26495,25,602],"class_list":{"0":"post-138439","1":"post","2":"type-post","3":"status-publish","4":"format-standard","5":"has-post-thumbnail","7":"category-bordeaux","8":"tag-actu","9":"tag-actualites","10":"tag-bordeaux","11":"tag-eu","12":"tag-europe","13":"tag-fr","14":"tag-france","15":"tag-hotellerie","16":"tag-news","17":"tag-nouvelle-aquitaine","18":"tag-office-de-tourisme-de-bordeaux","19":"tag-republique-francaise","20":"tag-tourisme"},"share_on_mastodon":{"url":"https:\/\/pubeurope.com\/@fr\/114594958855650522","error":""},"_links":{"self":[{"href":"https:\/\/www.europesays.com\/fr\/wp-json\/wp\/v2\/posts\/138439","targetHints":{"allow":["GET"]}}],"collection":[{"href":"https:\/\/www.europesays.com\/fr\/wp-json\/wp\/v2\/posts"}],"about":[{"href":"https:\/\/www.europesays.com\/fr\/wp-json\/wp\/v2\/types\/post"}],"author":[{"embeddable":true,"href":"https:\/\/www.europesays.com\/fr\/wp-json\/wp\/v2\/users\/2"}],"replies":[{"embeddable":true,"href":"https:\/\/www.europesays.com\/fr\/wp-json\/wp\/v2\/comments?post=138439"}],"version-history":[{"count":0,"href":"https:\/\/www.europesays.com\/fr\/wp-json\/wp\/v2\/posts\/138439\/revisions"}],"wp:featuredmedia":[{"embeddable":true,"href":"https:\/\/www.europesays.com\/fr\/wp-json\/wp\/v2\/media\/138440"}],"wp:attachment":[{"href":"https:\/\/www.europesays.com\/fr\/wp-json\/wp\/v2\/media?parent=138439"}],"wp:term":[{"taxonomy":"category","embeddable":true,"href":"https:\/\/www.europesays.com\/fr\/wp-json\/wp\/v2\/categories?post=138439"},{"taxonomy":"post_tag","embeddable":true,"href":"https:\/\/www.europesays.com\/fr\/wp-json\/wp\/v2\/tags?post=138439"}],"curies":[{"name":"wp","href":"https:\/\/api.w.org\/{rel}","templated":true}]}}