{"id":138450,"date":"2025-05-30T04:50:31","date_gmt":"2025-05-30T04:50:31","guid":{"rendered":"https:\/\/www.europesays.com\/fr\/138450\/"},"modified":"2025-05-30T04:50:31","modified_gmt":"2025-05-30T04:50:31","slug":"quels-sont-les-meilleurs-rooftops-de-marseille-2","status":"publish","type":"post","link":"https:\/\/www.europesays.com\/fr\/138450\/","title":{"rendered":"Quels sont les meilleurs rooftops de Marseille ?"},"content":{"rendered":"<p>Deuxi\u00e8me plus grande ville de France, <a href=\"https:\/\/www.geo.fr\/voyage\/visiter-marseille-et-ses-alentours-sans-voiture-nos-itineraires-accessibles-a-pied-a-velo-ou-en-bateau-211591\" target=\"_blank\" rel=\"noopener\">Marseille<\/a> allie avec brio charme proven\u00e7al et urbanisation. Situ\u00e9e au bord de la <a href=\"https:\/\/www.geo.fr\/environnement\/mer-mediterranee-ce-que-vous-ne-saviez-peut-etre-pas-sur-la-grande-bleue-211994\" target=\"_blank\" rel=\"noopener\">M\u00e9diterran\u00e9e<\/a>, elle est c\u00e9l\u00e8bre pour son Vieux-Port, ses calanques sauvages et ses quartiers au caract\u00e8re affirm\u00e9.<\/p>\n<p>La cit\u00e9 phoc\u00e9enne affiche aussi un patrimoine culturel et historique exceptionnel, entre monuments de renom, comme la basilique Notre-Dame de la Garde ou le c\u00e9l\u00e8bre MUCEM, et quartiers anim\u00e9s comme le Panier ou la Joliette. Ville ensoleill\u00e9e par excellence, Marseille invite donc naturellement \u00e0 profiter de ses nombreux rooftops, qui offrent des panoramas pour le moins saisissants\u2026<\/p>\n<p>Le rooftop du Sofitel Marseille Vieux-Port : l\u2019\u00e9l\u00e9gance au sommet de Marseille !<\/p>\n<p>Perch\u00e9 sur le prestigieux h\u00f4tel Sofitel situ\u00e9 au c\u0153ur du Vieux-Port, ce rooftop marseillais \u2014 Dant\u00e8s Skylounge de son vrai nom \u2014 fait honneur \u00e0 son cadre exceptionnel. C\u2019est en effet l\u2019endroit id\u00e9al pour admirer le <a href=\"https:\/\/www.geo.fr\/voyage\/meilleurs-spots-pour-observer-un-coucher-de-soleil-en-france-211207\" target=\"_blank\" rel=\"noopener\">coucher du soleil<\/a> en savourant un d\u00e9licieux cocktail accompagn\u00e9 d\u2019amuse-bouches gourmands \u00e0 souhait\u2026<\/p>\n<p>Sa vue \u00e0 couper le souffle sur le fort Saint-Jean, le MUCEM et la M\u00e9diterran\u00e9e en fait l\u2019un des rooftops les plus \u00e9l\u00e9gants et pris\u00e9s de la cit\u00e9 phoc\u00e9enne. Pensez \u00e0 r\u00e9server pour \u00eatre s\u00fbr de pouvoir en profiter pleinement !<\/p>\n<blockquote class=\"instagram-media\" data-instgrm-captioned=\"\" data-instgrm-permalink=\"https:\/\/www.instagram.com\/p\/C35ksanIFgk\/?utm_source=ig_embed&amp;utm_campaign=loading\" data-instgrm-version=\"14\" style=\" background:#FFF; border:0; border-radius:3px; box-shadow:0 0 1px 0 rgba(0,0,0,0.5),0 1px 10px 0 rgba(0,0,0,0.15); margin: 1px; max-width:658px; min-width:326px; padding:0; width:99.375%; width:-webkit-calc(100% - 2px); width:calc(100% - 2px);\"\/><p>Le rooftop R2 Marseille : une ambiance festive incomparable<\/p>\n<p>Situ\u00e9 sur le toit des Terrasses du Port, le \u00ab\u00a0rooftop R2\u00a0\u00bb s\u2019est rapidement impos\u00e9 comme LE spot incontournable pour les soir\u00e9es estivales marseillaises. Connu pour sa programmation \u00e9clectique, il accueille r\u00e9guli\u00e8rement des DJ internationaux et des artistes de grande renomm\u00e9e.<\/p>\n<p>Ici, la f\u00eate bat son plein face \u00e0 la mer, avec une vue imprenable sur l\u2019horizon bleu azur\u2026 Ce rooftop est le rendez-vous parfait pour ceux qui aiment vibrer au rythme de la musique, et ce, tout en profitant d\u2019une ambiance chaleureuse et festive.<\/p>\n<blockquote class=\"instagram-media\" data-instgrm-captioned=\"\" data-instgrm-permalink=\"https:\/\/www.instagram.com\/p\/DJCaZKjM5iw\/?utm_source=ig_embed&amp;utm_campaign=loading\" data-instgrm-version=\"14\" style=\" background:#FFF; border:0; border-radius:3px; box-shadow:0 0 1px 0 rgba(0,0,0,0.5),0 1px 10px 0 rgba(0,0,0,0.15); margin: 1px; max-width:658px; min-width:326px; padding:0; width:99.375%; width:-webkit-calc(100% - 2px); width:calc(100% - 2px);\"\/><p>Le rooftop Marseille Les R\u00e9form\u00e9s : authenticit\u00e9 et convivialit\u00e9<\/p>\n<p>Le rooftop des R\u00e9form\u00e9s, situ\u00e9 au sommet d\u2019un ancien immeuble typiquement marseillais, propose une exp\u00e9rience plus intimiste que les rooftops \u00ab\u00a0classiques\u00a0\u00bb. Son charme r\u00e9side surtout dans son ambiance conviviale et d\u00e9contract\u00e9e. L\u2019atmosph\u00e8re se pr\u00eate ainsi parfaitement aux ap\u00e9ros entre amis autour de tapas m\u00e9diterran\u00e9ennes go\u00fbtues et g\u00e9n\u00e9reuses.<\/p>\n<p>La d\u00e9coration boh\u00e8me chic, ponctu\u00e9e de guirlandes lumineuses et de plantes vertes, cr\u00e9e une atmosph\u00e8re agr\u00e9able pour profiter tranquillement de la douceur des soir\u00e9es marseillaises. Un incontournable donc pour ceux qui privil\u00e9gient un cadre discret et chaleureux !<\/p>\n<blockquote class=\"instagram-media\" data-instgrm-captioned=\"\" data-instgrm-permalink=\"https:\/\/www.instagram.com\/p\/Cqs1u3SomTt\/?utm_source=ig_embed&amp;utm_campaign=loading\" data-instgrm-version=\"14\" style=\" background:#FFF; border:0; border-radius:3px; box-shadow:0 0 1px 0 rgba(0,0,0,0.5),0 1px 10px 0 rgba(0,0,0,0.15); margin: 1px; max-width:658px; min-width:326px; padding:0; width:99.375%; width:-webkit-calc(100% - 2px); width:calc(100% - 2px);\"\/>\n<p>\t\t\t\tLe toit-terrasse de la Friche<\/p>\n<p>Chaque \u00e9t\u00e9, la Friche la Belle de Mai transforme son immense toit-terrasse en un v\u00e9ritable spot festif \u00e0 ciel ouvert ! Tous les week-ends, ce vaste espace de 8 000 m\u00e8tres carr\u00e9s s\u2019anime d\u2019une ambiance chaleureuse, id\u00e9ale pour savourer un verre au soleil couchant, que l\u2019on soit entre amis ou en famille. Transats, terrain de p\u00e9tanque, <a href=\"https:\/\/www.geo.fr\/voyage\/quels-sont-les-meilleurs-bars-a-cocktails-de-lyon-215937\" target=\"_blank\" rel=\"noopener\">bar \u00e0 cocktails<\/a>, jeux pour les enfants\u2026 tout est pens\u00e9 pour que la d\u00e9tente et le partage soient au rendez-vous.<\/p>\n<p>Mais le lieu ne se contente pas d\u2019\u00eatre convivial : chaque soir, une sc\u00e8ne accueille une programmation \u00e9clectique\u2026 Musiques \u00e9lectroniques, jazz entra\u00eenant, rythmes latinos ou sonorit\u00e9s africaines enflamment alors la soir\u00e9e dans une atmosph\u00e8re joyeuse et d\u00e9contract\u00e9e. Et pour clore le week-end en douceur, le dimanche fait place au cin\u00e9ma en plein air.<\/p>\n<p>Le petit plus ? Toutes ces animations sont en acc\u00e8s libre ou propos\u00e9es \u00e0 prix modique. L\u2019occasion r\u00eav\u00e9e de profiter de l\u2019\u00e9t\u00e9 marseillais sans se ruiner !<\/p>\n<blockquote class=\"instagram-media\" data-instgrm-captioned=\"\" data-instgrm-permalink=\"https:\/\/www.instagram.com\/p\/DIwhReKyUF9\/?utm_source=ig_embed&amp;utm_campaign=loading\" data-instgrm-version=\"14\" style=\" background:#FFF; border:0; border-radius:3px; box-shadow:0 0 1px 0 rgba(0,0,0,0.5),0 1px 10px 0 rgba(0,0,0,0.15); margin: 1px; max-width:658px; min-width:326px; padding:0; width:99.375%; width:-webkit-calc(100% - 2px); width:calc(100% - 2px);\"\/><p>Le rooftop de la Cit\u00e9 radieuse<\/p>\n<p>Symbole de l\u2019architecture moderne imagin\u00e9e par Le Corbusier, la Cit\u00e9 radieuse fait partie des ic\u00f4nes marseillaises. Si l\u2019on conna\u00eet bien ses lignes audacieuses, on ignore souvent que son toit-terrasse abrite un lieu insolite : un espace o\u00f9 l\u2019on peut boire un verre face \u00e0 la ville, dans une ambiance \u00ab\u00a0so special\u00a0\u00bb\u2026 De temps \u00e0 autre, des \u00e9v\u00e9nements \u2014 rares \u2014 y sont \u00e9galement organis\u00e9s, ce qui ajoute au charme confidentiel du lieu.<\/p>\n<p>Pour changer des soir\u00e9es les pieds dans le sable, grimper sur le toit de ce b\u00e2timent class\u00e9 est une exp\u00e9rience \u00e0 part ! Peu fr\u00e9quent\u00e9 compar\u00e9 aux autres spots phares de la ville, ce belv\u00e9d\u00e8re urbain apporte pourtant beaucoup par son atmosph\u00e8re singuli\u00e8re, presque intemporelle. Une parenth\u00e8se culturelle et rafra\u00eechissante \u00e0 d\u00e9couvrir absolument !<\/p>\n<blockquote class=\"instagram-media\" data-instgrm-captioned=\"\" data-instgrm-permalink=\"https:\/\/www.instagram.com\/p\/DCkB6GHRH_e\/?utm_source=ig_embed&amp;utm_campaign=loading\" data-instgrm-version=\"14\" style=\" background:#FFF; border:0; border-radius:3px; box-shadow:0 0 1px 0 rgba(0,0,0,0.5),0 1px 10px 0 rgba(0,0,0,0.15); margin: 1px; max-width:658px; min-width:326px; padding:0; width:99.375%; width:-webkit-calc(100% - 2px); width:calc(100% - 2px);\"\/><p>Le rooftop du Rowing Club de Marseille : une exp\u00e9rience maritime hors du temps !<\/p>\n<p>Situ\u00e9 \u00e0 quelques pas du Pharo, le rooftop du Rowing Club de Marseille est une p\u00e9pite \u00e0 d\u00e9couvrir absolument. Avec sa vue d\u00e9gag\u00e9e sur le port et la M\u00e9diterran\u00e9e, ce rooftop atypique est appr\u00e9ci\u00e9 pour sa simplicit\u00e9 et son ambiance maritime presque dans son jus\u2026<\/p>\n<p>Install\u00e9 dans un club d\u2019aviron historique, ce lieu allie subtilement des ambiances sportive et festive, avec une cuisine l\u00e9g\u00e8re ax\u00e9e sur des produits frais et locaux. C\u2019est donc l\u2019endroit parfait pour d\u00e9jeuner au soleil, ou pour profiter de l\u2019ap\u00e9ritif en admirant le ballet des bateaux rentrant au port.<\/p>\n<blockquote class=\"instagram-media\" data-instgrm-captioned=\"\" data-instgrm-permalink=\"https:\/\/www.instagram.com\/p\/DIjlV6eNvw7\/?utm_source=ig_embed&amp;utm_campaign=loading\" data-instgrm-version=\"14\" style=\" background:#FFF; border:0; border-radius:3px; box-shadow:0 0 1px 0 rgba(0,0,0,0.5),0 1px 10px 0 rgba(0,0,0,0.15); margin: 1px; max-width:658px; min-width:326px; padding:0; width:99.375%; width:-webkit-calc(100% - 2px); width:calc(100% - 2px);\"\/>\n<p>\t\t\t\tLe Bikini\u2019s ou le rooftop du Tuba : d\u00e9tente et charme baln\u00e9aire au rendez-vous<\/p>\n<p>Le rooftop du Tuba, appel\u00e9 le Bikini\u2019s, se trouve \u00e0 quelques encablures du charmant village des Goudes. Situ\u00e9 au-dessus des eaux turquoise des calanques, ce rooftop au charme d\u00e9contract\u00e9 est l\u2019occasion d\u2019une escapade gourmande avec sa cuisine l\u00e9g\u00e8re, locale et ensoleill\u00e9e. L\u2019endroit id\u00e9al pour savourer un moment de calme et de fra\u00eecheur, \u00e0 l\u2019\u00e9cart de l\u2019effervescence du centre-ville !<\/p>\n<p>Son cadre idyllique, \u00e0 la fois boh\u00e8me et chic, attire les amoureux de nature et de tranquillit\u00e9. Ici, les soir\u00e9es sont douces, berc\u00e9es par le bruit des vagues, dans une ambiance typiquement marseillaise\u2026<\/p>\n<p>Les rooftops de Marseille offrent d\u00e9cid\u00e9ment une diversit\u00e9 exceptionnelle, \u00e0 l\u2019image de la ville. Alors, pr\u00eat \u00e0 prendre un peu de hauteur et \u00e0 d\u00e9couvrir Marseille autrement ?<\/p>\n<blockquote class=\"instagram-media\" data-instgrm-captioned=\"\" data-instgrm-permalink=\"https:\/\/www.instagram.com\/p\/DItGnZetzAg\/?utm_source=ig_embed&amp;utm_campaign=loading\" data-instgrm-version=\"14\" style=\" background:#FFF; border:0; border-radius:3px; box-shadow:0 0 1px 0 rgba(0,0,0,0.5),0 1px 10px 0 rgba(0,0,0,0.15); margin: 1px; max-width:658px; min-width:326px; padding:0; width:99.375%; width:-webkit-calc(100% - 2px); width:calc(100% - 2px);\"\/><p>\n\t\t\t<script async src=\"\/\/www.instagram.com\/embed.js\"><\/script><\/p>\n","protected":false},"excerpt":{"rendered":"Deuxi\u00e8me plus grande ville de France, Marseille allie avec brio charme proven\u00e7al et urbanisation. Situ\u00e9e au bord de&hellip;\n","protected":false},"author":2,"featured_media":138451,"comment_status":"","ping_status":"","sticky":false,"template":"","format":"standard","meta":{"footnotes":""},"categories":[2814],"tags":[6058,1111,11,1777,674,1011,27,884,12,882,25,602,2528],"class_list":{"0":"post-138450","1":"post","2":"type-post","3":"status-publish","4":"format-standard","5":"has-post-thumbnail","7":"category-marseille","8":"tag-_novideo","9":"tag-actu","10":"tag-actualites","11":"tag-eu","12":"tag-europe","13":"tag-fr","14":"tag-france","15":"tag-marseille","16":"tag-news","17":"tag-provence-alpes-cote-dazur","18":"tag-republique-francaise","19":"tag-tourisme","20":"tag-vacances"},"share_on_mastodon":{"url":"https:\/\/pubeurope.com\/@fr\/114594986257524859","error":""},"_links":{"self":[{"href":"https:\/\/www.europesays.com\/fr\/wp-json\/wp\/v2\/posts\/138450","targetHints":{"allow":["GET"]}}],"collection":[{"href":"https:\/\/www.europesays.com\/fr\/wp-json\/wp\/v2\/posts"}],"about":[{"href":"https:\/\/www.europesays.com\/fr\/wp-json\/wp\/v2\/types\/post"}],"author":[{"embeddable":true,"href":"https:\/\/www.europesays.com\/fr\/wp-json\/wp\/v2\/users\/2"}],"replies":[{"embeddable":true,"href":"https:\/\/www.europesays.com\/fr\/wp-json\/wp\/v2\/comments?post=138450"}],"version-history":[{"count":0,"href":"https:\/\/www.europesays.com\/fr\/wp-json\/wp\/v2\/posts\/138450\/revisions"}],"wp:featuredmedia":[{"embeddable":true,"href":"https:\/\/www.europesays.com\/fr\/wp-json\/wp\/v2\/media\/138451"}],"wp:attachment":[{"href":"https:\/\/www.europesays.com\/fr\/wp-json\/wp\/v2\/media?parent=138450"}],"wp:term":[{"taxonomy":"category","embeddable":true,"href":"https:\/\/www.europesays.com\/fr\/wp-json\/wp\/v2\/categories?post=138450"},{"taxonomy":"post_tag","embeddable":true,"href":"https:\/\/www.europesays.com\/fr\/wp-json\/wp\/v2\/tags?post=138450"}],"curies":[{"name":"wp","href":"https:\/\/api.w.org\/{rel}","templated":true}]}}