{"id":138462,"date":"2025-05-30T04:56:21","date_gmt":"2025-05-30T04:56:21","guid":{"rendered":"https:\/\/www.europesays.com\/fr\/138462\/"},"modified":"2025-05-30T04:56:21","modified_gmt":"2025-05-30T04:56:21","slug":"ce-tour-permet-de-decouvrir-le-cote-obscur-de-paris","status":"publish","type":"post","link":"https:\/\/www.europesays.com\/fr\/138462\/","title":{"rendered":"ce tour permet de d\u00e9couvrir le c\u00f4t\u00e9 obscur de Paris"},"content":{"rendered":"<p><strong>INSOLITE <\/strong>&#8211; Vous connaissez d\u00e9j\u00e0 le Louvre par c\u0153ur\u00a0? Pour d\u00e9couvrir la capitale avec originalit\u00e9, une agence propose une lugubre visite guid\u00e9e sur les traces des crimes et des meurtriers parisiens.<\/p>\n<p class=\"fig-paragraph\">\u00abQuoi\u00a0! Paris saigne encore\u00a0!\u00bb s\u2019indignait Victor Hugo dans son recueil de po\u00e8mes Les Ch\u00e2timents, publi\u00e9 en 1853. Dans la capitale fran\u00e7aise, les si\u00e8cles d\u00e9filent autant que les\u00a0<a href=\"http:\/\/www.lefigaro.fr\/voyages\/j-ai-assiste-a-un-crime-ces-voyageurs-traumatises-pendant-leurs-vacances-20240922\" data-fig-type=\"Article\" data-gtm-custom-categorie=\"navigation\" data-gtm-custom-action=\"crossclick\" data-gtm-custom-label=\"Contextuel\" data-gtm-event=\"customEventSPE\" data-fig-domain=\"LEFIGARO\" target=\"_blank\" rel=\"noopener\">crimes<\/a>&#8230; jusqu\u2019\u00e0 devenir des attractions touristiques. Alors que l\u2019exposition Serial Killer se termine dans quelques jours, il semblerait que le c\u00f4t\u00e9 sombre de la Ville Lumi\u00e8re intrigue les visiteurs.<\/p>\n<p class=\"fig-paragraph\">My Urban Experience, une agence de conf\u00e9renciers sp\u00e9cialis\u00e9e dans les circuits insolites, organise dans Paris depuis une dizaine d\u2019ann\u00e9es des parcours sur les traces des affaires judiciaires les plus sanglantes, du\u00a0<a href=\"http:\/\/www.lefigaro.fr\/voyages\/guides\/un-voyage-au-moyen-age-on-a-teste-une-journee-au-chateau-de-castelnaud-20250419\" data-fig-type=\"Article\" data-gtm-custom-categorie=\"navigation\" data-gtm-custom-action=\"crossclick\" data-gtm-custom-label=\"Contextuel\" data-gtm-event=\"customEventSPE\" data-fig-domain=\"LEFIGARO\" target=\"_blank\" rel=\"noopener\">Moyen \u00c2ge<\/a>\u00a0\u00e0 nos jours. \u00c0 pied, l\u2019objectif est de d\u00e9voiler un autre visage de la capitale, en se concentrant dans un m\u00eame quartier. On a test\u00e9 l\u2019exp\u00e9rience.<\/p>\n<p><strong>\u00abNous allons parler d\u2019<\/strong>ex\u00e9cutions<strong>\u00bb<\/strong><\/p>\n<p class=\"fig-paragraph\">Samedi, 17h30. Le point de rendez-vous est donn\u00e9 au c\u0153ur du\u00a0<a href=\"http:\/\/www.lefigaro.fr\/voyages\/hotels\/grand-coeur-latin-entre-vestiges-et-volupte-un-refuge-au-coeur-de-paris-20241115\" data-fig-type=\"Article\" data-gtm-custom-categorie=\"navigation\" data-gtm-custom-action=\"crossclick\" data-gtm-custom-label=\"Contextuel\" data-gtm-event=\"customEventSPE\" data-fig-domain=\"LEFIGARO\" target=\"_blank\" rel=\"noopener\">Quartier Latin<\/a>. Nous retrouvons un groupe d\u2019une quinzaine de personnes, toutes g\u00e9n\u00e9rations confondues. \u00abBienvenue \u00e0 tous, aujourd\u2019hui nous allons parler d\u2019ex\u00e9cutions, de tueurs en s\u00e9rie et de torture\u00bb, s\u2019exclame joyeusement Marie-Laure, notre guide du jour, conf\u00e9renci\u00e8re et historienne. Pas de quoi refroidir son public\u00a0: bien au contraire. \u00abOn conna\u00eet d\u00e9j\u00e0 la ville, mais on a trouv\u00e9 g\u00e9nial le th\u00e8me de ce tour\u00bb, confie Christine, 65 ans, venue des\u00a0<a href=\"http:\/\/www.lefigaro.fr\/voyages\/inspiration\/dans-les-yvelines-l-abbaye-des-vaux-de-cernay-au-septieme-ciel-20231020\" data-fig-type=\"Article\" data-gtm-custom-categorie=\"navigation\" data-gtm-custom-action=\"crossclick\" data-gtm-custom-label=\"Contextuel\" data-gtm-event=\"customEventSPE\" data-fig-domain=\"LEFIGARO\" target=\"_blank\" rel=\"noopener\">Yvelines<\/a>\u00a0avec des amis et t\u00e9l\u00e9spectatrice assidue de Faites entrer l\u2019accus\u00e9.<\/p>\n<p class=\"fig-paragraph\">\u00c0 quelques m\u00e8tres, George, 11 ans, ne tient plus en place. Cet apr\u00e8s-midi, l\u2019id\u00e9e de cette promenade macabre le rend particuli\u00e8rement heureux. \u00abIl \u00e9coute en boucle le podcast Crime Story lors des trajets en voiture\u00bb, justifie sa m\u00e8re, H\u00e9l\u00e8ne. \u00abEst-ce qu\u2019il y aura des histoires sur Michel Fourniret\u00a0?\u00bb sonde le jeune gar\u00e7on aupr\u00e8s de la guide. Cette derni\u00e8re qui craignait qu\u2019il ne soit trop jeune pour ces sujets est rassur\u00e9e. Sans plus attendre, nous nous dirigeons vers la rue de l\u2019Hirondelle, petite voie pav\u00e9e\u00a0o\u00f9 v\u00e9cut Eug\u00e8ne-Fran\u00e7ois Vidocq. Consid\u00e9r\u00e9 comme le tout premier d\u00e9tective priv\u00e9 au monde, il y aurait r\u00e9sid\u00e9 au XIXe si\u00e8cle. \u00ab\u00c0 cette \u00e9poque, il \u00e9tait fortement d\u00e9conseill\u00e9 de sortir la nuit\u00bb, d\u00e9bute notre guide avec un ton grave, tout droit sortie d\u2019un roman d\u2019<a href=\"http:\/\/www.lefigaro.fr\/voyages\/inspiration\/dossier\/le-tour-du-monde-d-agatha-christie\" data-fig-type=\"Topic\" data-gtm-custom-categorie=\"navigation\" data-gtm-custom-action=\"crossclick\" data-gtm-custom-label=\"Contextuel\" data-gtm-event=\"customEventSPE\" data-fig-domain=\"LEFIGARO\" target=\"_blank\" rel=\"noopener\">Agatha Christie<\/a>.<\/p>\n<p><strong>De Marcel Petiot \u00e0 Guy Georges<\/strong><\/p>\n<p>    Notre groupe de curieux des crimes parisiens, s\u2019engageant dans la rue de l\u2019Hirondelle.<br \/>\n                M\u00e9lanie Tuyssuzian \/ Le Figaro<\/p>\n<p class=\"fig-paragraph\">Apr\u00e8s quelques explications, nous poursuivons jusqu\u2019\u00e0 l\u2019adresse mythique du 36, quai des Orf\u00e8vres. Jusqu\u2019en 2017, elle abritait le si\u00e8ge de la police judiciaire parisienne. Entre ces murs, les enqu\u00eateurs ont \u00e9lucid\u00e9 des affaires majeures, de la bande \u00e0 Bonnot \u00e0 Guy Georges, le c\u00e9l\u00e8bre tueur des ann\u00e9es 1980. Marie-Laure nous en dit davantage sur Marcel Petiot, surnomm\u00e9 \u00abDocteur Satan\u00bb, arr\u00eat\u00e9 en 1944. \u00abSous l\u2019Occupation, il pr\u00e9tendait faire passer des personnes en zone libre, mais les tuait pour voler leurs biens. Les restes de 27 victimes ont \u00e9t\u00e9 retrouv\u00e9s chez lui dans une chaudi\u00e8re\u00bb, narre notre accompagnatrice.<\/p>\n<p class=\"fig-paragraph\">Elle encha\u00eene sur une question\u00a0: comment a-t-il \u00e9t\u00e9 ex\u00e9cut\u00e9 apr\u00e8s son proc\u00e8s\u00a0? \u00abAvec une hache\u00bb, tente, Georges. Malgr\u00e9 ses lunettes rondes lui donnant un air de premier de la classe et son entrain, le pr\u00e9-ado se trompe. Il s\u2019agit de la guillotine. La surprise est g\u00e9n\u00e9rale, la plupart des participants misaient sur d\u2019autres sentences. Ici, on manie l\u2019art d\u2019aborder avec l\u00e9g\u00e8ret\u00e9 de graves sujets. Avant de continuer notre sombre itin\u00e9raire, Marie-Laure nous met au d\u00e9fi de trouver la fonction du \u00abs\u00e9choir\u00bb, pr\u00e9sent dans chaque commissariat. Astucieux\u00a0: cette sinistre \u00e9nigme nous captive pour le reste de la visite.<\/p>\n<p><strong>Pour les fans d\u2019histoire et de meurtres<\/strong><\/p>\n<p class=\"fig-paragraph\">Le long du chemin, la conf\u00e9renci\u00e8re marque des pauses et illustre ses r\u00e9cits angoissants par des\u00a0<a href=\"http:\/\/www.lefigaro.fr\/voyages\/en-voyage-pourquoi-s-obstine-t-on-a-prendre-des-centaines-de-photos-que-l-on-ne-regardera-plus-jamais-20240808\" data-fig-type=\"Article\" data-gtm-custom-categorie=\"navigation\" data-gtm-custom-action=\"crossclick\" data-gtm-custom-label=\"Contextuel\" data-gtm-event=\"customEventSPE\" data-fig-domain=\"LEFIGARO\" target=\"_blank\" rel=\"noopener\">photos<\/a>\u00a0ou de vieux articles de journaux, qu\u2019elle fait d\u00e9filer sur une tablette. Nul besoin d\u2019\u00eatre un sp\u00e9cialiste de s\u00e9ries polici\u00e8res pour appr\u00e9cier, Marie-Laure prend le temps d\u2019expliquer le contexte de chaque affaire. C\u2019est sur ce rythme que nous traversons les si\u00e8cles et les arrondissements, jusqu\u2019\u00e0 notre prochaine halte\u00a0: le parvis de Notre-Dame. \u00abOn peut apercevoir Saint-Denis sur la fa\u00e7ade de la cath\u00e9drale. Le premier \u00e9v\u00eaque de Paris fut d\u00e9capit\u00e9 au IIIe si\u00e8cle\u00bb, observe l\u2019historienne. Cela \u00e9tonne Titouan, 25 ans et Parisien, venu avec une amie afin d\u2019arpenter sa ville autrement. \u00abOn n\u2019en apprend pas uniquement sur les faits divers, il y a aussi un c\u00f4t\u00e9 historique, c\u2019est int\u00e9ressant\u00bb, glisse-t-il.<\/p>\n<p>    Guide et historienne, Marie-Laure nous montre une ancienne photo, en abordant le th\u00e8me de la guillotine.<br \/>\n                M\u00e9lanie Tuyssuzian \/ Le Figaro<\/p>\n<p class=\"fig-paragraph\">Parfois, la conf\u00e9renci\u00e8re conseille aux plus jeunes de se boucher les oreilles. \u00abJe m\u2019adapte au public ; quand il y a des enfants, j\u2019essaie de ne pas parler des affaires trop r\u00e9centes pour ne pas les effrayer\u00bb, assure-t-elle. Un couple de quadrag\u00e9naires hausse les \u00e9paules. Pour J\u00e9r\u00f4me, \u00abCe n\u2019est pas pire que les informations \u00e0 la t\u00e9l\u00e9vision\u00bb. \u00abOn aurait pens\u00e9 voir plus de lieux o\u00f9 se sont d\u00e9roul\u00e9s des crimes\u00bb, soul\u00e8ve son \u00e9pouse \u00c9milie, un peu d\u00e9\u00e7ue. La majorit\u00e9 des sites sont des instances judiciaires. Il ne faut pas s\u2019attendre \u00e0 des appartements qui ont \u00e9t\u00e9 le th\u00e9\u00e2tre de meurtres&#8230; sauf peut-\u00eatre pour notre adresse suivante, rue Chanoinesse.<\/p>\n<p><strong>Guillotine, cannibalisme&#8230; et photos souvenirs<\/strong><\/p>\n<p class=\"fig-paragraph\">Une affreuse l\u00e9gende entoure cette ruelle de l\u2019\u00eele de la Cit\u00e9 \u00e0 l\u2019allure pourtant tranquille. \u00abIci, au XIVe si\u00e8cle, un barbier et un p\u00e2tissier auraient tu\u00e9 des \u00e9tudiants pour en faire des p\u00e2t\u00e9s qu\u2019ils distribuaient dans le quartier. Apparemment, ils \u00e9taient tr\u00e8s appr\u00e9ci\u00e9s, surtout par le roi Charles VI\u00bb, d\u00e9clare sans d\u00e9tour Marie-Laure. Frissons de d\u00e9go\u00fbt dans l\u2019assistance. Mais la curiosit\u00e9 est immense. D\u2019apr\u00e8s la l\u00e9gende, un rocher ayant servi de billot serait toujours pr\u00e9sent \u00e0 l\u2019int\u00e9rieur d\u2019un garage, au bout de la rue. Certains prennent en photo sa devanture, avant de continuer la promenade, l\u2019app\u00e9tit un rien alt\u00e9r\u00e9. Plus loin, en empruntant le pont des Arts, une reprise de La Boh\u00e8me, de\u00a0<a href=\"https:\/\/www.lefigaro.fr\/voyages\/2018\/10\/02\/30003-20181002ARTFIG00291-l-armenie-l-autre-pays-merveilleux-d-aznavour.php\" data-fig-type=\"Article\" data-gtm-custom-categorie=\"navigation\" data-gtm-custom-action=\"crossclick\" data-gtm-custom-label=\"Contextuel\" data-gtm-event=\"customEventSPE\" data-fig-domain=\"LEFIGARO\" target=\"_blank\" rel=\"noopener\">Charles Aznavour<\/a>, nous parvient dans un tourbillon de touristes. Nous voil\u00e0 plus sereins.<\/p>\n<p>    La rue dans laquelle se serait d\u00e9roul\u00e9e la sordide affaire du p\u00e2tissier et du barbier assassins.<br \/>\n                M\u00e9lanie Tuyssuzian \/ Le Figaro<\/p>\n<p class=\"fig-paragraph\">Voil\u00e0 d\u00e9j\u00e0 plus d\u2019une heure que nous d\u00e9ambulons, notre derni\u00e8re adresse sera l\u2019H\u00f4tel de Ville. Devant l\u2019esplanade, nous discutons guillotine et \u00e9cart\u00e8lement. \u00abEn 1300, c\u2019est ici que se d\u00e9roulaient les ex\u00e9cutions publiques\u00bb, expose Marie-Laure, avant de nous conter des r\u00e9cits de torture. On se passera des illustrations. Le circuit se termine sur la r\u00e9v\u00e9lation du r\u00f4le du fameux \u00abs\u00e9choir\u00bb. \u00abC\u2019est l\u2019endroit o\u00f9 l\u2019on d\u00e9pose les pi\u00e8ces \u00e0 convictions, pour faire s\u00e9cher le sang avant de les mettre sous scell\u00e9s\u00bb, indique l\u2019historienne. En ch\u0153ur, notre petite assembl\u00e9e laisse \u00e9chapper un grand \u00abah\u00bb d\u2019exclamation, de surprise&#8230; et de r\u00e9pulsion. \u00abJ\u2019esp\u00e8re que vous ne ferez pas trop de cauchemars cette nuit\u00bb, conclut notre guide.<\/p>\n<p class=\"fig-paragraph\">Ce ne sera pas le cas de George, qui prend sa m\u00e8re dans ses bras pour la remercier. \u00abC\u2019\u00e9tait trop bien, je veux devenir avocat\u00bb, affirme-t-il d\u00e9sormais. Autant de myst\u00e8res et d\u2019histoires qui nous ont tenus en haleine durant la balade. Une chose est s\u00fbre\u00a0: le parcours d\u20191h30 est pass\u00e9 vite, et l\u2019on en ressort avec une multitude d\u2019anecdotes\u00a0<a href=\"https:\/\/www.lefigaro.fr\/voyages\/dix-tables-parisiennes-historiques-pour-un-voyage-gustatif-dans-le-temps-20200308\" data-fig-type=\"Article\" data-gtm-custom-categorie=\"navigation\" data-gtm-custom-action=\"crossclick\" data-gtm-custom-label=\"Contextuel\" data-gtm-event=\"customEventSPE\" data-fig-domain=\"LEFIGARO\" target=\"_blank\" rel=\"noopener\">historiques<\/a>\u00a0et gla\u00e7antes \u00e0 raconter. Ainsi qu\u2019une nouvelle aversion pour le p\u00e2t\u00e9.<\/p>\n<p class=\"fig-paragraph\"><a href=\"https:\/\/www.myurbanexperience.com\/fr\/visites-insolites-et-ludiques\/37-visite-paris-du-crime.html\" target=\"_blank\" rel=\"nofollow noopener\" data-gtm-custom-categorie=\"navigation\" data-gtm-custom-action=\"crossclick\" data-gtm-custom-label=\"Contextuel\" data-gtm-event=\"customEventSPE\">Le Paris du Crime<\/a> , My Urban Experience. Circuits en groupe du lundi au dimanche, \u00e0 partir de 17h30. Tarifs\u00a0: 17 \u20ac (adulte) et 8,50 \u20ac (enfant). Visite en fran\u00e7ais, et en anglais (seulement dans le cadre de r\u00e9servations en visites priv\u00e9es).<\/p>\n<p class=\"fig-paragraph\"><strong>En vid\u00e9o &#8211; <\/strong>Pourquoi Paris perd-elle de plus en plus d\u2019habitants tout en restant attractive pour les touristes\u00a0?<\/p>\n","protected":false},"excerpt":{"rendered":"INSOLITE &#8211; Vous connaissez d\u00e9j\u00e0 le Louvre par c\u0153ur\u00a0? Pour d\u00e9couvrir la capitale avec originalit\u00e9, une agence propose&hellip;\n","protected":false},"author":2,"featured_media":138463,"comment_status":"","ping_status":"","sticky":false,"template":"","format":"standard","meta":{"footnotes":""},"categories":[1888],"tags":[1111,1928,11,1927,271,1777,674,1011,27,4463,12949,1757,12950,12952,12,1926,626,1925,25,2520,12954,12953,12956,12955,4064,12951],"class_list":{"0":"post-138462","1":"post","2":"type-post","3":"status-publish","4":"format-standard","5":"has-post-thumbnail","7":"category-paris","8":"tag-actu","9":"tag-actu-paris","10":"tag-actualites","11":"tag-actualites-paris","12":"tag-crime","13":"tag-eu","14":"tag-europe","15":"tag-fr","16":"tag-france","17":"tag-guide","18":"tag-guide-voyage","19":"tag-insolite","20":"tag-meilleur-week-end","21":"tag-meilleure-destination","22":"tag-news","23":"tag-news-paris","24":"tag-paris","25":"tag-paris-news","26":"tag-republique-francaise","27":"tag-sejour","28":"tag-voyage-afrique","29":"tag-voyage-asie","30":"tag-voyage-europe","31":"tag-voyage-oceanie","32":"tag-week-end","33":"tag-week-end-de-luxe"},"share_on_mastodon":{"url":"https:\/\/pubeurope.com\/@fr\/114595009891521889","error":""},"_links":{"self":[{"href":"https:\/\/www.europesays.com\/fr\/wp-json\/wp\/v2\/posts\/138462","targetHints":{"allow":["GET"]}}],"collection":[{"href":"https:\/\/www.europesays.com\/fr\/wp-json\/wp\/v2\/posts"}],"about":[{"href":"https:\/\/www.europesays.com\/fr\/wp-json\/wp\/v2\/types\/post"}],"author":[{"embeddable":true,"href":"https:\/\/www.europesays.com\/fr\/wp-json\/wp\/v2\/users\/2"}],"replies":[{"embeddable":true,"href":"https:\/\/www.europesays.com\/fr\/wp-json\/wp\/v2\/comments?post=138462"}],"version-history":[{"count":0,"href":"https:\/\/www.europesays.com\/fr\/wp-json\/wp\/v2\/posts\/138462\/revisions"}],"wp:featuredmedia":[{"embeddable":true,"href":"https:\/\/www.europesays.com\/fr\/wp-json\/wp\/v2\/media\/138463"}],"wp:attachment":[{"href":"https:\/\/www.europesays.com\/fr\/wp-json\/wp\/v2\/media?parent=138462"}],"wp:term":[{"taxonomy":"category","embeddable":true,"href":"https:\/\/www.europesays.com\/fr\/wp-json\/wp\/v2\/categories?post=138462"},{"taxonomy":"post_tag","embeddable":true,"href":"https:\/\/www.europesays.com\/fr\/wp-json\/wp\/v2\/tags?post=138462"}],"curies":[{"name":"wp","href":"https:\/\/api.w.org\/{rel}","templated":true}]}}