{"id":138464,"date":"2025-05-30T04:57:17","date_gmt":"2025-05-30T04:57:17","guid":{"rendered":"https:\/\/www.europesays.com\/fr\/138464\/"},"modified":"2025-05-30T04:57:17","modified_gmt":"2025-05-30T04:57:17","slug":"une-decision-stupide-david-belliard-fustige-la-suppression-des-zones-a-faibles-emissions","status":"publish","type":"post","link":"https:\/\/www.europesays.com\/fr\/138464\/","title":{"rendered":"\u00ab Une d\u00e9cision stupide \u00bb : David Belliard fustige la suppression des zones \u00e0 faibles \u00e9missions"},"content":{"rendered":"<p class=\"paragraph text_align_left\">\u00ab Revers pour le gouvernement \u00bb, \u00ab vote r\u00e9trograde \u00bb\u2026 <a href=\"https:\/\/www.leparisien.fr\/politique\/vehicules-thermiques-lassemblee-approuve-la-suppression-des-zones-a-faibles-emissions-28-05-2025-77G3X2K7XBALPC2ZH36DTN3HXA.php\" target=\"_blank\" rel=\"noreferrer nofollow noopener\">Le rejet ce mercredi soir \u00e0 l\u2019Assembl\u00e9e nationale des Zones \u00e0 Faibles \u00c9missions (ZFE)<\/a> ne manque pas de faire r\u00e9agir les \u00e9lus de la m\u00e9tropole parisienne. \u00ab C\u2019est un \u00e9norme revers pour le gouvernement (\u2026) mais c\u2019est aussi une d\u00e9cision stupide. Plut\u00f4t que de supprimer les ZFE il faut les am\u00e9liorer ! \u00bb plaide <a href=\"https:\/\/www.leparisien.fr\/politique\/david-belliard\/\" target=\"_blank\" rel=\"noreferrer nofollow noopener\">David Belliard<\/a>, adjoint (EELV) \u00e0 la mairie de Paris en charge des transports et de la mobilit\u00e9.<\/p>\n<p class=\"paragraph text_align_left\">\u00ab Ce vote r\u00e9trograde \u00e0 l\u2019Assembl\u00e9e nationale engage notre pays en sens inverse du n\u00e9cessaire parcours vers la d\u00e9carbonation et la neutralit\u00e9 climatique \u00e0 l\u2019horizon 2050. Il s\u2019inscrit \u00e9galement \u00e0 contresens des imp\u00e9ratifs sanitaires \u00bb, d\u00e9nonce pour sa part Daniel Guiraud, maire (PS) des Lilas en Seine-Saint-Denis et vice-pr\u00e9sident de la M\u00e9tropole du Grand Paris en charge de la transition \u00e9cologique et de la qualit\u00e9 de l\u2019air.<\/p>\n<p class=\"paragraph text_align_left\">Les deux \u00e9lus franciliens regrettent le vote des d\u00e9put\u00e9s hier soir \u00e0 l\u2019Assembl\u00e9e nationale, mais pointent aussi la responsabilit\u00e9 du pr\u00e9sident Macron sur le sujet.<\/p>\n<p class=\"paragraph text_align_left\">Car si le 12 mai, lors d\u2019une r\u00e9union sur la qualit\u00e9 de l\u2019air, plusieurs ministres avaient annonc\u00e9 la volont\u00e9 du gouvernement de d\u00e9poser un amendement pour d\u00e9fendre le maintien des ZFE, David Belliard et Daniel Guiraud d\u00e9noncent le manque d\u2019implication de l\u2019\u00c9tat sur le dossier toutes ces derni\u00e8res ann\u00e9es. \u00ab La d\u00e9cision de l\u2019Assembl\u00e9e nationale n\u2019a \u00e9t\u00e9 rendue possible qu\u2019en raison de l\u2019inertie de l\u2019\u00c9tat \u00bb, insiste Daniel Guiraud alors que depuis des ann\u00e9es, la M\u00e9tropole du Grand Paris plaide pour que l\u2019\u00c9tat soutienne davantage les foyers modestes pour les aider \u00e0 changer de voiture.<\/p>\n<p>\u00ab Nul ne doit se r\u00e9signer \u00bb<\/p>\n<p class=\"paragraph text_align_left\">\u00ab Ce vote c\u2019est le r\u00e9sultat de 10 ans d\u2019inaction. Le gouvernement est m\u00eame all\u00e9 en sens inverse en supprimant les aides en d\u00e9cembre \u00bb, rappelle l\u2019\u00e9cologiste David Belliard. \u00ab En \u00cele-de-France, on estime \u00e0 46 000 le nombre de m\u00e9nages modestes qui ont besoin de leur v\u00e9hicule pour se d\u00e9placer quotidiennement. Il faut les accompagner financi\u00e8rement pour qu\u2019ils ach\u00e8tent des voitures moins polluantes \u00bb, insiste l\u2019adjoint d\u2019Anne Hidalgo.<\/p>\n<p><img decoding=\"async\" class=\"image \" loading=\"lazy\" src=\"https:\/\/www.europesays.com\/fr\/wp-content\/uploads\/2025\/05\/SNCE3TVMORAJZE5ZI44IODGEGI.jpg\" alt=\"\" align=\"\" data-rubrique-principale=\"\" data-article-type=\"\" fetchpriority=\"auto\"\/><\/p>\n<p class=\"paragraph text_align_left\">Lors d\u2019une r\u00e9union baptis\u00e9e le \u00ab<a href=\"https:\/\/www.leparisien.fr\/info-paris-ile-de-france-oise\/transports\/la-metropole-du-grand-paris-plaide-pour-le-maintien-de-sa-zfe-12-05-2025-6S7OB3L7IFAPHDDEGLBARFPDGA.php\" target=\"_self\" rel=\"nofollow noopener\"> Roquelaure de la qualit\u00e9 de l\u2019air<\/a> \u00bb, organis\u00e9e le 12 mai, les \u00e9lus de la M\u00e9tropole francilienne avaient d\u00e9j\u00e0 plaid\u00e9 aupr\u00e8s des membres du gouvernement pour que la prime \u00e0 la conversion soit r\u00e9tablie et qu\u2019un pr\u00eat \u00e0 taux 0 avec garantie de l\u2019\u00c9tat soit mis en place.<\/p>\n<p class=\"paragraph text_align_left\">Malgr\u00e9 le revers essuy\u00e9 mardi soir \u00e0 l\u2019Assembl\u00e9e Nationale, les ZFE sont-elles d\u00e9finitivement enterr\u00e9es ? Le vice-pr\u00e9sident de la MGP ne baisse pas les bras. \u00ab Nul ne doit se r\u00e9signer \u00e0 cette situation. Les ZFE doivent \u00eatre r\u00e9tablies, avec une aide efficace aux m\u00e9nages modestes et aux classes moyennes \u00bb, insiste Daniel Guiraud.<\/p>\n<p class=\"paragraph text_align_left\">\u00ab Il ne s\u2019agit que du premier vote de l\u2019Assembl\u00e9e. Attendons le vote final sur la loi de simplification. Ce sera l\u2019\u00e9preuve du feu pour le gouvernement : on verra s\u2019ils ont vraiment la volont\u00e9 de lutter contre la pollution de l\u2019air \u00bb, conclut David Belliard.<\/p>\n","protected":false},"excerpt":{"rendered":"\u00ab Revers pour le gouvernement \u00bb, \u00ab vote r\u00e9trograde \u00bb\u2026 Le rejet ce mercredi soir \u00e0 l\u2019Assembl\u00e9e nationale&hellip;\n","protected":false},"author":2,"featured_media":138465,"comment_status":"","ping_status":"","sticky":false,"template":"","format":"standard","meta":{"footnotes":""},"categories":[1888],"tags":[11,1777,674,1011,27,1944,12,626,316,25,2382],"class_list":{"0":"post-138464","1":"post","2":"type-post","3":"status-publish","4":"format-standard","5":"has-post-thumbnail","7":"category-paris","8":"tag-actualites","9":"tag-eu","10":"tag-europe","11":"tag-fr","12":"tag-france","13":"tag-ma-ville","14":"tag-news","15":"tag-paris","16":"tag-politique","17":"tag-republique-francaise","18":"tag-transport-idf-oise"},"share_on_mastodon":{"url":"https:\/\/pubeurope.com\/@fr\/114595013951955929","error":""},"_links":{"self":[{"href":"https:\/\/www.europesays.com\/fr\/wp-json\/wp\/v2\/posts\/138464","targetHints":{"allow":["GET"]}}],"collection":[{"href":"https:\/\/www.europesays.com\/fr\/wp-json\/wp\/v2\/posts"}],"about":[{"href":"https:\/\/www.europesays.com\/fr\/wp-json\/wp\/v2\/types\/post"}],"author":[{"embeddable":true,"href":"https:\/\/www.europesays.com\/fr\/wp-json\/wp\/v2\/users\/2"}],"replies":[{"embeddable":true,"href":"https:\/\/www.europesays.com\/fr\/wp-json\/wp\/v2\/comments?post=138464"}],"version-history":[{"count":0,"href":"https:\/\/www.europesays.com\/fr\/wp-json\/wp\/v2\/posts\/138464\/revisions"}],"wp:featuredmedia":[{"embeddable":true,"href":"https:\/\/www.europesays.com\/fr\/wp-json\/wp\/v2\/media\/138465"}],"wp:attachment":[{"href":"https:\/\/www.europesays.com\/fr\/wp-json\/wp\/v2\/media?parent=138464"}],"wp:term":[{"taxonomy":"category","embeddable":true,"href":"https:\/\/www.europesays.com\/fr\/wp-json\/wp\/v2\/categories?post=138464"},{"taxonomy":"post_tag","embeddable":true,"href":"https:\/\/www.europesays.com\/fr\/wp-json\/wp\/v2\/tags?post=138464"}],"curies":[{"name":"wp","href":"https:\/\/api.w.org\/{rel}","templated":true}]}}