{"id":138472,"date":"2025-05-30T05:01:09","date_gmt":"2025-05-30T05:01:09","guid":{"rendered":"https:\/\/www.europesays.com\/fr\/138472\/"},"modified":"2025-05-30T05:01:09","modified_gmt":"2025-05-30T05:01:09","slug":"gaza-les-usa-proposent-un-cessez-le-feu-de-60-jours-projet-30-05-2025-a-0626","status":"publish","type":"post","link":"https:\/\/www.europesays.com\/fr\/138472\/","title":{"rendered":"Gaza-Les USA proposent un cessez-le-feu de 60 jours-projet &#8211; 30\/05\/2025 \u00e0 06:26"},"content":{"rendered":"<p>\n (Actualis\u00e9 avec pr\u00e9cisions)\n<\/p>\n<p>\n Une proposition de cessez-le-feu dans la bande de Gaza<br \/>\nformul\u00e9e par les Etats-Unis que Reuters a pu consulter pr\u00e9voit<br \/>\nune tr\u00eave de 60 jours.\n<\/p>\n<p>\n Le projet d&rsquo;accord pr\u00e9voit \u00e9galement la lib\u00e9ration de 28<br \/>\notages isra\u00e9liens vivants ou morts durant la premi\u00e8re semaine<br \/>\nainsi que la lib\u00e9ration de 125 prisonniers palestiniens<br \/>\ncondamn\u00e9s \u00e0 perp\u00e9tuit\u00e9 et la remise des d\u00e9pouilles de 180<br \/>\nPalestiniens.\n<\/p>\n<p>\n L&rsquo;envoi d&rsquo;une aide \u00e0 Gaza d\u00e8s que le Hamas aura sign\u00e9<br \/>\nl&rsquo;accord est aussi pr\u00e9vue par le texte, garanti par le pr\u00e9sident<br \/>\nam\u00e9ricain Donald Trump, l&rsquo;Egypte et le Qatar.\n<\/p>\n<p>\n La proposition stipule en outre que le Hamas lib\u00e9rera les 30<br \/>\nderniers otages une fois un cessez-le-feu permanent en place.\n<\/p>\n<p>\n La Maison blanche a annonc\u00e9 jeudi qu&rsquo;Isra\u00ebl avait<br \/>\naccept\u00e9 la\n<\/p>\n<p>\n derni\u00e8re proposition am\u00e9ricaine\n<\/p>\n<p>\n de cessez-le-feu dans la bande de Gaza.\n<\/p>\n<p>\n Le Hamas a dit \u00e0 Reuters \u00e9tudier le projet transmis par<br \/>\nl&rsquo;\u00e9missaire sp\u00e9cial am\u00e9ricain pour le Proche-Orient et a indiqu\u00e9<br \/>\nqu&rsquo;il donnerait sa r\u00e9ponse vendredi ou samedi.\n<\/p>\n<p>\n Les profonds diff\u00e9rends qui persistent entre le Hamas et<br \/>\nIsra\u00ebl ont sap\u00e9 les efforts visant \u00e0 parvenir \u00e0 une nouvelle<br \/>\ntr\u00eave apr\u00e8s l&rsquo;\u00e9chec au mois de mars d&rsquo;un cessez-le-feu conclu en<br \/>\njanvier.\n<\/p>\n<p>\n Isra\u00ebl dit vouloir que le Hamas soit d\u00e9mantel\u00e9 et les 58<br \/>\notages encore d\u00e9tenus \u00e0 Gaza soient lib\u00e9r\u00e9s pour envisager un<br \/>\naccord de paix. Benjamin Netanyahu a confirm\u00e9 \u00e9galement vouloir<br \/>\nprendre le contr\u00f4le de toute la bande de Gaza.\n<\/p>\n<p>\n Le Hamas a r\u00e9clam\u00e9 le retrait des troupes isra\u00e9liennes<br \/>\nde l&rsquo;enclave palestinienne et que soit fix\u00e9 clairement un<br \/>\nprocessus pour mettre fin \u00e0 la guerre.\n<\/p>\n<p>\n (Samia Nakhoul et Hatem Maher; version fran\u00e7aise Camille<br \/>\nRaynaud)<\/p>\n","protected":false},"excerpt":{"rendered":"(Actualis\u00e9 avec pr\u00e9cisions) Une proposition de cessez-le-feu dans la bande de Gaza formul\u00e9e par les Etats-Unis que Reuters&hellip;\n","protected":false},"author":2,"featured_media":2486,"comment_status":"","ping_status":"","sticky":false,"template":"","format":"standard","meta":{"footnotes":""},"categories":[1589],"tags":[400,11,398,408,405,73,1866,403,402,399,404,12,401,406,1864,1865,1863,308,407],"class_list":{"0":"post-138472","1":"post","2":"type-post","3":"status-publish","4":"format-standard","5":"has-post-thumbnail","7":"category-etats-unis","8":"tag-action-cac-40","9":"tag-actualites","10":"tag-bourse-de-paris","11":"tag-boursorama","12":"tag-cotations","13":"tag-etats-unis","14":"tag-etats-unis-damerique","15":"tag-indices-devises","16":"tag-investir","17":"tag-investissement","18":"tag-marche-boursier","19":"tag-news","20":"tag-sicav","21":"tag-trackers","22":"tag-united-states","23":"tag-united-states-of-america","24":"tag-us","25":"tag-usa","26":"tag-warrants"},"share_on_mastodon":{"url":"https:\/\/pubeurope.com\/@fr\/114595029517811537","error":""},"_links":{"self":[{"href":"https:\/\/www.europesays.com\/fr\/wp-json\/wp\/v2\/posts\/138472","targetHints":{"allow":["GET"]}}],"collection":[{"href":"https:\/\/www.europesays.com\/fr\/wp-json\/wp\/v2\/posts"}],"about":[{"href":"https:\/\/www.europesays.com\/fr\/wp-json\/wp\/v2\/types\/post"}],"author":[{"embeddable":true,"href":"https:\/\/www.europesays.com\/fr\/wp-json\/wp\/v2\/users\/2"}],"replies":[{"embeddable":true,"href":"https:\/\/www.europesays.com\/fr\/wp-json\/wp\/v2\/comments?post=138472"}],"version-history":[{"count":0,"href":"https:\/\/www.europesays.com\/fr\/wp-json\/wp\/v2\/posts\/138472\/revisions"}],"wp:featuredmedia":[{"embeddable":true,"href":"https:\/\/www.europesays.com\/fr\/wp-json\/wp\/v2\/media\/2486"}],"wp:attachment":[{"href":"https:\/\/www.europesays.com\/fr\/wp-json\/wp\/v2\/media?parent=138472"}],"wp:term":[{"taxonomy":"category","embeddable":true,"href":"https:\/\/www.europesays.com\/fr\/wp-json\/wp\/v2\/categories?post=138472"},{"taxonomy":"post_tag","embeddable":true,"href":"https:\/\/www.europesays.com\/fr\/wp-json\/wp\/v2\/tags?post=138472"}],"curies":[{"name":"wp","href":"https:\/\/api.w.org\/{rel}","templated":true}]}}