{"id":138473,"date":"2025-05-30T05:02:09","date_gmt":"2025-05-30T05:02:09","guid":{"rendered":"https:\/\/www.europesays.com\/fr\/138473\/"},"modified":"2025-05-30T05:02:09","modified_gmt":"2025-05-30T05:02:09","slug":"union-europeenne-le-royaume-uni-a-lheure-des-bregrets","status":"publish","type":"post","link":"https:\/\/www.europesays.com\/fr\/138473\/","title":{"rendered":"Union europ\u00e9enne\u00a0: le Royaume-Uni \u00e0 l\u2019heure des \u00ab\u00a0Bregrets\u00a0\u00bb"},"content":{"rendered":"<p>En mati\u00e8re d\u2019Union europ\u00e9enne, le Royaume-Uni a toujours eu un pied dedans, un pied dehors. Apr\u00e8s des n\u00e9gociations interrompues et deux candidatures rejet\u00e9es, il avait rejoint le march\u00e9 europ\u00e9en en 1973, tout en se m\u00e9nageant une place \u00e0 part, refusant, notamment, le passage \u00e0 l\u2019euro et l\u2019int\u00e9gration dans l\u2019espace Schengen. Une attitude mi-enthousiaste, mi-sceptique, <a href=\"https:\/\/www.letelegramme.fr\/monde\/du-referendum-de-2016-aux-ultimes-negociations-chronologie-du-brexit-3740749.php\" rel=\"nofollow noopener\" target=\"_blank\">qu\u2019il a conserv\u00e9e jusqu\u2019\u00e0 son d\u00e9part, le 31 janvier 2020<\/a>.<\/p>\n<p>Parmi les plus m\u00e9contents\u00a0: <a href=\"https:\/\/www.letelegramme.fr\/monde\/ce-que-le-brexit-change-pour-les-etudiants-europeens-au-royaume-uni-3734932.php\" rel=\"nofollow noopener\" target=\"_blank\">les \u00e9tudiants d\u00e9sormais priv\u00e9s d\u2019Erasmus<\/a>, les artistes dont les tourn\u00e9es internationales sont entrav\u00e9es par les visas, les propri\u00e9taires de r\u00e9sidences secondaires en France et en Espagne qui doivent compter leurs jours sur place\u2026 Les jeunes sont particuli\u00e8rement remont\u00e9s car tous n\u2019ont pas tous pu voter lors du r\u00e9f\u00e9rendum, et les trois quarts d\u2019entre eux consid\u00e8rent que la sortie de l\u2019UE \u00e9tait une erreur.<\/p>\n<p>Vers une \u00ab\u00a0r\u00e9initialisation\u00a0\u00bb des relations<\/p>\n<p>Le Premier ministre, l\u2019europhile Keir Starmer, promet une \u00ab\u00a0r\u00e9initialisation\u00a0\u00bb des relations\u00a0: lui qui a un temps d\u00e9fendu un second r\u00e9f\u00e9rendum pr\u00f4ne l\u2019apaisement des relations. Le 19 mai dernier, lors du premier sommet britannico-europ\u00e9en organis\u00e9 en cinq ans, il annon\u00e7ait un \u00ab\u00a0accord historique\u00a0\u00bb et le d\u00e9but d\u2019une \u00ab\u00a0nouvelle \u00e8re\u00a0\u00bb dans les relations entre le Royaume-Uni et les Vingt-Sept. Cette nouvelle donne passera, notamment, par une circulation plus fluide de certains produits agroalimentaires, alors que les exportations britanniques vers l\u2019UE ont baiss\u00e9 de 21\u00a0%. \u00ab\u00a0Cela signifie des emplois\u00a0\u00bb et \u00ab\u00a0de la croissance\u00a0\u00bb, s\u2019est r\u00e9joui Keir Starmer. La cheffe des Conservateurs, Kemi Badenoch, s\u2019est, pour sa part, indign\u00e9e d\u2019\u00eatre \u00ab\u00a0\u00e0 nouveau \u00e0 la merci des institutions bruxelloises\u00a0\u00bb, quand l\u2019hebdomadaire de droite The Spectator affirmait que le pays \u00ab\u00a0a c\u00e9d\u00e9\u00a0\u00bb \u00e0 l\u2019Europe.<\/p>\n<blockquote><p>On se dit qu\u2019il aurait surtout fallu ne pas les desserrer, ces liens.<\/p><\/blockquote>\n<p>Le think-tank pro-Europe Ukice rappelle que \u00ab\u00a0les retomb\u00e9es \u00e9conomiques du Brexit ont \u00e9t\u00e9 ressenties principalement au Royaume-Uni\u00a0\u00bb, qui esp\u00e8re aussi la reconnaissance mutuelle des qualifications professionnelles, un pacte de s\u00e9curit\u00e9 et des accords agroalimentaires. Sur le plan politique, le Brexit a aussi eu pour effet de renforcer le d\u00e9bat autour de l\u2019immigration. Si un syst\u00e8me de visas \u00e0 points, plus restrictif, a \u00e9t\u00e9 instaur\u00e9, le pays conna\u00eet, en parall\u00e8le, une vague d\u2019arriv\u00e9es li\u00e9e aux travers\u00e9es de la Manche en petites embarcations &#8211; un sujet sur lequel le gouvernement travailliste essaie de se montrer ferme, quitte \u00e0 emprunter \u00e0 la rh\u00e9torique de l\u2019extr\u00eame droite, et \u00e0 publier des vid\u00e9os de d\u00e9portations.<\/p>\n<p>\u00ab\u00a0\u00c7a ne veut plus rien dire\u00a0\u00bb<\/p>\n<p>Si la majorit\u00e9 des Britanniques sont donc favorables \u00e0 une relation plus proche avec l\u2019UE, ils ne sautent pas n\u00e9cessairement de joie \u00e0 l\u2019annonce des progr\u00e8s. Brian, Londonien de 39 ans qui travaille dans la restauration, se dit \u00ab\u00a0agac\u00e9 et fatigu\u00e9\u00a0\u00bb par ce dernier revirement. \u00ab\u00a0Le Brexit tra\u00eene depuis tellement longtemps que \u00e7a ne veut plus rien dire. \u00c9videmment, cette question de resserrer les liens me parle. C\u2019est positif et je pense qu\u2019on a besoin de solidarit\u00e9 entre nations si proches, surtout en ce moment.\u00a0\u00bb<\/p>\n<p>Sa lassitude est partag\u00e9e par Gustav, 28 ans, \u00e9tudiant. \u00ab\u00a0Apr\u00e8s tant d\u2019ann\u00e9es d\u2019allers-retours, de prix qui augmentent, d\u2019Europ\u00e9ens qui ne se sentent plus chez eux ici, d\u2019emplois perdus dans certains secteurs\u2026 On se dit qu\u2019il aurait surtout fallu ne pas les desserrer, ces liens.\u00a0\u00bb<\/p>\n","protected":false},"excerpt":{"rendered":"En mati\u00e8re d\u2019Union europ\u00e9enne, le Royaume-Uni a toujours eu un pied dedans, un pied dehors. Apr\u00e8s des n\u00e9gociations&hellip;\n","protected":false},"author":2,"featured_media":138474,"comment_status":"","ping_status":"","sticky":false,"template":"","format":"standard","meta":{"footnotes":""},"categories":[1588],"tags":[11,1353,765,1777,674,74,12,473,1853,18089,1851,1850,1852],"class_list":{"0":"post-138473","1":"post","2":"type-post","3":"status-publish","4":"format-standard","5":"has-post-thumbnail","7":"category-royaume-uni","8":"tag-actualites","9":"tag-brexit","10":"tag-en-continu","11":"tag-eu","12":"tag-europe","13":"tag-monde","14":"tag-news","15":"tag-royaume-uni","16":"tag-royaume-uni-de-grande-bretagne-et-dirlande-du-nord","17":"tag-selection-showcase","18":"tag-uk","19":"tag-united-kingdom","20":"tag-united-kingdom-of-great-britain-and-northern-ireland"},"share_on_mastodon":{"url":"https:\/\/pubeurope.com\/@fr\/114595033559218577","error":""},"_links":{"self":[{"href":"https:\/\/www.europesays.com\/fr\/wp-json\/wp\/v2\/posts\/138473","targetHints":{"allow":["GET"]}}],"collection":[{"href":"https:\/\/www.europesays.com\/fr\/wp-json\/wp\/v2\/posts"}],"about":[{"href":"https:\/\/www.europesays.com\/fr\/wp-json\/wp\/v2\/types\/post"}],"author":[{"embeddable":true,"href":"https:\/\/www.europesays.com\/fr\/wp-json\/wp\/v2\/users\/2"}],"replies":[{"embeddable":true,"href":"https:\/\/www.europesays.com\/fr\/wp-json\/wp\/v2\/comments?post=138473"}],"version-history":[{"count":0,"href":"https:\/\/www.europesays.com\/fr\/wp-json\/wp\/v2\/posts\/138473\/revisions"}],"wp:featuredmedia":[{"embeddable":true,"href":"https:\/\/www.europesays.com\/fr\/wp-json\/wp\/v2\/media\/138474"}],"wp:attachment":[{"href":"https:\/\/www.europesays.com\/fr\/wp-json\/wp\/v2\/media?parent=138473"}],"wp:term":[{"taxonomy":"category","embeddable":true,"href":"https:\/\/www.europesays.com\/fr\/wp-json\/wp\/v2\/categories?post=138473"},{"taxonomy":"post_tag","embeddable":true,"href":"https:\/\/www.europesays.com\/fr\/wp-json\/wp\/v2\/tags?post=138473"}],"curies":[{"name":"wp","href":"https:\/\/api.w.org\/{rel}","templated":true}]}}