{"id":138479,"date":"2025-05-30T05:05:14","date_gmt":"2025-05-30T05:05:14","guid":{"rendered":"https:\/\/www.europesays.com\/fr\/138479\/"},"modified":"2025-05-30T05:05:14","modified_gmt":"2025-05-30T05:05:14","slug":"les-smartphones-android-ont-eu-un-probleme-dautonomie-a-cause-dinstagram","status":"publish","type":"post","link":"https:\/\/www.europesays.com\/fr\/138479\/","title":{"rendered":"Les smartphones Android ont eu un probl\u00e8me d\u2019autonomie \u00e0 cause d&rsquo;Instagram"},"content":{"rendered":"<p><strong>Google a alert\u00e9 les utilisateurs d\u2019Android d\u2019un probl\u00e8me d\u2019autonomie li\u00e9 \u00e0 l\u2019application Instagram.<\/strong> Dans un message sur son forum de la communaut\u00e9 d\u2019aide d\u2019Android, l\u2019entreprise recommande de mettre \u00e0 jour l\u2019application du r\u00e9seau social vers la version 382.0.0.49.84 pour r\u00e9soudre ce souci.<\/p>\n<p><img loading=\"lazy\" decoding=\"async\" class=\"aligncenter size-large wp-image-148302\" src=\"https:\/\/www.europesays.com\/fr\/wp-content\/uploads\/2025\/05\/Instagram-Logo-Icone-1024x538.jpg\" alt=\"Instagram Logo Icone\" width=\"1024\" height=\"538\"  \/><\/p>\n<p>Un probl\u00e8me d\u2019autonomie sur Android<\/p>\n<p>Ces derni\u00e8res semaines, plusieurs utilisateurs d\u2019Android ont rapport\u00e9 une baisse notable de l\u2019autonomie, notamment sur les smartphones Samsung Galaxy et Google Pixel. Bien que Google n\u2019ait pas pr\u00e9cis\u00e9 si d\u2019autres marques ou versions d\u2019Android \u00e9taient concern\u00e9es, les plaintes semblent avoir \u00e9t\u00e9 suffisamment nombreuses pour justifier une intervention publique.<\/p>\n<p>Google <a href=\"https:\/\/support.google.com\/android\/thread\/347265896\" rel=\"external nofollow noopener\" target=\"_blank\">indique<\/a> :<\/p>\n<blockquote>\n<p>\u00c0 partir d\u2019aujourd\u2019hui, Instagram d\u00e9ploie une mise \u00e0 jour de son application qui devrait corriger un probl\u00e8me d\u2019autonomie sur les appareils Android. Assurez-vous d\u2019avoir la derni\u00e8re version de l\u2019application Instagram (build 382.0.0.49.84) pour r\u00e9soudre ce probl\u00e8me.<\/p>\n<\/blockquote>\n<p>Aucun d\u00e9tail technique n\u2019a \u00e9t\u00e9 fourni sur la cause exacte de cette consommation excessive. Ni Google ni Meta, propri\u00e9taire d\u2019Instagram, n\u2019ont comment\u00e9 la nature du probl\u00e8me. Cela rend l\u2019annonce d\u2019autant plus intrigante car il est rare que Google intervienne directement pour signaler un souci li\u00e9 \u00e0 une application tierce.<\/p>\n<p>Comment v\u00e9rifier et installer la mise \u00e0 jour<\/p>\n<p>Pour b\u00e9n\u00e9ficier du correctif, assurez-vous que votre application Instagram est \u00e0 jour. La version concern\u00e9e, 382.0.0.49.84, est disponible <a href=\"https:\/\/play.google.com\/store\/apps\/details?id=com.instagram.android\" rel=\"external nofollow noopener\" target=\"_blank\">sur le Google Play Store<\/a>. Voici comment v\u00e9rifier votre version actuelle :<\/p>\n<ul>\n<li>Appuyez longuement sur l\u2019ic\u00f4ne Instagram de votre smartphone.<\/li>\n<li>S\u00e9lectionnez \u00ab Infos sur l\u2019appli \u00bb.<\/li>\n<li>Faites d\u00e9filer vers le bas pour voir le num\u00e9ro de version.<\/li>\n<\/ul>\n<p>Si la mise \u00e0 jour n\u2019appara\u00eet pas dans le Play Store, il est possible que votre appareil ait d\u00e9j\u00e0 la version corrig\u00e9e.<\/p>\n","protected":false},"excerpt":{"rendered":"Google a alert\u00e9 les utilisateurs d\u2019Android d\u2019un probl\u00e8me d\u2019autonomie li\u00e9 \u00e0 l\u2019application Instagram. Dans un message sur son&hellip;\n","protected":false},"author":2,"featured_media":138480,"comment_status":"","ping_status":"","sticky":false,"template":"","format":"standard","meta":{"footnotes":""},"categories":[1586],"tags":[11,10656,13643,891,1777,674,1779,1011,27,323,2440,8947,12,25,1778,364],"class_list":{"0":"post-138479","1":"post","2":"type-post","3":"status-publish","4":"format-standard","5":"has-post-thumbnail","7":"category-europe","8":"tag-actualites","9":"tag-android","10":"tag-autonomie","11":"tag-batterie","12":"tag-eu","13":"tag-europe","14":"tag-european-union","15":"tag-fr","16":"tag-france","17":"tag-google","18":"tag-instagram","19":"tag-mise-a-jour","20":"tag-news","21":"tag-republique-francaise","22":"tag-ue","23":"tag-union-europeenne"},"share_on_mastodon":{"url":"https:\/\/pubeurope.com\/@fr\/114595045295375642","error":""},"_links":{"self":[{"href":"https:\/\/www.europesays.com\/fr\/wp-json\/wp\/v2\/posts\/138479","targetHints":{"allow":["GET"]}}],"collection":[{"href":"https:\/\/www.europesays.com\/fr\/wp-json\/wp\/v2\/posts"}],"about":[{"href":"https:\/\/www.europesays.com\/fr\/wp-json\/wp\/v2\/types\/post"}],"author":[{"embeddable":true,"href":"https:\/\/www.europesays.com\/fr\/wp-json\/wp\/v2\/users\/2"}],"replies":[{"embeddable":true,"href":"https:\/\/www.europesays.com\/fr\/wp-json\/wp\/v2\/comments?post=138479"}],"version-history":[{"count":0,"href":"https:\/\/www.europesays.com\/fr\/wp-json\/wp\/v2\/posts\/138479\/revisions"}],"wp:featuredmedia":[{"embeddable":true,"href":"https:\/\/www.europesays.com\/fr\/wp-json\/wp\/v2\/media\/138480"}],"wp:attachment":[{"href":"https:\/\/www.europesays.com\/fr\/wp-json\/wp\/v2\/media?parent=138479"}],"wp:term":[{"taxonomy":"category","embeddable":true,"href":"https:\/\/www.europesays.com\/fr\/wp-json\/wp\/v2\/categories?post=138479"},{"taxonomy":"post_tag","embeddable":true,"href":"https:\/\/www.europesays.com\/fr\/wp-json\/wp\/v2\/tags?post=138479"}],"curies":[{"name":"wp","href":"https:\/\/api.w.org\/{rel}","templated":true}]}}