{"id":138491,"date":"2025-05-30T05:12:10","date_gmt":"2025-05-30T05:12:10","guid":{"rendered":"https:\/\/www.europesays.com\/fr\/138491\/"},"modified":"2025-05-30T05:12:10","modified_gmt":"2025-05-30T05:12:10","slug":"roland-garros-atp-wta-venus-williams-sur-joao-fonseca-quel-age-a-t-il-il-porte-encore-des-couches","status":"publish","type":"post","link":"https:\/\/www.europesays.com\/fr\/138491\/","title":{"rendered":"Roland Garros, ATP &#8211; WTA > Venus Williams sur Joao Fonseca : \u00ab\u00a0Quel \u00e2ge a-t-il ? Il porte encore des couches ?\u00a0\u00bb"},"content":{"rendered":"<p>Pr\u00e9sente ce jeudi \u00e0 Roland\u2010Garros o\u00f9 elle s\u2019est arr\u00eat\u00e9e au micro de la cha\u00eene am\u00e9ri\u00adcaine TNT, Venus Williams s\u2019est notam\u00adment exprim\u00e9e sur la p\u00e9pite, Joao Fonseca, fra\u00ee\u00adche\u00adment qualifi\u00e9 pour le troi\u00adsi\u00e8me tour \u00e0 seule\u00adment 18\u00a0ans.<\/p>\n<p>Impressionn\u00e9e par la pr\u00e9co\u00adcit\u00e9 du Br\u00e9silien, la soeur de Serena a fait un peu d\u2019humour.<\/p>\n<blockquote class=\"twitter-tweet\">\n<p lang=\"en\" dir=\"ltr\">Venus Williams spoke about Jo\u00e3o Fonseca on TNT\u2019s cove\u00adrage of Roland Garros\u00a0:<\/p>\n<p>\u201cIt\u2019s scary how good players are so young. Fonseca\u2026 how old is he\u202f? Is he still in diapers\u202f? \ud83d\ude02 I wish I was hitting like that at that age\u201d \u2764\ufe0f <a href=\"https:\/\/t.co\/lNgb2xRazK\" data-wpel-link=\"external\" target=\"_blank\" rel=\"nofollow external noopener\">pic.twitter.com\/lNgb2xRazK<\/a><\/p>\n<p>\u2014 The Tennis Letter (@TheTennisLetter) <a href=\"https:\/\/twitter.com\/TheTennisLetter\/status\/1928133796534030625?ref_src=twsrc%5Etfw\" data-wpel-link=\"external\" target=\"_blank\" rel=\"nofollow external noopener\">May 29,\u00a02025<\/a><\/p><\/blockquote>\n<p id=\"tw-target-text\"><strong>\u00ab\u202fC\u2019est effrayant de voir \u00e0 quel point les joueurs sont bons si jeunes. Fonseca\u2026 Quel \u00e2ge a\u2011t\u2010il\u202f? Il porte encore des couches\u202f? J\u2019aimerais bien frapper comme \u00e7a \u00e0 cet \u00e2ge\u2010l\u00e0.\u202f\u00bb<\/strong><\/p>\n<p class=\"post-published-date\" style=\"color: silver; font-size: 75%; text-align: left;\">Publi\u00e9 le jeudi 29 mai 2025 \u00e0 21:21<\/p>\n<p><script async src=\"https:\/\/platform.twitter.com\/widgets.js\" charset=\"utf-8\"><\/script><\/p>\n","protected":false},"excerpt":{"rendered":"Pr\u00e9sente ce jeudi \u00e0 Roland\u2010Garros o\u00f9 elle s\u2019est arr\u00eat\u00e9e au micro de la cha\u00eene am\u00e9ri\u00adcaine TNT, Venus Williams&hellip;\n","protected":false},"author":2,"featured_media":138492,"comment_status":"","ping_status":"","sticky":false,"template":"","format":"standard","meta":{"footnotes":""},"categories":[1415],"tags":[1011,27,2201,60,1467],"class_list":{"0":"post-138491","1":"post","2":"type-post","3":"status-publish","4":"format-standard","5":"has-post-thumbnail","7":"category-tennis","8":"tag-fr","9":"tag-france","10":"tag-serena-williams","11":"tag-sports","12":"tag-tennis"},"share_on_mastodon":{"url":"https:\/\/pubeurope.com\/@fr\/114595072762008636","error":""},"_links":{"self":[{"href":"https:\/\/www.europesays.com\/fr\/wp-json\/wp\/v2\/posts\/138491","targetHints":{"allow":["GET"]}}],"collection":[{"href":"https:\/\/www.europesays.com\/fr\/wp-json\/wp\/v2\/posts"}],"about":[{"href":"https:\/\/www.europesays.com\/fr\/wp-json\/wp\/v2\/types\/post"}],"author":[{"embeddable":true,"href":"https:\/\/www.europesays.com\/fr\/wp-json\/wp\/v2\/users\/2"}],"replies":[{"embeddable":true,"href":"https:\/\/www.europesays.com\/fr\/wp-json\/wp\/v2\/comments?post=138491"}],"version-history":[{"count":0,"href":"https:\/\/www.europesays.com\/fr\/wp-json\/wp\/v2\/posts\/138491\/revisions"}],"wp:featuredmedia":[{"embeddable":true,"href":"https:\/\/www.europesays.com\/fr\/wp-json\/wp\/v2\/media\/138492"}],"wp:attachment":[{"href":"https:\/\/www.europesays.com\/fr\/wp-json\/wp\/v2\/media?parent=138491"}],"wp:term":[{"taxonomy":"category","embeddable":true,"href":"https:\/\/www.europesays.com\/fr\/wp-json\/wp\/v2\/categories?post=138491"},{"taxonomy":"post_tag","embeddable":true,"href":"https:\/\/www.europesays.com\/fr\/wp-json\/wp\/v2\/tags?post=138491"}],"curies":[{"name":"wp","href":"https:\/\/api.w.org\/{rel}","templated":true}]}}