{"id":138505,"date":"2025-05-30T05:21:10","date_gmt":"2025-05-30T05:21:10","guid":{"rendered":"https:\/\/www.europesays.com\/fr\/138505\/"},"modified":"2025-05-30T05:21:10","modified_gmt":"2025-05-30T05:21:10","slug":"la-maniaquerie-de-jordan-bardella-revelee-dans-une-ambition-intime","status":"publish","type":"post","link":"https:\/\/www.europesays.com\/fr\/138505\/","title":{"rendered":"la maniaquerie de Jordan Bardella r\u00e9v\u00e9l\u00e9e dans \u00abUne ambition intime\u00bb"},"content":{"rendered":"<p>Le pr\u00e9sident du Rassemblement national est revenu sur son exp\u00e9rience dans l\u2019\u00e9mission pr\u00e9sent\u00e9e et produite par Karine Le Marchand.<\/p>\n<p class=\"fig-paragraph\"><a href=\"https:\/\/www.lefigaro.fr\/tag\/jordan-bardella\" target=\"_blank\" rel=\"noopener\" data-gtm-custom-categorie=\"navigation\" data-gtm-custom-action=\"crossclick\" data-gtm-custom-label=\"Contextuel\" data-gtm-event=\"customEventSPE\"><strong>Jordan Bardella<\/strong><\/a> \u00a0n\u2019a pas le go\u00fbt des confidences personnelles. Mis \u00e0 part dans son autobiographie intitul\u00e9e Ce que je cherche (Ed. Fayard), sortie en novembre dernier, le pr\u00e9sident du Rassemblement national ne s\u2019\u00e9tait jamais confi\u00e9.<\/p>\n<p class=\"fig-paragraph\">Il a pass\u00e9 le pas face \u00e0\u00a0<a href=\"https:\/\/www.lefigaro.fr\/tag\/karine-le-marchand\" target=\"_blank\" rel=\"noopener\" data-gtm-custom-categorie=\"navigation\" data-gtm-custom-action=\"crossclick\" data-gtm-custom-label=\"Contextuel\" data-gtm-event=\"customEventSPE\"><strong>Karine Le Marchand<\/strong><\/a> \u00a0dans l\u2019\u00e9mission\u00a0<a href=\"https:\/\/tvmag.lefigaro.fr\/programme-tv\/programme\/une-ambition-intime-d1482498338\" target=\"_blank\" rel=\"noopener\" data-gtm-custom-categorie=\"navigation\" data-gtm-custom-action=\"crossclick\" data-gtm-custom-label=\"Contextuel\" data-gtm-event=\"customEventSPE\">\u00abUne Ambition intime\u00bb<\/a>. La pr\u00e9sentatrice y interroge quatre dirigeants qu\u2019elle estime faire partie de \u00abla rel\u00e8ve\u00bb, sous-titre du programme diffus\u00e9 ce dimanche 1er juin \u00e0 21 h 10 sur M6. Jordan Bardella y partage l\u2019affiche avec\u00a0<a href=\"https:\/\/www.lefigaro.fr\/tag\/gerald-darmanin\" target=\"_blank\" rel=\"noopener\" data-gtm-custom-categorie=\"navigation\" data-gtm-custom-action=\"crossclick\" data-gtm-custom-label=\"Contextuel\" data-gtm-event=\"customEventSPE\">G\u00e9rald Darmanin<\/a>,\u00a0<a href=\"https:\/\/www.lefigaro.fr\/tag\/sandrine-rousseau\" target=\"_blank\" rel=\"noopener\" data-gtm-custom-categorie=\"navigation\" data-gtm-custom-action=\"crossclick\" data-gtm-custom-label=\"Contextuel\" data-gtm-event=\"customEventSPE\">Sandrine Rousseau<\/a>\u00a0et\u00a0<a href=\"https:\/\/www.lefigaro.fr\/tag\/fabien-roussel\" target=\"_blank\" rel=\"noopener\" data-gtm-custom-categorie=\"navigation\" data-gtm-custom-action=\"crossclick\" data-gtm-custom-label=\"Contextuel\" data-gtm-event=\"customEventSPE\">Fabien Roussel<\/a>.<\/p>\n<p class=\"fig-body-link\">\n            \u00c0 lire aussi<br \/>\n        <a class=\"fig-body-link__link fig-premium-mark\" href=\"http:\/\/tvmag.lefigaro.fr\/programme-tv\/actu-tele\/karine-le-marchand-je-suis-la-meme-avec-les-agriculteurs-qu-avec-les-politiques-je-ne-triche-pas-20250522\" target=\"_blank\" data-fig-type=\"Article\" rel=\"noopener\" data-gtm-custom-categorie=\"navigation\" data-gtm-custom-action=\"crossclick\" data-gtm-custom-label=\"Contextuel\" data-gtm-event=\"customEventSPE\" data-fig-domain=\"TVMAG\">Karine Le Marchand\u00a0: \u00abJe suis la m\u00eame avec les agriculteurs et les politiques, je ne triche pas\u00a0!\u00bb<br \/>\n    <\/a>\n<\/p>\n<p>R\u00e9humaniser la politique<\/p>\n<p class=\"fig-paragraph\">Car le jeune dirigeant, qui c\u00e9l\u00e9brera ses 30 ans le 13 septembre prochain, le sait\u00a0: donner un peu de soi et partager son quotidien avec les Fran\u00e7ais est d\u00e9sormais essentiel lorsque l\u2019on nourrit, comme lui, de grands desseins politiques. \u00ab Je pense qu\u2019\u00e0 un moment donn\u00e9, se livrer fait partie, dans le combat politique, du passage oblig\u00e9, nous a-t-il expliqu\u00e9 lors de la conf\u00e9rence de presse consacr\u00e9e au programme. Aujourd\u2019hui, les gens ont besoin de savoir \u00e0 qui ils font confiance. Et ce type d\u2019\u00e9mission permet cela\u00a0\u00bb.<\/p>\n<p class=\"fig-paragraph\">Celui qui consid\u00e8re que la politique d\u00e9shumanise a voulu d\u00e9voiler l\u2019homme qui se cache derri\u00e8re le politicien. \u00ab L\u2019id\u00e9e est de montrer aux gens que, derri\u00e8re les responsabilit\u00e9s, je reste un jeune homme de bient\u00f4t 30 ans, avec sa famille, sa vie personnelle, ses activit\u00e9s, son enfance\u00a0\u00bb, a-t-il encore expliqu\u00e9. \u00ab La force de Karine Le Marchand et de l\u2019\u00e9mission, c\u2019est d\u2019aller voir ce qu\u2019il y a derri\u00e8re les projets, et m\u00eame derri\u00e8re les plateaux t\u00e9l\u00e9 parce que, le plus difficile lorsqu\u2019on fait de la politique, c\u2019est d\u2019\u00eatre soi-m\u00eame parce que repr\u00e9sentez des id\u00e9es, un parti et parfois des millions de gens. L\u00e0, j\u2019ai eu la possibilit\u00e9 de r\u00e9pondre \u00e0 des questions qu\u2019on ne m\u2019avait jamais pos\u00e9es.\u00a0\u00bb<\/p>\n<p class=\"fig-body-link\">\n            \u00c0 lire aussi<br \/>\n        <a class=\"fig-body-link__link\" href=\"http:\/\/tvmag.lefigaro.fr\/programme-tv\/actu-tele\/une-ambition-intime-on-a-vu-les-premieres-images-avec-jordan-bardella-gerald-darmanin-sandrine-rousseau-et-fabien-roussel-20250512\" target=\"_blank\" data-fig-type=\"Article\" rel=\"noopener\" data-gtm-custom-categorie=\"navigation\" data-gtm-custom-action=\"crossclick\" data-gtm-custom-label=\"Contextuel\" data-gtm-event=\"customEventSPE\" data-fig-domain=\"TVMAG\">\u00abUne ambition intime\u00bb\u00a0: on a vu les premi\u00e8res images avec Bardella, Rousseau, Darmanin et Roussel<br \/>\n    <\/a>\n<\/p>\n<p>Sa m\u00e8re t\u00e9moigne de dos avec une perruque<\/p>\n<p class=\"fig-paragraph\">Mais s\u2019il a accept\u00e9 de participer au programme, Jordan Bardella a quand m\u00eame pos\u00e9 certaines limites. Il a ainsi refus\u00e9 que les cam\u00e9ras filment chez lui. \u00ab C\u2019est un peu le dernier espace de libert\u00e9 qui vous reste quand vous faites de la politique et j\u2019avais envie de le pr\u00e9server\u00a0\u00bb, confiait-il. Le tournage a donc eu lieu, le 8 f\u00e9vrier dernier, dans un appartement parisien choisi par la production selon les go\u00fbts de l\u2019homme politique en la mati\u00e8re, \u00e0 savoir sobre et masculin.<\/p>\n<p class=\"fig-paragraph\">Le dirigeant ne voulait pas non plus que ses parents t\u00e9moignent. Karine Le Marchand et ses \u00e9quipes ont finalement convaincu ces derniers de participer au documentaire. S\u00e9par\u00e9s lorsque leur fils \u00e9tait \u00e2g\u00e9 d\u2019un an et demi &#8211; \u00ab Je ne les ai jamais connus ensemble\u00a0\u00bb, a-t-il pr\u00e9cis\u00e9 &#8211; ils se confient chacun \u00e0 leur mani\u00e8re\u00a0: le p\u00e8re \u00e0 visage d\u00e9couvert et face \u00e0 la cam\u00e9ra et la m\u00e8re de dos avec une perruque.<\/p>\n<p class=\"fig-body-link\">\n            \u00c0 lire aussi<br \/>\n        <a class=\"fig-body-link__link\" href=\"http:\/\/tvmag.lefigaro.fr\/programme-tv\/actu-tele\/l-amour-est-dans-le-pre-karine-le-marchand-lance-un-appel-pour-un-agriculteur-qui-n-a-pas-recu-de-lettres-20250520\" target=\"_blank\" data-fig-type=\"Article\" rel=\"noopener\" data-gtm-custom-categorie=\"navigation\" data-gtm-custom-action=\"crossclick\" data-gtm-custom-label=\"Contextuel\" data-gtm-event=\"customEventSPE\" data-fig-domain=\"TVMAG\">\u00abL\u2019amour est dans le pr\u00e9\u00bb\u00a0: Karine Le\u00a0Marchand lance un appel pour un agriculteur qui n\u2019a pas re\u00e7u de lettres<br \/>\n    <\/a>\n<\/p>\n<p class=\"fig-paragraph\">Des pr\u00e9cautions que Jordan Bardella a justifi\u00e9es. \u00ab Ma m\u00e8re habite encore dans la cit\u00e9 dans laquelle j\u2019ai grandi. Elle a la retraite depuis quelques semaines. Mais pour se prot\u00e9ger, elle a accept\u00e9 de le faire de dos avec une perruque. Mon p\u00e8re \u00e9tait un peu plus t\u00e9m\u00e9raire. Je trouve d\u2019ailleurs qu\u2019il parle tr\u00e8s bien, je l\u2019ai d\u00e9couvert\u00a0\u00bb.\u00a0<\/p>\n<p class=\"fig-paragraph\">\u00ab Je les pr\u00e9pare parce que c\u2019est la premi\u00e8re fois qu\u2019ils s\u2019exposent. Quand, du jour au lendemain, vous retrouvez \u00e0 passer \u00e0 la t\u00e9l\u00e9vision devant des millions et des millions de gens&#8230; c\u2019est compliqu\u00e9. Je sais pas du tout comment ils vont vivre \u00e7a. Je pense que je vais les rassembler pour la diffusion\u00a0\u00bb, a-t-il encore racont\u00e9.<\/p>\n<p class=\"fig-body-link\">\n            \u00c0 lire aussi<br \/>\n        <a class=\"fig-body-link__link\" href=\"http:\/\/tvmag.lefigaro.fr\/programme-tv\/actu-tele\/karine-le-marchand-annonce-le-retour-d-une-ambition-intime-avec-gerald-darmanin-jordan-bardella-fabien-roussel-et-sandrine-rousseau-20231130\" target=\"_blank\" data-fig-type=\"Article\" rel=\"noopener\" data-gtm-custom-categorie=\"navigation\" data-gtm-custom-action=\"crossclick\" data-gtm-custom-label=\"Contextuel\" data-gtm-event=\"customEventSPE\" data-fig-domain=\"TVMAG\">Karine Le Marchand annonce le retour d\u2019\u00abUne ambition intime\u00bb avec G\u00e9rald Darmanin, Jordan Bardella, Fabien Roussel et Sandrine Rousseau<br \/>\n    <\/a>\n<\/p>\n<p>Chiffonnette et produit nettoyant<\/p>\n<p class=\"fig-paragraph\">Outre ses parents, des amis proches mais aussi\u00a0<a href=\"https:\/\/www.lefigaro.fr\/tag\/marine-le-pen\" target=\"_blank\" rel=\"noopener\" data-gtm-custom-categorie=\"navigation\" data-gtm-custom-action=\"crossclick\" data-gtm-custom-label=\"Contextuel\" data-gtm-event=\"customEventSPE\">Marine Le Pen<\/a>\u00a0ont accept\u00e9 de parler dans le documentaire. Cette derni\u00e8re a, par le pass\u00e9, particip\u00e9 deux fois \u00e0 \u00abUne ambition intime\u00bb et a enjoint son jeune acolyte \u00e0 faire de m\u00eame. \u00ab Je lui en ai parl\u00e9 et elle m\u2019a tout de suite dit \u201cVas-y, fais-le\u201d, s\u2019est-il souvenu. Je pense que pour elle, il y a vraiment eu un avant et un apr\u00e8s en 2017. Je ne sais pas si \u00e7a a chang\u00e9 des choses \u00e9lectoralement parlant, mais il y a toujours des moments que l\u2019on retient dans une campagne. Et c\u2019est vrai qu\u2019en termes d\u2019images, peut-\u00eatre qu\u2019on a pu mieux la comprendre\u00a0\u00bb.<\/p>\n<p class=\"fig-paragraph\">L\u2019ancienne pr\u00e9sidente du Front national, tout comme ses proches, t\u00e9moigne dans le film de l\u2019un des tocs de Jordan Bardella\u00a0: sa maniaquerie, pr\u00e9cisant que, chez lui \u00ab on peut manger par terre\u00a0\u00bb. Sa m\u00e8re en remet une couche en expliquant qu\u2019il faut enlever ses chaussures lorsqu\u2019on s\u2019invite chez lui tandis qu\u2019une coll\u00e8gue pr\u00e9cise qu\u2019il a toujours une chiffonnette et du produit nettoyant au cas o\u00f9&#8230; Un amour maladif de la propret\u00e9 que l\u2019int\u00e9ress\u00e9 n\u2019assume pas vraiment. \u00ab Ils se sont donn\u00e9 le mot\u00a0! Ils sont excessifs\u00a0\u00bb, s\u2019agace-t-il dans le film. \u00ab Je ne suis pas maniaque, j\u2019aime bien quand c\u2019est propre\u00a0\u00bb, a-t-il ajout\u00e9 lors de la conf\u00e9rence de presse.<\/p>\n<p class=\"fig-body-link\">\n            \u00c0 lire aussi<br \/>\n        <a class=\"fig-body-link__link fig-premium-mark\" href=\"http:\/\/www.lefigaro.fr\/actualite-france\/entre-marine-le-pen-et-jordan-bardella-l-inconfortable-cohabitation-20250514\" target=\"_blank\" data-fig-type=\"Article\" rel=\"noopener\" data-gtm-custom-categorie=\"navigation\" data-gtm-custom-action=\"crossclick\" data-gtm-custom-label=\"Contextuel\" data-gtm-event=\"customEventSPE\" data-fig-domain=\"LEFIGARO\">Entre Marine Le Pen et Jordan Bardella, l\u2019inconfortable cohabitation<br \/>\n    <\/a>\n<\/p>\n<p>Des r\u00e9ponses aux questions et aux rumeurs<\/p>\n<p class=\"fig-paragraph\">L\u2019entretien avec Karine Le Marchand a \u00e9t\u00e9 un moment peu \u00e9vident pour Jordan Bardella qui r\u00e9pugne g\u00e9n\u00e9ralement \u00e0 parler de lui. \u00ab Comme j\u2019ai commenc\u00e9 la politique tr\u00e8s jeune, j\u2019ai appris \u00e0 me prot\u00e9ger tr\u00e8s t\u00f4t. Et, pour moi, laisser rentrer une \u00e9quipe de t\u00e9l\u00e9vision dans un espace personnel, celui de mes parents, celui de mon enfance, ce n\u2019est pas aussi \u00e9vident que d\u2019aller faire une matinale sur RTL ou sur Europe 1\u00a0\u00bb, d\u00e9taille-t-il.<\/p>\n<p class=\"fig-paragraph\">Il n\u2019a toutefois donn\u00e9 aucune condition ni interdit aucune question. Karine Le Marchand aborde donc tout, y compris les rumeurs sur son homosexualit\u00e9. \u00ab J\u2019ai r\u00e9pondu \u00e0 toutes les questions. \u00c0 partir du moment o\u00f9 j\u2019avais le sentiment que ce que je pouvais dire serait trait\u00e9 normalement et honn\u00eatement, je n\u2019ai eu aucune difficult\u00e9\u00a0\u00bb, pr\u00e9cise-t-il.<\/p>\n<p class=\"fig-paragraph\">La dur\u00e9e de l\u2019entretien, qui s\u2019est poursuivi pendant cinq longues heures, a jou\u00e9 dans le l\u00e2cher-prise de l\u2019homme politique. \u00ab Nous savions tous les deux que la premi\u00e8re heure serait tr\u00e8s convenue et qu\u2019on n\u2019en tirait pas grand-chose, d\u00e9bute-t-il. Les moments les plus sinc\u00e8res o\u00f9 on oublie les cam\u00e9ras sont arriv\u00e9s plus tard. Je trouve cela parfaitement sain de se livrer, on se prot\u00e8ge tellement. \u00c0 la t\u00e9l\u00e9vision, on a tr\u00e8s peu l\u2019occasion de conna\u00eetre la personnalit\u00e9 de gens qui peuvent potentiellement d\u00e9cider du destin de millions de Fran\u00e7ais.\u00a0\u00bb<\/p>\n<p>\u00ab\u00c0 un moment donn\u00e9, vous fendez l\u2019armure\u00bb<\/p>\n<p class=\"fig-paragraph\">Le jeune homme a m\u00eame laiss\u00e9 couler une discr\u00e8te larme apr\u00e8s la d\u00e9claration touchante de ses parents clamant leur fiert\u00e9 vis-\u00e0-vis de leur fils unique. \u00ab C\u2019est normal, parce qu\u2019on aborde des choses personnelles, des moments de joie ou des instants douloureux. Et quand vous parlez de tout \u00e7a pendant 4 h 30, \u00e0 un moment donn\u00e9, vous fendez l\u2019armure\u00a0\u00bb, d\u00e9clare-t-il.<\/p>\n<p class=\"fig-paragraph\">Et Jordan Bardella a, contre toute attente, a trouv\u00e9 son compte dans cet exercice de confidences. \u00ab \u00c7a fait du bien, a-t-il admis. C\u2019est un peu comme une s\u00e9ance de psy. Vous r\u00e9fl\u00e9chissez \u00e0 la mani\u00e8re de mettre des mots sur ce que vous pouvez ressentir, que vous ne faites pas 99% du temps. Je pense que quand vous \u00eates livr\u00e9, apr\u00e8s, vous avez beaucoup plus de recul sur les choses\u00a0\u00bb, a-t-il pr\u00e9cis\u00e9.<\/p>\n<p class=\"fig-paragraph\">M\u00eame si l\u2019\u00e9mission semble \u00eatre un formidable atout de communication pour l\u2019ensemble des dirigeants politiques qui y participent, Jordan Bardella se d\u00e9fend de cela\u00a0: \u00abJe n\u2019ai pas eu besoin de l\u2019\u00e9mission pour faire 37% des voix aux \u00e9lections l\u00e9gislatives. Donc, voir un lien entre une \u00e9mission qui pourrait en fait me rendre mainstream&#8230; Je pense qu\u2019il n\u2019y a pas besoin de l\u2019\u00e9mission pour faire que les gens votent Rassemblement National\u00a0\u00bb, a-t-il conclu.<\/p>\n","protected":false},"excerpt":{"rendered":"Le pr\u00e9sident du Rassemblement national est revenu sur son exp\u00e9rience dans l\u2019\u00e9mission pr\u00e9sent\u00e9e et produite par Karine Le&hellip;\n","protected":false},"author":2,"featured_media":138506,"comment_status":"","ping_status":"","sticky":false,"template":"","format":"standard","meta":{"footnotes":""},"categories":[1356],"tags":[497,496,499,58,59,1011,27,1077,5413,494,500,504,505,495,503,502,501,252,1364,498],"class_list":{"0":"post-138505","1":"post","2":"type-post","3":"status-publish","4":"format-standard","5":"has-post-thumbnail","7":"category-television","8":"tag-actu-tv","9":"tag-actualite-tv","10":"tag-buzz-tv","11":"tag-divertissement","12":"tag-entertainment","13":"tag-fr","14":"tag-france","15":"tag-jordan-bardella","16":"tag-karine-le-marchand","17":"tag-m6","18":"tag-medias","19":"tag-news-tele","20":"tag-news-television","21":"tag-news-tv","22":"tag-programme-tele","23":"tag-programme-tv","24":"tag-quiz-tv","25":"tag-television","26":"tag-tv","27":"tag-tv-actu"},"share_on_mastodon":{"url":"https:\/\/pubeurope.com\/@fr\/114595108324584759","error":""},"_links":{"self":[{"href":"https:\/\/www.europesays.com\/fr\/wp-json\/wp\/v2\/posts\/138505","targetHints":{"allow":["GET"]}}],"collection":[{"href":"https:\/\/www.europesays.com\/fr\/wp-json\/wp\/v2\/posts"}],"about":[{"href":"https:\/\/www.europesays.com\/fr\/wp-json\/wp\/v2\/types\/post"}],"author":[{"embeddable":true,"href":"https:\/\/www.europesays.com\/fr\/wp-json\/wp\/v2\/users\/2"}],"replies":[{"embeddable":true,"href":"https:\/\/www.europesays.com\/fr\/wp-json\/wp\/v2\/comments?post=138505"}],"version-history":[{"count":0,"href":"https:\/\/www.europesays.com\/fr\/wp-json\/wp\/v2\/posts\/138505\/revisions"}],"wp:featuredmedia":[{"embeddable":true,"href":"https:\/\/www.europesays.com\/fr\/wp-json\/wp\/v2\/media\/138506"}],"wp:attachment":[{"href":"https:\/\/www.europesays.com\/fr\/wp-json\/wp\/v2\/media?parent=138505"}],"wp:term":[{"taxonomy":"category","embeddable":true,"href":"https:\/\/www.europesays.com\/fr\/wp-json\/wp\/v2\/categories?post=138505"},{"taxonomy":"post_tag","embeddable":true,"href":"https:\/\/www.europesays.com\/fr\/wp-json\/wp\/v2\/tags?post=138505"}],"curies":[{"name":"wp","href":"https:\/\/api.w.org\/{rel}","templated":true}]}}