{"id":138524,"date":"2025-05-30T05:32:11","date_gmt":"2025-05-30T05:32:11","guid":{"rendered":"https:\/\/www.europesays.com\/fr\/138524\/"},"modified":"2025-05-30T05:32:11","modified_gmt":"2025-05-30T05:32:11","slug":"saint-chamond-ladjointe-aline-mouseghian-critiquee-pour-son-soutien-au-projet-de-cultura-a-villars","status":"publish","type":"post","link":"https:\/\/www.europesays.com\/fr\/138524\/","title":{"rendered":"Saint-Chamond. L\u2019adjointe Aline Mouseghian critiqu\u00e9e pour son soutien au projet de Cultura \u00e0 Villars"},"content":{"rendered":"<p>L\u2019implantation \u00e9ventuelle de l\u2019enseigne Cultura, g\u00e9ant du livre et du loisir cr\u00e9atif, sur la commune de Villars, cr\u00e9\u00e9e des remous depuis plusieurs mois. Et si <a href=\"https:\/\/www.leprogres.fr\/economie\/2025\/03\/02\/concurrence-emplois-offre-culturelle-cultura-defend-son-projet\" target=\"_blank\" rel=\"noopener\">le projet a \u00e9t\u00e9 rejet\u00e9 par la Commission d\u00e9partementale d\u2019am\u00e9nagement commercial<\/a> (CDAC) le 11\u00a0mars dernier, le sujet s\u2019est tout de m\u00eame invit\u00e9 au conseil municipal de Saint-Chamond le 15\u00a0avril.<\/p>\n<p>En effet, parmi les membres de cette CDAC \u00e0 avoir vot\u00e9 en faveur de l\u2019arriv\u00e9e de Cultura, figure une repr\u00e9sentante de la R\u00e9gion qui n\u2019est autre qu\u2019Aline Mouseghian, adjointe au maire en charge de l\u2019\u00e9conomie \u00e0 Saint-Chamond.<\/p>\n<p>\u00ab\u00a0L\u2019arriv\u00e9e de Cultura va fragiliser les librairies ind\u00e9pendantes de Loire sud\u00a0\u00bb<\/p>\n<p>\u00ab\u00a0J\u2019aimerais vous mettre face \u00e0 vos contradictions\u00a0\u00bb, a attaqu\u00e9 St\u00e9phanie Calaciura. L\u2019ex-adjointe au commerce (pass\u00e9e dans l\u2019opposition) a profit\u00e9 d\u2019une d\u00e9lib\u00e9ration concernant un soutien de la Ville aux commerces pour \u00e9voquer Cultura en s\u2019adressant \u00e0 son successeur, Alexandre Cigna\u00a0: \u00ab\u00a0Vous qui \u00eates nouvel \u00e9lu au commerce, est-ce que vous&#8230;<\/p>\n","protected":false},"excerpt":{"rendered":"L\u2019implantation \u00e9ventuelle de l\u2019enseigne Cultura, g\u00e9ant du livre et du loisir cr\u00e9atif, sur la commune de Villars, cr\u00e9\u00e9e&hellip;\n","protected":false},"author":2,"featured_media":138525,"comment_status":"","ping_status":"","sticky":false,"template":"","format":"standard","meta":{"footnotes":""},"categories":[9653],"tags":[1111,11,2430,4406,1984,33,7539,1777,674,1011,27,6319,12,316,2922,25,9669,9670,4001,216],"class_list":{"0":"post-138524","1":"post","2":"type-post","3":"status-publish","4":"format-standard","5":"has-post-thumbnail","7":"category-saint-etienne","8":"tag-actu","9":"tag-actualites","10":"tag-auvergne-rhone-alpes","11":"tag-commerce-et-services","12":"tag-conseil-municipal","13":"tag-economie","14":"tag-edition-loire-sud","15":"tag-eu","16":"tag-europe","17":"tag-fr","18":"tag-france","19":"tag-les-republicains","20":"tag-news","21":"tag-politique","22":"tag-pouvoir-dachat","23":"tag-republique-francaise","24":"tag-saint-chamond","25":"tag-saint-chamond-ville","26":"tag-saint-etienne","27":"tag-vie-des-entreprises"},"share_on_mastodon":{"url":"https:\/\/pubeurope.com\/@fr\/114595151425325969","error":""},"_links":{"self":[{"href":"https:\/\/www.europesays.com\/fr\/wp-json\/wp\/v2\/posts\/138524","targetHints":{"allow":["GET"]}}],"collection":[{"href":"https:\/\/www.europesays.com\/fr\/wp-json\/wp\/v2\/posts"}],"about":[{"href":"https:\/\/www.europesays.com\/fr\/wp-json\/wp\/v2\/types\/post"}],"author":[{"embeddable":true,"href":"https:\/\/www.europesays.com\/fr\/wp-json\/wp\/v2\/users\/2"}],"replies":[{"embeddable":true,"href":"https:\/\/www.europesays.com\/fr\/wp-json\/wp\/v2\/comments?post=138524"}],"version-history":[{"count":0,"href":"https:\/\/www.europesays.com\/fr\/wp-json\/wp\/v2\/posts\/138524\/revisions"}],"wp:featuredmedia":[{"embeddable":true,"href":"https:\/\/www.europesays.com\/fr\/wp-json\/wp\/v2\/media\/138525"}],"wp:attachment":[{"href":"https:\/\/www.europesays.com\/fr\/wp-json\/wp\/v2\/media?parent=138524"}],"wp:term":[{"taxonomy":"category","embeddable":true,"href":"https:\/\/www.europesays.com\/fr\/wp-json\/wp\/v2\/categories?post=138524"},{"taxonomy":"post_tag","embeddable":true,"href":"https:\/\/www.europesays.com\/fr\/wp-json\/wp\/v2\/tags?post=138524"}],"curies":[{"name":"wp","href":"https:\/\/api.w.org\/{rel}","templated":true}]}}