{"id":138526,"date":"2025-05-30T05:33:11","date_gmt":"2025-05-30T05:33:11","guid":{"rendered":"https:\/\/www.europesays.com\/fr\/138526\/"},"modified":"2025-05-30T05:33:11","modified_gmt":"2025-05-30T05:33:11","slug":"deux-femmes-prennent-la-tete-de-lassociation","status":"publish","type":"post","link":"https:\/\/www.europesays.com\/fr\/138526\/","title":{"rendered":"deux femmes prennent la t\u00eate de l\u2019association"},"content":{"rendered":"<p>French Tech Saint-\u00c9tienne Lyon : deux femmes entrepreneurs prennent la t\u00eate de l\u2019association &#8211; DR<\/p>\n<p itemprop=\"description\"><strong>Maud Charaf et Denise Hoblingre sont les nouvelles co-pr\u00e9sidentes de la French Tech Lyon-Saint-\u00c9tienne.<\/strong><\/p>\n<p>Ce mardi 27 mai, la French Tech Saint-\u00c9tienne Lyon a pris un nouveau tournant. L\u2019association, qui s\u2019occupe de pr\u00e8s de 600 start-ups lyonnaises et st\u00e9phanoises, vient d\u2019\u00e9lire un nouveau duo \u00e0 la gouvernance.<\/p>\n<p>Maud Charaf, directrice du Hub612, et Denise Hoblingre, CEO de Keranova, une entreprise d\u2019\u00e9quipements chirurgicaux ophtalmiques, succ\u00e8dent au duo \u00c9milie Legoff-Marc Chassaub\u00e9n\u00e9.<\/p>\n<p>Dans la foul\u00e9e, les adh\u00e9rents ont \u00e9lu un nouveau conseil d\u2019administration et un bureau, avec l\u2019ajout de 20 nouveaux membres.<\/p>\n<p>Les nouvelles co-pr\u00e9sidentes annoncent \u00ab\u00a0une feuille de route ambitieuse pour soutenir l\u2019innovation, renforcer l\u2019acc\u00e8s au financement et d\u00e9velopper les opportunit\u00e9s business pour les startups de Lyon et Saint-\u00c9tienne. Une nouvelle gouvernance avec un m\u00eame objectif : continuer de faire de la French Tech Saint-Etienne Lyon l\u2019association incontournable pour les entreprises innovantes du territoire Saint-Etienne Lyon\u00a0\u00bb.<\/p>\n<p>French Tech Saint-Etienne Lyon favorise la cr\u00e9ation, la croissance et l\u2019internationalisation des entreprises innovantes de Lyon et de Saint-\u00c9tienne.<\/p>\n","protected":false},"excerpt":{"rendered":"French Tech Saint-\u00c9tienne Lyon : deux femmes entrepreneurs prennent la t\u00eate de l\u2019association &#8211; DR Maud Charaf et&hellip;\n","protected":false},"author":2,"featured_media":138527,"comment_status":"","ping_status":"","sticky":false,"template":"","format":"standard","meta":{"footnotes":""},"categories":[9653],"tags":[1111,11,2813,2190,2430,1109,251,1112,2811,1777,674,118,1011,27,1922,1110,1114,2428,2810,12,241,316,25,4001,2812,517,800],"class_list":{"0":"post-138526","1":"post","2":"type-post","3":"status-publish","4":"format-standard","5":"has-post-thumbnail","7":"category-saint-etienne","8":"tag-actu","9":"tag-actualites","10":"tag-article","11":"tag-asvel","12":"tag-auvergne-rhone-alpes","13":"tag-breves","14":"tag-culture","15":"tag-depeches","16":"tag-economique","17":"tag-eu","18":"tag-europe","19":"tag-faits-divers","20":"tag-fr","21":"tag-france","22":"tag-info","23":"tag-informations","24":"tag-infos","25":"tag-lyon","26":"tag-lyonmag","27":"tag-news","28":"tag-ol","29":"tag-politique","30":"tag-republique-francaise","31":"tag-saint-etienne","32":"tag-sociale","33":"tag-sport","34":"tag-transports"},"share_on_mastodon":{"url":"https:\/\/pubeurope.com\/@fr\/114595155444047805","error":""},"_links":{"self":[{"href":"https:\/\/www.europesays.com\/fr\/wp-json\/wp\/v2\/posts\/138526","targetHints":{"allow":["GET"]}}],"collection":[{"href":"https:\/\/www.europesays.com\/fr\/wp-json\/wp\/v2\/posts"}],"about":[{"href":"https:\/\/www.europesays.com\/fr\/wp-json\/wp\/v2\/types\/post"}],"author":[{"embeddable":true,"href":"https:\/\/www.europesays.com\/fr\/wp-json\/wp\/v2\/users\/2"}],"replies":[{"embeddable":true,"href":"https:\/\/www.europesays.com\/fr\/wp-json\/wp\/v2\/comments?post=138526"}],"version-history":[{"count":0,"href":"https:\/\/www.europesays.com\/fr\/wp-json\/wp\/v2\/posts\/138526\/revisions"}],"wp:featuredmedia":[{"embeddable":true,"href":"https:\/\/www.europesays.com\/fr\/wp-json\/wp\/v2\/media\/138527"}],"wp:attachment":[{"href":"https:\/\/www.europesays.com\/fr\/wp-json\/wp\/v2\/media?parent=138526"}],"wp:term":[{"taxonomy":"category","embeddable":true,"href":"https:\/\/www.europesays.com\/fr\/wp-json\/wp\/v2\/categories?post=138526"},{"taxonomy":"post_tag","embeddable":true,"href":"https:\/\/www.europesays.com\/fr\/wp-json\/wp\/v2\/tags?post=138526"}],"curies":[{"name":"wp","href":"https:\/\/api.w.org\/{rel}","templated":true}]}}