{"id":138528,"date":"2025-05-30T05:34:42","date_gmt":"2025-05-30T05:34:42","guid":{"rendered":"https:\/\/www.europesays.com\/fr\/138528\/"},"modified":"2025-05-30T05:34:42","modified_gmt":"2025-05-30T05:34:42","slug":"le-savez-vous-du-jour-savez-vous-quel-est-le-batiment-le-plus-haut-de-nancy-apres-la-tour-thiers","status":"publish","type":"post","link":"https:\/\/www.europesays.com\/fr\/138528\/","title":{"rendered":"Le \u00ab\u00a0savez-vous\u00a0\u00bb du jour. Savez-vous quel est le b\u00e2timent le plus haut de Nancy, apr\u00e8s la tour Thiers\u00a0?"},"content":{"rendered":"<p>Dans le paysage urbain de Nancy, un \u00e9difice religieux rivalise avec les constructions modernes par sa hauteur impressionnante, m\u00eame si le visiteur ne pense pas toute de suite \u00e0 lui. Il s\u2019agit <a href=\"https:\/\/www.estrepublicain.fr\/culture-loisirs\/2021\/04\/13\/savez-vous-quelle-est-l-origine-(controversee)-de-la-basilique-saint-epvre\" target=\"_blank\" rel=\"noopener\">de la basilique Saint-Epvre<\/a> (1874), qui s\u2019\u00e9l\u00e8ve \u00e0 87 m\u00e8tres de haut. On est loin de la tour Thiers, construite un si\u00e8cle plus tard, et ses 120 m\u00e8tres, mais \u00e7a suffit.<\/p>\n<p>Le top 5 de la ville voit d\u2019ailleurs la pr\u00e9sence de rien moins que trois \u00e9difices religieux\u00a0: Notre-Dame-de-Lourdes (1925) atteint les 84 m\u00e8tres et la cath\u00e9drale, Notre-Dame-de-l\u2019Annonciation, dat\u00e9e de 1742, les 78 m\u00e8tres.<\/p>\n<p>Elle est battue de deux m\u00e8tres par la tour Joffre (1963): 80 m\u00e8tres.<\/p>\n<p>Pour l\u2019anecdote, la tour de l\u2019\u00c9toile, dans le quartier de la caserne de gendarmerie, est \u00e0 69 m\u00e8tres et les tours du Saint-S\u00e9bastien mesurent 60 m\u00e8tres.<\/p>\n","protected":false},"excerpt":{"rendered":"Dans le paysage urbain de Nancy, un \u00e9difice religieux rivalise avec les constructions modernes par sa hauteur impressionnante,&hellip;\n","protected":false},"author":2,"featured_media":138529,"comment_status":"","ping_status":"","sticky":false,"template":"","format":"standard","meta":{"footnotes":""},"categories":[9635],"tags":[1111,11,1687,1707,1704,1706,1705,1777,674,1011,27,775,1757,1702,1703,12,2661,25],"class_list":{"0":"post-138528","1":"post","2":"type-post","3":"status-publish","4":"format-standard","5":"has-post-thumbnail","7":"category-nancy","8":"tag-actu","9":"tag-actualites","10":"tag-culture-loisirs","11":"tag-edition-luneville","12":"tag-edition-nancy-et-agglomeration","13":"tag-edition-pont-a-mousson","14":"tag-edition-toul","15":"tag-eu","16":"tag-europe","17":"tag-fr","18":"tag-france","19":"tag-grand-est","20":"tag-insolite","21":"tag-nancy","22":"tag-nancy-ville-54b","23":"tag-news","24":"tag-patrimoine-culturel","25":"tag-republique-francaise"},"share_on_mastodon":{"url":"https:\/\/pubeurope.com\/@fr\/114595159550512470","error":""},"_links":{"self":[{"href":"https:\/\/www.europesays.com\/fr\/wp-json\/wp\/v2\/posts\/138528","targetHints":{"allow":["GET"]}}],"collection":[{"href":"https:\/\/www.europesays.com\/fr\/wp-json\/wp\/v2\/posts"}],"about":[{"href":"https:\/\/www.europesays.com\/fr\/wp-json\/wp\/v2\/types\/post"}],"author":[{"embeddable":true,"href":"https:\/\/www.europesays.com\/fr\/wp-json\/wp\/v2\/users\/2"}],"replies":[{"embeddable":true,"href":"https:\/\/www.europesays.com\/fr\/wp-json\/wp\/v2\/comments?post=138528"}],"version-history":[{"count":0,"href":"https:\/\/www.europesays.com\/fr\/wp-json\/wp\/v2\/posts\/138528\/revisions"}],"wp:featuredmedia":[{"embeddable":true,"href":"https:\/\/www.europesays.com\/fr\/wp-json\/wp\/v2\/media\/138529"}],"wp:attachment":[{"href":"https:\/\/www.europesays.com\/fr\/wp-json\/wp\/v2\/media?parent=138528"}],"wp:term":[{"taxonomy":"category","embeddable":true,"href":"https:\/\/www.europesays.com\/fr\/wp-json\/wp\/v2\/categories?post=138528"},{"taxonomy":"post_tag","embeddable":true,"href":"https:\/\/www.europesays.com\/fr\/wp-json\/wp\/v2\/tags?post=138528"}],"curies":[{"name":"wp","href":"https:\/\/api.w.org\/{rel}","templated":true}]}}