{"id":138532,"date":"2025-05-30T05:36:14","date_gmt":"2025-05-30T05:36:14","guid":{"rendered":"https:\/\/www.europesays.com\/fr\/138532\/"},"modified":"2025-05-30T05:36:14","modified_gmt":"2025-05-30T05:36:14","slug":"des-departs-et-arrivees-marquantes-de-nouvelles-enseignes-vont-debarquer-au-centre-commercial-lavenue-83","status":"publish","type":"post","link":"https:\/\/www.europesays.com\/fr\/138532\/","title":{"rendered":"Des d\u00e9parts et arriv\u00e9es marquantes: de nouvelles enseignes vont d\u00e9barquer au centre commercial L&rsquo;Avenue 83"},"content":{"rendered":"<p>\u00c7a bouge, du c\u00f4t\u00e9 de L\u2019Avenue 83! \u00c0 l\u2019approche de son 10e anniversaire, le centre commercial entame un nouveau virage avec des d\u00e9parts et des arriv\u00e9es marquantes, pour s\u00e9duire toujours plus de visiteurs.<\/p>\n<p>\u00ab\u00a0Certaines enseignes ont souffert post-Covid et n\u2019ont pas surv\u00e9cu. Mais cela fait partie de la vie d\u2019un centre commercial\u00a0\u00bb, explique Michel Adamo, le directeur. Des fermetures qui vont laisser place \u00e0 un renouveau.<\/p>\n<p><strong>Des propositions vari\u00e9es pour la restauration<\/strong><\/p>\n<p>C\u00f4t\u00e9 restauration, Factory &amp; Co tire sa r\u00e9v\u00e9rence apr\u00e8s moins de deux ans d\u2019exploitation. Il sera remplac\u00e9 par une enseigne de cr\u00eapes. \u00c0 proximit\u00e9, Popeyes, la c\u00e9l\u00e8bre cha\u00eene sp\u00e9cialis\u00e9e dans le poulet, investira les anciens locaux du Taj et de Subway, juste \u00e0 c\u00f4t\u00e9 de Pokawa.<\/p>\n<p>Chez le Brasseur, voisin de l\u2019ancienne Beef House (qui a ferm\u00e9), agrandira son espace pour y cr\u00e9er Durant la Joie, un tout nouveau restaurant de cuisine m\u00e9diterran\u00e9enne.<\/p>\n<p>Et ce n\u2019est pas tout. La cha\u00eene de burgers Gomu, en vogue \u00e0 Paris, fera son entr\u00e9e dans le Var fin 2025, juste \u00e0 c\u00f4t\u00e9 du cin\u00e9ma. Une premi\u00e8re dans la r\u00e9gion, qui promet de ravir les papilles des amateurs de bons burgers.<\/p>\n<p>Autre nouveaut\u00e9: le remplacement de Mini World par La T\u00eate dans les nuages, un centre de loisirs familial attendu pour le 18 octobre. Au programme: jeux pour enfants, salle de gaming et espace pour ados. De quoi redonner vie \u00e0 la place centrale et relancer les entr\u00e9es au cin\u00e9ma.<\/p>\n<p>C\u00f4t\u00e9 boutiques, The Body Shop c\u00e8de sa place \u00e0 Passage du D\u00e9sir, une enseigne plut\u00f4t r\u00e9serv\u00e9e aux adultes, alors que Mobicity (v\u00e9los \u00e9lectriques) va laisser place \u00e0 un magasin d\u2019ameublement.<\/p>\n<p><strong>\u00ab\u00a080% des futures implantations d\u00e9j\u00e0 act\u00e9es\u00a0\u00bb<\/strong><\/p>\n<p>Quant \u00e0 Jennyfer, en liquidation judiciaire, le magasin fermera le 28 mai. Aucune nouvelle boutique ne pourra s\u2019installer \u00e0 cet emplacement avant la fin des d\u00e9marches l\u00e9gales. \u00a0\u00bb M\u00eame si certaines se positionnent d\u00e9j\u00e0 pour la reprise du local, qui repr\u00e9sente une des plus grandes surfaces sur cette partie du centre \u00ab\u00a0.<\/p>\n<p>Enfin, pour les locaux laiss\u00e9s vacants par Vans et Asics, avenue de l\u2019universit\u00e9, des discussions sont en cours pour y installer \u00ab\u00a0une offre de restauration in\u00e9dite et non pr\u00e9sente encore sur le site. 80% des nouvelles implantations pr\u00e9vues cette ann\u00e9e sont d\u00e9j\u00e0 act\u00e9es, le reste est encore en n\u00e9gociation. Toutes les arriv\u00e9es se feront au cours du dernier trimestre \u00ab\u00a0, pr\u00e9cise Michel Adamo.<\/p>\n<p>Malgr\u00e9 ces quelques remous, et \u00ab\u00a0un contexte global de consommation assez difficile\u00a0\u00bb, L\u2019Avenue 83 continue d\u2019attirer. Et ne faiblit pas en notori\u00e9t\u00e9. \u00a0\u00bb Nous avons toujours une forte demande pour nos locaux \u00ab\u00a0, affirme le directeur.<\/p>\n<p>Pour marquer les dix ans du centre, en 2026, une programmation festive et de nouvelles offres sont d\u00e9j\u00e0 en pr\u00e9paration. \u00ab\u00a0Avant ces c\u00e9l\u00e9brations, cet \u00e9t\u00e9 sera particuli\u00e8rement anim\u00e9 \u00ab\u00a0, promet la direction.<\/p>\n","protected":false},"excerpt":{"rendered":"\u00c7a bouge, du c\u00f4t\u00e9 de L\u2019Avenue 83! \u00c0 l\u2019approche de son 10e anniversaire, le centre commercial entame un&hellip;\n","protected":false},"author":2,"featured_media":138533,"comment_status":"","ping_status":"","sticky":false,"template":"","format":"standard","meta":{"footnotes":""},"categories":[9619],"tags":[1111,11,215,33,1777,674,1011,27,12,882,25,2310],"class_list":{"0":"post-138532","1":"post","2":"type-post","3":"status-publish","4":"format-standard","5":"has-post-thumbnail","7":"category-toulon","8":"tag-actu","9":"tag-actualites","10":"tag-commerce","11":"tag-economie","12":"tag-eu","13":"tag-europe","14":"tag-fr","15":"tag-france","16":"tag-news","17":"tag-provence-alpes-cote-dazur","18":"tag-republique-francaise","19":"tag-toulon"},"share_on_mastodon":{"url":"https:\/\/pubeurope.com\/@fr\/114595167143373635","error":""},"_links":{"self":[{"href":"https:\/\/www.europesays.com\/fr\/wp-json\/wp\/v2\/posts\/138532","targetHints":{"allow":["GET"]}}],"collection":[{"href":"https:\/\/www.europesays.com\/fr\/wp-json\/wp\/v2\/posts"}],"about":[{"href":"https:\/\/www.europesays.com\/fr\/wp-json\/wp\/v2\/types\/post"}],"author":[{"embeddable":true,"href":"https:\/\/www.europesays.com\/fr\/wp-json\/wp\/v2\/users\/2"}],"replies":[{"embeddable":true,"href":"https:\/\/www.europesays.com\/fr\/wp-json\/wp\/v2\/comments?post=138532"}],"version-history":[{"count":0,"href":"https:\/\/www.europesays.com\/fr\/wp-json\/wp\/v2\/posts\/138532\/revisions"}],"wp:featuredmedia":[{"embeddable":true,"href":"https:\/\/www.europesays.com\/fr\/wp-json\/wp\/v2\/media\/138533"}],"wp:attachment":[{"href":"https:\/\/www.europesays.com\/fr\/wp-json\/wp\/v2\/media?parent=138532"}],"wp:term":[{"taxonomy":"category","embeddable":true,"href":"https:\/\/www.europesays.com\/fr\/wp-json\/wp\/v2\/categories?post=138532"},{"taxonomy":"post_tag","embeddable":true,"href":"https:\/\/www.europesays.com\/fr\/wp-json\/wp\/v2\/tags?post=138532"}],"curies":[{"name":"wp","href":"https:\/\/api.w.org\/{rel}","templated":true}]}}